{"id":74590,"date":"2022-07-15T10:39:37","date_gmt":"2022-07-15T13:39:37","guid":{"rendered":"https:\/\/catolicanet.net\/wp-cnet\/?p=74590"},"modified":"2022-07-15T11:40:59","modified_gmt":"2022-07-15T14:40:59","slug":"santa-ana-e-sao-joaquim-o-que-podemos-aprender-com-os-avos-de-jesus","status":"publish","type":"post","link":"https:\/\/catolicanet.net\/wp-cnet\/santa-ana-e-sao-joaquim-o-que-podemos-aprender-com-os-avos-de-jesus\/","title":{"rendered":"Santa Ana e S\u00e3o Joaquim: o que podemos aprender com os av\u00f3s de Jesus"},"content":{"rendered":"<h2 class=\"subtitle\" style=\"text-align: justify;\">S\u00e3o Joaquim e Santa Ana foram, no seu tempo e nas circunst\u00e2ncias hist\u00f3ricas concretas, um elo precioso do projeto da salva\u00e7\u00e3o da humanidade<\/h2>\n<p style=\"text-align: justify;\">Desde a antiguidade foi prometida uma descend\u00eancia a Davi, que dele viria o Salvador. Ao longo dos s\u00e9culos, toda a tribo de Jud\u00e1 \u2013 os descendentes de Davi \u2013 esperava o Salvador que dela viria. Na consuma\u00e7\u00e3o dos tempos Jesus, por obra do Esp\u00edrito Santo, foi gerado no ventre de Maria Sant\u00edssima, filha de Ana (do hebraico Hanna, Gra\u00e7a) e Joaquim (Jav\u00e9 prepara ou fortalece).<\/p>\n<p style=\"text-align: justify;\">Quando somos gerados no ventre materno, n\u00f3s o somos no pecado original, ou seja, no pecado das nossas origens. E qual \u00e9 nossa origem? Ad\u00e3o e Eva. De que maneira o pecado de Ad\u00e3o se tornou o pecado de todos os seus descendentes? Vejamos.<\/p>\n<p style=\"text-align: justify;\">\u201cO g\u00eanero humano inteiro \u00e9 em Ad\u00e3o como \u201cum s\u00f3 corpo de um s\u00f3 homem\u201d. Em virtude desta \u201cunidade do g\u00eanero humano\u201d, todos os homens est\u00e3o implicados no pecado de Ad\u00e3o (\u2026). Ad\u00e3o e Eva cometem um pecado pessoal, mas este pecado afeta a natureza humana, que v\u00e3o transmitir em um estado deca\u00eddo. \u00c9 um pecado que ser\u00e1 transmitido por propaga\u00e7\u00e3o \u00e0 humanidade inteira (\u2026) um pecado \u201ccontra\u00eddo\u201d e n\u00e3o \u201ccometido\u201d, um estado e n\u00e3o um ato\u201d (Catecismo da Igreja Cat\u00f3lica, \u00a7 404)<\/p>\n<p style=\"text-align: justify;\">Ora, se Jesus foi concebido sem pecado, pois Deus n\u00e3o peca, sua concep\u00e7\u00e3o s\u00f3 poderia acontecer em um ventre puro, sem pecado. E isto aconteceu no de sua Santa M\u00e3e Maria, concebida sem pecado.<\/p>\n<div class=\"wp-block-aleteia-heading3\" style=\"text-align: justify;\">\n<h3>Como Maria foi gerada sem o pecado original?<\/h3>\n<\/div>\n<p style=\"text-align: justify;\">Este milagre aconteceu com Ana, casada com Joaquim, descendente da fam\u00edlia real de Davi. Ali Deus, em sua onipot\u00eancia, reservou para si um ventre capaz de conceber aquela que, t\u00e3o pura quanto os pais, fosse capaz de gerar em si o pr\u00f3prio Deus. Quanta gra\u00e7a e quanto milagre em uma fam\u00edlia como a Ana e Joaquim! Pai, m\u00e3e e filha repletos da gra\u00e7a de Deus!<\/p>\n<p style=\"text-align: justify;\">Embora n\u00e3o tenhamos not\u00edcias sobre os av\u00f3s de Jesus no Novo Testamento, \u00e9 poss\u00edvel conhec\u00ea-los no Proto-Evangelho de Tiago, do s\u00e9culo II. Joaquim teria nascido na Galileia e Ana, est\u00e9ril, em Bel\u00e9m. Quando se casaram foram morar em Jerusal\u00e9m e viveram uma vida de muito temor a Deus. Como n\u00e3o tinham filhos, Joaquim era publicamente debochado, pois n\u00e3o ter filhos era considerado na \u00e9poca uma puni\u00e7\u00e3o de Deus pela sua inutilidade. O Senhor ent\u00e3o os aben\u00e7oou com o nascimento da Virgem Maria e, tamb\u00e9m segundo a antiga tradi\u00e7\u00e3o, ambos j\u00e1 eram de idade quando receberam esta gra\u00e7a.<\/p>\n<p style=\"text-align: justify;\">A hist\u00f3ria de Joaquim e Ana se assemelha \u00e0 hist\u00f3ria de Abra\u00e3o e Sara. Ambos eram est\u00e9reis e, gra\u00e7as \u00e0 benevol\u00eancia de Deus, geraram j\u00e1 na velhice. A semelhan\u00e7a n\u00e3o para por a\u00ed.\u00a0<em>\u201cQuando, por\u00e9m, chegou a plenitude do tempo, enviou Deus seu Filho, nascido de uma mulher, nascido sob a Lei, para remir os que estavam sob a Lei, a fim de que receb\u00eassemos a ado\u00e7\u00e3o filial\u201d<\/em>\u00a0(Gl 4,4-5). Deus visitou seu povo, cumpriu as promessas feitas a Abra\u00e3o e \u00e0 sua descend\u00eancia.<\/p>\n<div class=\"wp-block-aleteia-heading3\" style=\"text-align: justify;\">\n<h3>O que podemos aprender com a hist\u00f3ria dos av\u00f3s de Jesus?<\/h3>\n<\/div>\n<p style=\"text-align: justify;\">Na Sagrada Escritura a velhice \u00e9 circundada de venera\u00e7\u00e3o (2 Mac 6, 23). O justo n\u00e3o pede para ser privado da velhice e do seu peso; ao contr\u00e1rio, ele reza assim:\u00a0<em>\u201cV\u00f3s sois a minha esperan\u00e7a, a minha confian\u00e7a, Senhor, desde a minha juventude\u2026 Agora, na velhice e na decrepitude, n\u00e3o me abandoneis, \u00f3 Deus, para que eu narre \u00e0s gera\u00e7\u00f5es a for\u00e7a do vosso bra\u00e7o, o vosso poder a todos os que h\u00e3o-de vir\u201d<\/em>\u00a0(Sl 71 [70], 5-18). O idoso recorda a todos, e de maneira especial aos jovens, que a vida \u00e9 uma curva, com um in\u00edcio e um fim: Os santos Joaquim e Ana, para experimentar a sua plenitude, d\u00e3o-nos refer\u00eancia de valores, n\u00e3o ef\u00eameros nem superficiais, mas s\u00f3lidos e profundos.<\/p>\n<p style=\"text-align: justify;\">Neste m\u00eas de julho celebramos Sant\u2019Ana e S\u00e3o Joaquim. \u00c9 um m\u00eas especial para nos lembrarmos dos av\u00f3s e idosos. Em 2021, com uma men\u00e7\u00e3o honrosa, Papa Francisco instituiu o \u201cDia Mundial dos Av\u00f3s e dos Idosos\u201d, celebrado no \u00faltimo domingo de julho. O Santo Padre, em seus discursos, nos exorta: \u201cTal recorda\u00e7\u00e3o deve inspirar-nos que nunca deixemos de olhar, cuidar, integrar e aprender com os nossos idosos (\u2026) os jovens t\u00eam obriga\u00e7\u00e3o de escutar e aprender com os seus av\u00f3s: esta rela\u00e7\u00e3o, este di\u00e1logo entre as gera\u00e7\u00f5es \u00e9 um tesouro que deve ser conservado e alimentado (\u2026)\u00a0<em>\u201cLembrai-vos dos vossos guias que vos pregaram a palavra de Deus. Considerai como eles souberam encerrar a carreira. E imitai a sua f\u00e9\u201d<\/em>\u00a0(Hb 13, 7). (\u2026) A mem\u00f3ria dos nossos antepassados leva-nos \u00e0 imita\u00e7\u00e3o da f\u00e9. \u00c9 verdade, \u00e0s vezes a velhice \u00e9 um pouco desagrad\u00e1vel devido \u00e0s doen\u00e7as que comporta. Mas, a sabedoria dos nossos av\u00f3s \u00e9 a heran\u00e7a que n\u00f3s devemos receber\u201d.<\/p>\n<div class=\"wp-block-aleteia-heading3\" style=\"text-align: justify;\">\n<h3>Elos da salva\u00e7\u00e3o<\/h3>\n<\/div>\n<p style=\"text-align: justify;\">Nossa Senhora recebeu no lar formado por seus pais todo o tesouro das tradi\u00e7\u00f5es da Casa de Davi que passavam de uma gera\u00e7\u00e3o para outra; foi nele que aprendeu a dirigir-se a Deus com imensa piedade e conheceu as profecias relativas \u00e0 chegada do Messias. S\u00e3o Joaquim e Santa Ana foram, no seu tempo e nas circunst\u00e2ncias hist\u00f3ricas concretas, um elo precioso do projeto da salva\u00e7\u00e3o da humanidade. Os av\u00f3s s\u00e3o importantes na vida da fam\u00edlia para comunicar o patrim\u00f4nio de humanidade e de f\u00e9 que \u00e9 essencial para qualquer sociedade. E como \u00e9 importante o encontro e o di\u00e1logo entre as gera\u00e7\u00f5es, principalmente dentro da fam\u00edlia.<\/p>\n<p style=\"text-align: justify;\">\u201cFar-nos-\u00e1 bem pensar nos numerosos idosos e idosas nas casas de repouso e tamb\u00e9m naqueles que \u2014 esta palavra \u00e9 feia, mas digamo-la \u2014 s\u00e3o abandonados pelos seus entes queridos (\u2026). Oremos por eles para que sejam coerentes at\u00e9 o fim. Este \u00e9 o papel dos idosos, este \u00e9 o tesouro. Oremos pelos nossos av\u00f3s que muitas vezes desempenharam um papel heroico na transmiss\u00e3o da f\u00e9 em tempos de persegui\u00e7\u00e3o (\u2026) Um povo que n\u00e3o protege os av\u00f3s, um povo que n\u00e3o respeita os av\u00f3s n\u00e3o tem futuro porque n\u00e3o tem mem\u00f3ria, perdeu a mem\u00f3ria\u201d. (Discurso do Papa Francisco em novembro de 2013).<\/p>\n<p style=\"text-align: justify;\">Que estas palavras do Papa Francisco nos fa\u00e7am refletir a respeito do valor que damos aos nossos av\u00f3s. Valorizemos nossos av\u00f3s e idosos, porque eles s\u00e3o os privilegiados transmissores da nossa f\u00e9. Convido voc\u00ea a rezar pelos av\u00f3s do mundo inteiro pedindo a intercess\u00e3o dos av\u00f3s de Jesus, S\u00e3o Joaquim e Sant\u2019Ana:\u00a0<a href=\"https:\/\/hozana.org\/pt\/comunidade\/11109-novena-pelos-avos-com-sao-joaquim-e-sant-ana\" target=\"_blank\" rel=\"noopener\">clique aqui para se inscrever na novena<\/a>. Que Deus nos ilumine e fortale\u00e7a as nossas fam\u00edlias pela intercess\u00e3o de Sant\u2019Ana e S\u00e3o Joaquim.<\/p>\n<p style=\"text-align: justify;\"><em>\u00a0 Wellington de Almeida Alkmin, pelo Hozana<\/em><\/p>\n","protected":false},"excerpt":{"rendered":"<p>S\u00e3o Joaquim e Santa Ana foram, no seu tempo e nas circunst\u00e2ncias hist\u00f3ricas concretas, um elo precioso do projeto da salva\u00e7\u00e3o da humanidade Desde a antiguidade foi prometida uma descend\u00eancia a Davi, que dele viria o Salvador. Ao longo dos s\u00e9culos, toda a tribo de Jud\u00e1 \u2013 os descendentes de Davi \u2013 esperava o Salvador [&hellip;]<\/p>\n","protected":false},"author":1,"featured_media":74591,"comment_status":"open","ping_status":"closed","sticky":false,"template":"","format":"standard","meta":{"footnotes":""},"categories":[4],"tags":[],"class_list":["post-74590","post","type-post","status-publish","format-standard","has-post-thumbnail","hentry","category-cotidiano"],"_links":{"self":[{"href":"https:\/\/catolicanet.net\/wp-cnet\/wp-json\/wp\/v2\/posts\/74590","targetHints":{"allow":["GET"]}}],"collection":[{"href":"https:\/\/catolicanet.net\/wp-cnet\/wp-json\/wp\/v2\/posts"}],"about":[{"href":"https:\/\/catolicanet.net\/wp-cnet\/wp-json\/wp\/v2\/types\/post"}],"author":[{"embeddable":true,"href":"https:\/\/catolicanet.net\/wp-cnet\/wp-json\/wp\/v2\/users\/1"}],"replies":[{"embeddable":true,"href":"https:\/\/catolicanet.net\/wp-cnet\/wp-json\/wp\/v2\/comments?post=74590"}],"version-history":[{"count":1,"href":"https:\/\/catolicanet.net\/wp-cnet\/wp-json\/wp\/v2\/posts\/74590\/revisions"}],"predecessor-version":[{"id":74592,"href":"https:\/\/catolicanet.net\/wp-cnet\/wp-json\/wp\/v2\/posts\/74590\/revisions\/74592"}],"wp:featuredmedia":[{"embeddable":true,"href":"https:\/\/catolicanet.net\/wp-cnet\/wp-json\/wp\/v2\/media\/74591"}],"wp:attachment":[{"href":"https:\/\/catolicanet.net\/wp-cnet\/wp-json\/wp\/v2\/media?parent=74590"}],"wp:term":[{"taxonomy":"category","embeddable":true,"href":"https:\/\/catolicanet.net\/wp-cnet\/wp-json\/wp\/v2\/categories?post=74590"},{"taxonomy":"post_tag","embeddable":true,"href":"https:\/\/catolicanet.net\/wp-cnet\/wp-json\/wp\/v2\/tags?post=74590"}],"curies":[{"name":"wp","href":"https:\/\/api.w.org\/{rel}","templated":true}]}}