{"id":74586,"date":"2022-07-15T10:37:24","date_gmt":"2022-07-15T13:37:24","guid":{"rendered":"https:\/\/catolicanet.net\/wp-cnet\/?p=74586"},"modified":"2022-07-15T11:38:27","modified_gmt":"2022-07-15T14:38:27","slug":"como-seria-sua-vida-se-voce-se-sentisse-livre-para-fazer-o-que-quiser","status":"publish","type":"post","link":"https:\/\/catolicanet.net\/wp-cnet\/como-seria-sua-vida-se-voce-se-sentisse-livre-para-fazer-o-que-quiser\/","title":{"rendered":"Como seria sua vida se voc\u00ea se sentisse livre para fazer o que quiser?"},"content":{"rendered":"<h2 class=\"subtitle\" style=\"text-align: justify;\">Voc\u00ea pode ser livre, pois n\u00e3o nasceu para ser o que os outros desejam que voc\u00ea seja<\/h2>\n<p style=\"text-align: justify;\">Voc\u00ea j\u00e1 parou para pensar como seria sua vida se voc\u00ea realmente se sentisse livre para fazer o que quiser?<\/p>\n<p style=\"text-align: justify;\">Ser\u00e1 que voc\u00ea estaria onde est\u00e1? Mudaria de emprego? De profiss\u00e3o? De cidade? Como voc\u00ea seria? Como agiria se n\u00e3o se preocupasse tanto com o olhar dos outros e seguisse aquilo que tem dentro de voc\u00ea? Se n\u00e3o esperasse constantemente por uma valida\u00e7\u00e3o externa e se despisse da no\u00e7\u00e3o de certo ou errado que a sociedade imp\u00f5e? Como seria se voc\u00ea simplesmente ouvisse o seu cora\u00e7\u00e3o?<\/p>\n<p style=\"text-align: justify;\">Voc\u00ea j\u00e1 imaginou como seria sua vida se o seu medo n\u00e3o te aprisionasse? Se voc\u00ea olhasse pra ele e dissesse: \u201cvamos caminhar juntos, mas vamos\u201d. J\u00e1 pensou sobre o que voc\u00ea gostaria de falar, com o que gostaria de trabalhar?<\/p>\n<p style=\"text-align: justify;\">Voc\u00ea j\u00e1 pensou sobre todas essas quest\u00f5es?\u00a0Pois pense! E entenda que voc\u00ea pode ser livre, porque n\u00e3o nasceu para ser o que os outros desejam que voc\u00ea seja \u2013 que pode retirar os r\u00f3tulos que te impuseram e que hoje s\u00e3o um peso para voc\u00ea.<\/p>\n<p style=\"text-align: justify;\">Mas, para isso, eu desejo que voc\u00ea se conhe\u00e7a e busque por autoconhecimento. Eu desejo do fundo do meu cora\u00e7\u00e3o que\u00a0voc\u00ea saiba do que voc\u00ea gosta e aquilo que n\u00e3o te serve mais. \u00c9 um baita erro viver \u00e0 sombra dos outros. Tamb\u00e9m \u00e9 um baita erro ignorar quem voc\u00ea sonhou ser de verdade.<\/p>\n<div class=\"wp-block-aleteia-heading3\" style=\"text-align: justify;\">\n<h3>Liberdade com prop\u00f3sito<\/h3>\n<\/div>\n<p style=\"text-align: justify;\">Que voc\u00ea seja fiel \u00e0 pessoa mais importante da sua vida, que \u00e9 voc\u00ea.<\/p>\n<p style=\"text-align: justify;\">E que SEJA QUEM VOC\u00ca QUISER, com PROP\u00d3SITO.<\/p>\n<p style=\"text-align: justify;\">Nunca se esque\u00e7a: tudo \u00e9 poss\u00edvel para quem acredita que pode ser o que quiser, e que Deus pode realizar coisas que voc\u00ea jamais imaginou um dia. Descubra e viva o seu prop\u00f3sito com orgulho e com fidelidade. Porque quando voc\u00ea chegar ao final da vida, \u00e9 isso que estar\u00e1 eternizado em seu cora\u00e7\u00e3o. Mas, acima de tudo, que voc\u00ea possa se orgulhar de si mesmo, e dizer: \u201cEu n\u00e3o\u00a0me arrependo de absolutamente nada. Eu vivi da forma mais extraordin\u00e1ria que eu pude. Amei, senti dor, recomecei, e vivi o meu prop\u00f3sito. Por isso, estou em paz.\u201d<\/p>\n<p style=\"text-align: justify;\"><em>Quer aprender a como descobrir seu prop\u00f3sito na vida?\u00a0<a href=\"https:\/\/www.instagram.com\/psico.talitarodrigues\/\" target=\"_blank\" rel=\"noopener\">Clique aqui<\/a>\u00a0e siga a psic\u00f3loga Talita Rodrigues no Instagram<\/em><\/p>\n","protected":false},"excerpt":{"rendered":"<p>Voc\u00ea pode ser livre, pois n\u00e3o nasceu para ser o que os outros desejam que voc\u00ea seja Voc\u00ea j\u00e1 parou para pensar como seria sua vida se voc\u00ea realmente se sentisse livre para fazer o que quiser? Ser\u00e1 que voc\u00ea estaria onde est\u00e1? Mudaria de emprego? De profiss\u00e3o? De cidade? Como voc\u00ea seria? Como agiria [&hellip;]<\/p>\n","protected":false},"author":1,"featured_media":74587,"comment_status":"open","ping_status":"closed","sticky":false,"template":"","format":"standard","meta":{"footnotes":""},"categories":[4],"tags":[],"class_list":["post-74586","post","type-post","status-publish","format-standard","has-post-thumbnail","hentry","category-cotidiano"],"_links":{"self":[{"href":"https:\/\/catolicanet.net\/wp-cnet\/wp-json\/wp\/v2\/posts\/74586","targetHints":{"allow":["GET"]}}],"collection":[{"href":"https:\/\/catolicanet.net\/wp-cnet\/wp-json\/wp\/v2\/posts"}],"about":[{"href":"https:\/\/catolicanet.net\/wp-cnet\/wp-json\/wp\/v2\/types\/post"}],"author":[{"embeddable":true,"href":"https:\/\/catolicanet.net\/wp-cnet\/wp-json\/wp\/v2\/users\/1"}],"replies":[{"embeddable":true,"href":"https:\/\/catolicanet.net\/wp-cnet\/wp-json\/wp\/v2\/comments?post=74586"}],"version-history":[{"count":1,"href":"https:\/\/catolicanet.net\/wp-cnet\/wp-json\/wp\/v2\/posts\/74586\/revisions"}],"predecessor-version":[{"id":74588,"href":"https:\/\/catolicanet.net\/wp-cnet\/wp-json\/wp\/v2\/posts\/74586\/revisions\/74588"}],"wp:featuredmedia":[{"embeddable":true,"href":"https:\/\/catolicanet.net\/wp-cnet\/wp-json\/wp\/v2\/media\/74587"}],"wp:attachment":[{"href":"https:\/\/catolicanet.net\/wp-cnet\/wp-json\/wp\/v2\/media?parent=74586"}],"wp:term":[{"taxonomy":"category","embeddable":true,"href":"https:\/\/catolicanet.net\/wp-cnet\/wp-json\/wp\/v2\/categories?post=74586"},{"taxonomy":"post_tag","embeddable":true,"href":"https:\/\/catolicanet.net\/wp-cnet\/wp-json\/wp\/v2\/tags?post=74586"}],"curies":[{"name":"wp","href":"https:\/\/api.w.org\/{rel}","templated":true}]}}