{"id":74569,"date":"2022-07-15T09:40:07","date_gmt":"2022-07-15T12:40:07","guid":{"rendered":"https:\/\/catolicanet.net\/wp-cnet\/?p=74569"},"modified":"2022-07-15T10:42:23","modified_gmt":"2022-07-15T13:42:23","slug":"francisco-scalfari-o-talento-de-um-leigo-fascinado-pelo-divino","status":"publish","type":"post","link":"https:\/\/catolicanet.net\/wp-cnet\/francisco-scalfari-o-talento-de-um-leigo-fascinado-pelo-divino\/","title":{"rendered":"Francisco: Scalfari, o talento de um leigo fascinado pelo divino"},"content":{"rendered":"<figure class=\"article__image\" style=\"text-align: justify;\"><span class=\"didascalia_img\">Eugenio Scalfari, cr\u00e9ditos Francesca Marchi (Francesca Marchi)\u00a0 (Francesca Marchi)<\/span><\/figure>\n<div class=\"article__meta audioInside\" data-mediatype=\"\">\n<div class=\"article__subTitle\" style=\"text-align: justify;\">Numa p\u00e1gina publicada nos jornais La Repubblica e La Stampa, o Papa recorda sua amizade com o jornalista falecido, marcada por encontros estimulantes pela intensidade dos temas abordados, desde os horizontes da humanidade ao mist\u00e9rio insond\u00e1vel da f\u00e9, partilhados com &#8220;um homem de extraordin\u00e1ria intelig\u00eancia e capacidade de escuta&#8221;.<\/div>\n<div class=\"title__separator\" style=\"text-align: justify;\"><\/div>\n<div class=\"article__text \">\n<p style=\"text-align: justify;\"><b>Alessandro De Carolis \u2013 Vatican News<\/b><\/p>\n<p style=\"text-align: justify;\">&#8220;Eugenio foi um intelectual aberto \u00e0 contemporaneidade, corajoso, transparente em contar seus medos, nunca nost\u00e1lgico do passado glorioso, mas projetado para frente, com uma pitada de desilus\u00e3o, mas tamb\u00e9m grandes esperan\u00e7as de um mundo melhor.&#8221; Tr\u00eas linhas mostram o retrato de um homem e sua interioridade. Este \u00e9 Eugenio Scalfari segundo a lembran\u00e7a que permaneceu impressa no Papa Francisco, a de um &#8220;amigo fiel&#8221; com quem trocar reflex\u00f5es sobre os grandes temas da conting\u00eancia humana e da eternidade de Deus, sobre as coisas terrenas e as da alma.<\/p>\n<div style=\"text-align: justify;\">\n<div class=\"article__embed article__embed--unwrap article__embed--dark\">\n<div class=\"article__innerTitle\">Ou\u00e7a e compartilhe<\/div>\n<div>\n<!--[if lt IE 9]><script>document.createElement('audio');<\/script><![endif]-->\n<audio class=\"wp-audio-shortcode\" id=\"audio-74569-1\" preload=\"none\" style=\"width: 100%;\" controls=\"controls\"><source type=\"audio\/mpeg\" src=\"https:\/\/media.vaticannews.va\/media\/audio\/s1\/2022\/07\/15\/11\/136643529_F136643529.mp3?_=1\" \/><a href=\"https:\/\/media.vaticannews.va\/media\/audio\/s1\/2022\/07\/15\/11\/136643529_F136643529.mp3\">https:\/\/media.vaticannews.va\/media\/audio\/s1\/2022\/07\/15\/11\/136643529_F136643529.mp3<\/a><\/audio>\n<\/div>\n<\/div>\n<\/div>\n<h2 style=\"text-align: justify;\">Compara\u00e7\u00f5es pr\u00f3ximas<\/h2>\n<p style=\"text-align: justify;\">O Papa recorda sua amizade com o jornalista falecido, nesta segunda-feira (14\/07), aos 98 anos, nos textos de Paolo Rodari jornalista de La Repubblica, e de Domenico Agasso do jornal La Stampa, publicados nesta sexta-feira (14\/07). Scalfari fundou o jornal La Repubblica, em 1976, e o dirigiu por 20 anos, transformando-o num ponto de refer\u00eancia na informa\u00e7\u00e3o italiana. Nas colunas desses dois jornais, Francisco recorda os encontros na Casa Santa Marta quando o jornalista, &#8220;que dizia ser c\u00e9tico&#8221;, contou como estava tentando entender o sentido da exist\u00eancia e da vida, analisando o cotidiano e o futuro atrav\u00e9s da medita\u00e7\u00e3o sobre experi\u00eancias e grandes leituras&#8221;. Uma conversa intensa com Scalfari no papel de explorador que &#8220;sempre se perguntava sobre a presen\u00e7a de Deus, sobre as coisas \u00faltimas&#8221;, igualmente pronto para refletir &#8220;profundamente tamb\u00e9m sobre o significado da f\u00e9&#8221;.<\/p>\n<h2 style=\"text-align: justify;\">Um entusiasta \u00e1vido por conhecimento<\/h2>\n<p style=\"text-align: justify;\">O Papa refere-se a conversas &#8220;agrad\u00e1veis e intensas&#8221;. Os &#8220;minutos com ele passavam rapidamente, marcados pelo confronto sereno das respectivas opini\u00f5es e pela partilha de nossos pensamentos e ideias, e tamb\u00e9m por momentos de alegria&#8221;. No di\u00e1logo tamb\u00e9m havia espa\u00e7o para a vida cotidiana e os temas dos &#8220;grandes horizontes da humanidade do presente e do futuro, da escurid\u00e3o que pode envolver o ser humano e da luz divina que pode iluminar o caminho&#8221;. Interc\u00e2mbios partilhados com &#8220;um homem de extraordin\u00e1ria intelig\u00eancia e capacidade de escuta&#8221;, \u00e1vido &#8220;pelo conhecimento e por testemunhos que pudessem enriquecer a compreens\u00e3o da modernidade&#8221;, um &#8220;entusiasta e apaixonado por seu trabalho de jornalista&#8221;, cujo percurso profissional &#8220;muitos de seus colaboradores e sucessores est\u00e3o seguindo&#8221;.<\/p>\n<h2 style=\"text-align: justify;\">Sens\u00edvel \u00e0 atra\u00e7\u00e3o de Deus<\/h2>\n<p style=\"text-align: justify;\">Na mem\u00f3ria do Papa permanece viva a percep\u00e7\u00e3o da curiosidade de Scalfari sobre a escolha de seu nome Francisco, sobre seu &#8220;trabalho de pastor universal da Igreja &#8220;, sobre o compromisso da Igreja com o di\u00e1logo inter-religioso e ecum\u00eanico, sobre o mist\u00e9rio de Deus como &#8220;fonte de paz e fonte de caminhos de fraternidade concreta&#8221; entre pessoas, na\u00e7\u00f5es e povos. Interesses sobre os quais o fundador de La Repubblica, observa o Papa, &#8220;raciocinava em voz alta&#8221; mesmo em seus artigos, entrela\u00e7ando-os com o fasc\u00ednio despertado nele &#8220;por v\u00e1rias quest\u00f5es teol\u00f3gicas, como o misticismo na religi\u00e3o cat\u00f3lica e a passagem do G\u00eanesis em que se diz que o homem \u00e9 criado \u00e0 imagem e semelhan\u00e7a de Deus, e pela composi\u00e7\u00e3o e caracter\u00edsticas das popula\u00e7\u00f5es que habitar\u00e3o a Casa comum nas pr\u00f3ximas d\u00e9cadas&#8221;.<\/p>\n<h2 style=\"text-align: justify;\">Uma recorda\u00e7\u00e3o preciosa<\/h2>\n<p style=\"text-align: justify;\">Ao dizer que est\u00e1 pr\u00f3ximo da dor da fam\u00edlia e de quem o conheceu, Francisco conclui: &#8220;A partir de hoje vou guardar ainda mais no cora\u00e7\u00e3o a bela e preciosa lembran\u00e7a das conversas que tive com Eugenio, que aconteceram durante esses anos de pontificado. Rezo por ele e pelo consolo dos que choram por ele. Confio sua alma a Deus, por toda a eternidade.&#8221;<\/p>\n<\/div>\n<\/div>\n","protected":false},"excerpt":{"rendered":"<p>Eugenio Scalfari, cr\u00e9ditos Francesca Marchi (Francesca Marchi)\u00a0 (Francesca Marchi) Numa p\u00e1gina publicada nos jornais La Repubblica e La Stampa, o Papa recorda sua amizade com o jornalista falecido, marcada por encontros estimulantes pela intensidade dos temas abordados, desde os horizontes da humanidade ao mist\u00e9rio insond\u00e1vel da f\u00e9, partilhados com &#8220;um homem de extraordin\u00e1ria intelig\u00eancia e [&hellip;]<\/p>\n","protected":false},"author":1,"featured_media":74570,"comment_status":"open","ping_status":"closed","sticky":false,"template":"","format":"standard","meta":{"footnotes":""},"categories":[3],"tags":[],"class_list":["post-74569","post","type-post","status-publish","format-standard","has-post-thumbnail","hentry","category-vaticano"],"_links":{"self":[{"href":"https:\/\/catolicanet.net\/wp-cnet\/wp-json\/wp\/v2\/posts\/74569","targetHints":{"allow":["GET"]}}],"collection":[{"href":"https:\/\/catolicanet.net\/wp-cnet\/wp-json\/wp\/v2\/posts"}],"about":[{"href":"https:\/\/catolicanet.net\/wp-cnet\/wp-json\/wp\/v2\/types\/post"}],"author":[{"embeddable":true,"href":"https:\/\/catolicanet.net\/wp-cnet\/wp-json\/wp\/v2\/users\/1"}],"replies":[{"embeddable":true,"href":"https:\/\/catolicanet.net\/wp-cnet\/wp-json\/wp\/v2\/comments?post=74569"}],"version-history":[{"count":1,"href":"https:\/\/catolicanet.net\/wp-cnet\/wp-json\/wp\/v2\/posts\/74569\/revisions"}],"predecessor-version":[{"id":74571,"href":"https:\/\/catolicanet.net\/wp-cnet\/wp-json\/wp\/v2\/posts\/74569\/revisions\/74571"}],"wp:featuredmedia":[{"embeddable":true,"href":"https:\/\/catolicanet.net\/wp-cnet\/wp-json\/wp\/v2\/media\/74570"}],"wp:attachment":[{"href":"https:\/\/catolicanet.net\/wp-cnet\/wp-json\/wp\/v2\/media?parent=74569"}],"wp:term":[{"taxonomy":"category","embeddable":true,"href":"https:\/\/catolicanet.net\/wp-cnet\/wp-json\/wp\/v2\/categories?post=74569"},{"taxonomy":"post_tag","embeddable":true,"href":"https:\/\/catolicanet.net\/wp-cnet\/wp-json\/wp\/v2\/tags?post=74569"}],"curies":[{"name":"wp","href":"https:\/\/api.w.org\/{rel}","templated":true}]}}