{"id":74565,"date":"2022-07-15T09:29:35","date_gmt":"2022-07-15T12:29:35","guid":{"rendered":"https:\/\/catolicanet.net\/wp-cnet\/?p=74565"},"modified":"2022-07-15T10:38:57","modified_gmt":"2022-07-15T13:38:57","slug":"francisco-um-martirio-na-ucrania-nao-o-esquecamos","status":"publish","type":"post","link":"https:\/\/catolicanet.net\/wp-cnet\/francisco-um-martirio-na-ucrania-nao-o-esquecamos\/","title":{"rendered":"Francisco: um mart\u00edrio na Ucr\u00e2nia, n\u00e3o o esque\u00e7amos"},"content":{"rendered":"<p style=\"text-align: justify;\">Audi\u00eancia do Papa a tr\u00eas Congrega\u00e7\u00f5es reunidas em Cap\u00edtulo<\/p>\n<div class=\"article__subTitle\" style=\"text-align: justify;\">Francisco interrompeu sua pausa de ver\u00e3o para receber numa \u00fanica audi\u00eancia os participantes de tr\u00eas Cap\u00edtulos em andamento em Roma. A eles, indicou o crit\u00e9rio essencial do discernimento: a evangeliza\u00e7\u00e3o. Mais uma vez manifestou sua solidariedade ao povo ucraniano e recomendou aos religiosos: toler\u00e2ncia zero na quest\u00e3o dos abusos.<\/div>\n<div class=\"title__separator\" style=\"text-align: justify;\"><\/div>\n<div class=\"article__text \">\n<div style=\"text-align: justify;\">\n<div class=\"article__embed article__embed--unwrap article__embed--dark\">\n<div class=\"article__innerTitle\">Ou\u00e7a a reportagem com a voz do Papa<\/div>\n<div>\n<!--[if lt IE 9]><script>document.createElement('audio');<\/script><![endif]-->\n<audio class=\"wp-audio-shortcode\" id=\"audio-74565-1\" preload=\"none\" style=\"width: 100%;\" controls=\"controls\"><source type=\"audio\/mpeg\" src=\"https:\/\/media.vaticannews.va\/media\/audio\/s1\/2022\/07\/14\/13\/136642631_F136642631.mp3?_=1\" \/><a href=\"https:\/\/media.vaticannews.va\/media\/audio\/s1\/2022\/07\/14\/13\/136642631_F136642631.mp3\">https:\/\/media.vaticannews.va\/media\/audio\/s1\/2022\/07\/14\/13\/136642631_F136642631.mp3<\/a><\/audio>\n<\/div>\n<\/div>\n<\/div>\n<p style=\"text-align: justify;\"><b>Bianca Fraccalvieri &#8211; Vatican News<\/b><\/p>\n<p style=\"text-align: justify;\">O Papa Francisco quebrou o \u201cjejum\u201d das audi\u00eancias deste m\u00eas de julho recebendo esta quinta-feira os capitulares de tr\u00eas Congrega\u00e7\u00f5es religiosas: Ordem Basiliana de S\u00e3o Josafat, Ordem da M\u00e3e de Deus e Congrega\u00e7\u00e3o da Miss\u00e3o.<\/p>\n<p style=\"text-align: justify;\">N\u00e3o se trata de uma &#8220;salada de frutas&#8221; de institutos, brincou o Papa no in\u00edcio de sua sauda\u00e7\u00e3o, afirmando que esta foi a modalidade encontrada neste per\u00edodo em que est\u00e3o suspensas as audi\u00eancias no Vaticano. Mas que faz quest\u00e3o de receber os Cap\u00edtulos.<\/p>\n<h2 style=\"text-align: justify;\">Evangeliza\u00e7\u00e3o: crit\u00e9rio essencial<\/h2>\n<p style=\"text-align: justify;\">E foi justamente a experi\u00eancia capitular o tema do discurso do Santo Padre, que convidou os presentes a \u201csaborearem\u201d este momento que a pandemia impossibilitou durante tanto tempo. De fato, disse o Papa, isso deveria ajudar a n\u00e3o dar como certo o fato de poder se encontrar, confrontar-se olhando nos olhos e, sobretudo, rezar e ouvir juntos a Palavra e compartilhar a Eucaristia.<\/p>\n<p style=\"text-align: justify;\">O Cap\u00edtulo, prosseguiu Francisco, \u00e9 o momento do discernimento comunit\u00e1rio, uma das mais belas e fortes experi\u00eancias eclesiais. Com a ajuda do Esp\u00edrito Santo, busca-se ver em que medida foram fi\u00e9is ao carisma e que dire\u00e7\u00e3o seguir. &#8220;Se n\u00e3o tem o Esp\u00edrito num Cap\u00edtulo, fechem as portas e voltem para casa! O Esp\u00edrito deve ser quase o protagonista de um Cap\u00edtulo&#8221;, disse o Papa. Para isso, indicou o crit\u00e9rio essencial: a evangeliza\u00e7\u00e3o. Isto \u00e9, se as escolhas feitas, os m\u00e9todos, os instrumentos e os estilos de vida s\u00e3o orientados a testemunhar e anunciar o Evangelho. N\u00e3o obstante os carismas sejam diferentes, todos podem e devem cooperar para a evangeliza\u00e7\u00e3o. Citando a Evangelii Nutiandi de Paulo VI, o Pont\u00edfice recordou que a &#8220;voca\u00e7\u00e3o da Igreja \u00e9 evangelizar, a alegria da Igreja \u00e9 evangelizar&#8221;.<\/p>\n<p style=\"text-align: justify;\">Este chamado n\u00e3o diz respeito somente ao plano pessoal, como todo batizado, mas tamb\u00e9m de forma comunit\u00e1ria, com a vida fraterna. \u201cEsta \u00e9 a via mestra para mostrar a perten\u00e7a a Cristo\u201d, disse Francisco, reconhecendo, por\u00e9m, quanto seja dif\u00edcil. Inconceb\u00edvel para a mentalidade do mundo, a vida em comunidade requer uma atitude cotidiana de convers\u00e3o, de colocar-se em discuss\u00e3o e de vigil\u00e2ncia sobre as rigidezes.<\/p>\n<p style=\"text-align: justify;\">Mas sobretudo, indicou Francisco, requer humildade e simplicidade de cora\u00e7\u00e3o. Por n\u00e3o ser \u201cdons naturais\u201d, devem ser pedidos incessantemente a Deus. N\u00e3o se trata de manter rela\u00e7\u00f5es de fachada e sorrisos artificiais, mas de viver uma fraternidade livre. S\u00f3 assim, pode transparecer a verdadeira alegria: \u201cA alegria de ser de Cristo e de s\u00ea-lo juntos, com os nossos limites e os nossos pecados. Alegria de ser perdoados por Deus e compartilhar este perd\u00e3o com os irm\u00e3os. Esta alegria n\u00e3o se pode esconder, transparece! E \u00e9 contagiosa\u201d.<\/p>\n<div style=\"text-align: justify;\">\n<div class=\"article__embed article__embed--unwrap article__embed--photo\">\n<figure><picture><img decoding=\"async\" class=\"loaded\" src=\"https:\/\/www.vaticannews.va\/content\/dam\/vaticannews\/agenzie\/images\/srv\/2022\/07\/14\/2022-07-14-partecipanti-ai-capitoli-generale\/1657792055493.JPG\/_jcr_content\/renditions\/cq5dam.thumbnail.cropped.750.422.jpeg\" alt=\"O momento da sauda\u00e7\u00e3o\" data-original=\"\/content\/dam\/vaticannews\/agenzie\/images\/srv\/2022\/07\/14\/2022-07-14-partecipanti-ai-capitoli-generale\/1657792055493.JPG\/_jcr_content\/renditions\/cq5dam.thumbnail.cropped.750.422.jpeg\" data-was-processed=\"true\" \/><\/picture><\/figure>\n<div class=\"photo_embed--Title\">O momento da sauda\u00e7\u00e3o<\/div>\n<\/div>\n<\/div>\n<h2 style=\"text-align: justify;\">Cuidado com as fofocas<\/h2>\n<p style=\"text-align: justify;\">\u00c9 a alegria dos santos outro elemento importante de uma Congrega\u00e7\u00e3o. No caso dos capitulares presentes S\u00e3o Jo\u00e3o Leonardi, S\u00e3o Josafat e S\u00e3o Vicente de Paulo. Estes santos mostram a import\u00e2ncia de rezar e trabalhar. Foram evangelizadores, n\u00e3o proselitistas. Do ponto de vista da evangeliza\u00e7\u00e3o, n\u00e3o servem propostas m\u00edsticas sem compromisso social e mission\u00e1rio, nem pr\u00e1xis sociais e pastorais sem espiritualidade. \u201cN\u00e3o se nasce fundadores!\u201d, afirmou o Papa. Mas se torna por atra\u00e7\u00e3o: o santo n\u00e3o atrai para si, mas para o Senhor.<\/p>\n<p style=\"text-align: justify;\">Eis ent\u00e3o as palavras-chave: humildade, simplicidade de cora\u00e7\u00e3o e alegria. \u201cEste \u00e9 o caminho de uma fraternidade evangelizante. Imposs\u00edvel aos homens, mas n\u00e3o a Deus!\u201d O Papa mais uma vez alertou para as ins\u00eddias das fofocas, que destroem a alegria comunit\u00e1ria.<\/p>\n<h2 style=\"text-align: justify;\">Ucr\u00e2nia e abusos<\/h2>\n<p style=\"text-align: justify;\">Antes de concluir, Francisco dirigiu seu pensamento \u00e0 Ucr\u00e2nia, lugar de origem de S\u00e3o Josafat, membro da Ordem de S\u00e3o Bas\u00edlio. Neste momento de &#8220;dor e mart\u00edrio&#8221; da p\u00e1tria ucraniana, o Pont\u00edfice manifestou a sua solidariedade e a de toda a Igreja. Pediu mais uma vez que n\u00e3o nos habituemos \u00e0 guerra, afirmando que outro dia viu que a not\u00edcia sobre o conflito estava somente na p\u00e1gina 9 de um jornal. &#8220;Fa\u00e7o votos de que o Senhor tenha compaix\u00e3o e esteja pr\u00f3ximo com o dom da paz.&#8221;<\/p>\n<p style=\"text-align: justify;\">Por fim, uma mensagem importante, desta vez \u00e0s tr\u00eas congrega\u00e7\u00f5es.<\/p>\n<p style=\"text-align: justify;\">&#8220;Por favor, lembrem-se bem disto: toler\u00e2ncia zero com os abusos contra menores ou pessoas vulner\u00e1veis. Toler\u00e2ncia zero.&#8221; Este problema n\u00e3o se resolve com a transfer\u00eancia do abusador. Por isso encorajou: &#8220;N\u00e3o tenham vergonha de denunciar&#8221;.<\/p>\n<\/div>\n","protected":false},"excerpt":{"rendered":"<p>Audi\u00eancia do Papa a tr\u00eas Congrega\u00e7\u00f5es reunidas em Cap\u00edtulo Francisco interrompeu sua pausa de ver\u00e3o para receber numa \u00fanica audi\u00eancia os participantes de tr\u00eas Cap\u00edtulos em andamento em Roma. A eles, indicou o crit\u00e9rio essencial do discernimento: a evangeliza\u00e7\u00e3o. Mais uma vez manifestou sua solidariedade ao povo ucraniano e recomendou aos religiosos: toler\u00e2ncia zero na [&hellip;]<\/p>\n","protected":false},"author":1,"featured_media":74566,"comment_status":"open","ping_status":"closed","sticky":false,"template":"","format":"standard","meta":{"footnotes":""},"categories":[13,3],"tags":[],"class_list":["post-74565","post","type-post","status-publish","format-standard","has-post-thumbnail","hentry","category-featured","category-vaticano"],"_links":{"self":[{"href":"https:\/\/catolicanet.net\/wp-cnet\/wp-json\/wp\/v2\/posts\/74565","targetHints":{"allow":["GET"]}}],"collection":[{"href":"https:\/\/catolicanet.net\/wp-cnet\/wp-json\/wp\/v2\/posts"}],"about":[{"href":"https:\/\/catolicanet.net\/wp-cnet\/wp-json\/wp\/v2\/types\/post"}],"author":[{"embeddable":true,"href":"https:\/\/catolicanet.net\/wp-cnet\/wp-json\/wp\/v2\/users\/1"}],"replies":[{"embeddable":true,"href":"https:\/\/catolicanet.net\/wp-cnet\/wp-json\/wp\/v2\/comments?post=74565"}],"version-history":[{"count":1,"href":"https:\/\/catolicanet.net\/wp-cnet\/wp-json\/wp\/v2\/posts\/74565\/revisions"}],"predecessor-version":[{"id":74567,"href":"https:\/\/catolicanet.net\/wp-cnet\/wp-json\/wp\/v2\/posts\/74565\/revisions\/74567"}],"wp:featuredmedia":[{"embeddable":true,"href":"https:\/\/catolicanet.net\/wp-cnet\/wp-json\/wp\/v2\/media\/74566"}],"wp:attachment":[{"href":"https:\/\/catolicanet.net\/wp-cnet\/wp-json\/wp\/v2\/media?parent=74565"}],"wp:term":[{"taxonomy":"category","embeddable":true,"href":"https:\/\/catolicanet.net\/wp-cnet\/wp-json\/wp\/v2\/categories?post=74565"},{"taxonomy":"post_tag","embeddable":true,"href":"https:\/\/catolicanet.net\/wp-cnet\/wp-json\/wp\/v2\/tags?post=74565"}],"curies":[{"name":"wp","href":"https:\/\/api.w.org\/{rel}","templated":true}]}}