{"id":74560,"date":"2022-07-14T10:18:58","date_gmt":"2022-07-14T13:18:58","guid":{"rendered":"https:\/\/catolicanet.net\/wp-cnet\/?p=74560"},"modified":"2022-07-14T12:20:09","modified_gmt":"2022-07-14T15:20:09","slug":"as-coisas-reais-que-so-as-criancas-sao-capazes-de-enxergar","status":"publish","type":"post","link":"https:\/\/catolicanet.net\/wp-cnet\/as-coisas-reais-que-so-as-criancas-sao-capazes-de-enxergar\/","title":{"rendered":"As coisas reais que s\u00f3 as crian\u00e7as s\u00e3o capazes de enxergar"},"content":{"rendered":"<h2 class=\"subtitle\" style=\"text-align: justify;\">S\u00f3 &#8220;os pequenos&#8221;, por exemplo, aceitam os sofrimentos da vida sem transform\u00e1-los em ressentimentos&#8230;<\/h2>\n<blockquote class=\"wp-block-quote has-text-align-center\"><p>\u201cEu te bendigo, Pai, Senhor do c\u00e9u e da terra, porque escondeste estas coisas aos s\u00e1bios e entendidos e as revelaste aos pequenos.\u201d<\/p>\n<p><cite>Mt 11,25<\/cite><\/p><\/blockquote>\n<p style=\"text-align: justify;\">N\u00e3o h\u00e1 outra maneira de ver Deus a n\u00e3o ser tornando-se crian\u00e7a.\u00a0O Evangelho n\u00e3o nos convida a nos diminuir, mas a assumir a melhor perspectiva para encarar a vida.\u00a0De fato, como os seres humanos s\u00e3o criados por Deus, sempre que nos lembramos de nossa finitude come\u00e7amos a ver as coisas de uma maneira nova, mais verdadeira e mais profunda.<\/p>\n<p style=\"text-align: justify;\">Quando, ao contr\u00e1rio, brincamos de Deus, infectados com del\u00edrios de onipot\u00eancia, perdemos o contato com a realidade e n\u00e3o conseguimos mais ver as coisas como s\u00e3o.<\/p>\n<p style=\"text-align: justify;\">Por exemplo, se todos lembr\u00e1ssemos que um dia vamos morrer, essa lembran\u00e7a nos levaria a viver com mais humildade e foco no essencial.\u00a0Dar\u00edamos mais import\u00e2ncia \u00e0s coisas que tendemos a negligenciar e entender\u00edamos que tudo de bom que devemos fazer temos de fazer hoje, n\u00e3o amanh\u00e3.<\/p>\n<p style=\"text-align: justify;\">Mas como ignoramos a ideia da morte e nos julgamos imortais, nossa vida sofre de uma cegueira estrutural que nos faz viver para coisas tolas e perder de vista o que importa.<\/p>\n<div class=\"wp-block-aleteia-heading3\" style=\"text-align: justify;\">\n<h3>Alegria, n\u00e3o orgulho<\/h3>\n<\/div>\n<p style=\"text-align: justify;\">Jesus diz que \u201cos pequenos\u201d s\u00e3o aqueles a quem Deus revela as coisas porque eles n\u00e3o usam as coisas que Deus lhes revela para ter orgulho, mas para saborear a alegria que elas trazem.<\/p>\n<p style=\"text-align: justify;\">S\u00f3 \u201cos pequenos\u201d, por exemplo, apreciam um por do sol, o voo de uma abelha, o riso de uma crian\u00e7a e o olhar das pessoas que amam.\u00a0S\u00f3 \u201cos pequenos\u201d aceitam os sofrimentos da vida sem transform\u00e1-los em ressentimentos, sabem chorar sem desespero e aceitam limites sem se sentirem julgados por eles.<\/p>\n<p style=\"text-align: justify;\">Mas este privil\u00e9gio \u00e9 um dom de Deus, que nasce da escolha de ser uma criatura divina por completo, sem brincar de Deus, que \u00e9 a raiz de todo orgulho.<\/p>\n","protected":false},"excerpt":{"rendered":"<p>S\u00f3 &#8220;os pequenos&#8221;, por exemplo, aceitam os sofrimentos da vida sem transform\u00e1-los em ressentimentos&#8230; \u201cEu te bendigo, Pai, Senhor do c\u00e9u e da terra, porque escondeste estas coisas aos s\u00e1bios e entendidos e as revelaste aos pequenos.\u201d Mt 11,25 N\u00e3o h\u00e1 outra maneira de ver Deus a n\u00e3o ser tornando-se crian\u00e7a.\u00a0O Evangelho n\u00e3o nos convida [&hellip;]<\/p>\n","protected":false},"author":1,"featured_media":74561,"comment_status":"open","ping_status":"closed","sticky":false,"template":"","format":"standard","meta":{"footnotes":""},"categories":[4],"tags":[],"class_list":["post-74560","post","type-post","status-publish","format-standard","has-post-thumbnail","hentry","category-cotidiano"],"_links":{"self":[{"href":"https:\/\/catolicanet.net\/wp-cnet\/wp-json\/wp\/v2\/posts\/74560","targetHints":{"allow":["GET"]}}],"collection":[{"href":"https:\/\/catolicanet.net\/wp-cnet\/wp-json\/wp\/v2\/posts"}],"about":[{"href":"https:\/\/catolicanet.net\/wp-cnet\/wp-json\/wp\/v2\/types\/post"}],"author":[{"embeddable":true,"href":"https:\/\/catolicanet.net\/wp-cnet\/wp-json\/wp\/v2\/users\/1"}],"replies":[{"embeddable":true,"href":"https:\/\/catolicanet.net\/wp-cnet\/wp-json\/wp\/v2\/comments?post=74560"}],"version-history":[{"count":1,"href":"https:\/\/catolicanet.net\/wp-cnet\/wp-json\/wp\/v2\/posts\/74560\/revisions"}],"predecessor-version":[{"id":74562,"href":"https:\/\/catolicanet.net\/wp-cnet\/wp-json\/wp\/v2\/posts\/74560\/revisions\/74562"}],"wp:featuredmedia":[{"embeddable":true,"href":"https:\/\/catolicanet.net\/wp-cnet\/wp-json\/wp\/v2\/media\/74561"}],"wp:attachment":[{"href":"https:\/\/catolicanet.net\/wp-cnet\/wp-json\/wp\/v2\/media?parent=74560"}],"wp:term":[{"taxonomy":"category","embeddable":true,"href":"https:\/\/catolicanet.net\/wp-cnet\/wp-json\/wp\/v2\/categories?post=74560"},{"taxonomy":"post_tag","embeddable":true,"href":"https:\/\/catolicanet.net\/wp-cnet\/wp-json\/wp\/v2\/tags?post=74560"}],"curies":[{"name":"wp","href":"https:\/\/api.w.org\/{rel}","templated":true}]}}