{"id":74555,"date":"2022-07-14T10:14:53","date_gmt":"2022-07-14T13:14:53","guid":{"rendered":"https:\/\/catolicanet.net\/wp-cnet\/?p=74555"},"modified":"2022-07-14T12:16:46","modified_gmt":"2022-07-14T15:16:46","slug":"imagens-do-telescopio-james-webb-comprovam-a-beleza-do-universo-e-a-grandeza-da-criacao","status":"publish","type":"post","link":"https:\/\/catolicanet.net\/wp-cnet\/imagens-do-telescopio-james-webb-comprovam-a-beleza-do-universo-e-a-grandeza-da-criacao\/","title":{"rendered":"Imagens do telesc\u00f3pio James Webb comprovam a beleza do universo e a grandeza da Cria\u00e7\u00e3o"},"content":{"rendered":"<h2 class=\"subtitle\" style=\"text-align: justify;\">Como n\u00e3o ver nessas imagens, al\u00e9m da grandeza da Cria\u00e7\u00e3o, a grandeza do ser humano, feito &#8220;\u00e0 imagem e semelhan\u00e7a&#8221; do Criador?<\/h2>\n<p style=\"text-align: justify;\">Quando Albert Einstein disse que \u201cDeus n\u00e3o joga dados com o universo\u201d, ele n\u00e3o apenas se op\u00f4s \u00e0 teoria do in\u00edcio aleat\u00f3rio do cosmos, mas tamb\u00e9m antecipou o que as primeiras fotografias capturadas pelo\u00a0telesc\u00f3pio espacial James Webb nos mostraram.<\/p>\n<figure class=\"wp-block-image\" style=\"text-align: justify;\"><img decoding=\"async\" class=\"wp-image-702542\" src=\"https:\/\/wp.es.aleteia.org\/wp-content\/uploads\/sites\/7\/2022\/07\/WEB-WEBB-NASA-STARS-SPACE-TELESCOPE-04-@NASAwebb.jpg?w=720\" alt=\"\" \/><figcaption><em>Telesc\u00f3pio James Webb<\/em>\u00a0\/\u00a0<a href=\"https:\/\/twitter.com\/NASAWebb\" target=\"_blank\" rel=\"noreferrer noopener\">@NASAwebb<\/a><\/figcaption><\/figure>\n<p style=\"text-align: justify;\">S\u00e3o\u00a0fotografias t\u00e3o belas e t\u00e3o avassaladoras\u00a0que ningu\u00e9m, absolutamente ningu\u00e9m, poderia sustentar que o que estamos vendo do chamado universo profundo\u00a0poderia ter sido produto do acaso, de um encontro cego entre for\u00e7as eletromagn\u00e9ticas.<\/p>\n<figure class=\"wp-block-image\" style=\"text-align: justify;\"><img decoding=\"async\" class=\"wp-image-702544\" src=\"https:\/\/wp.es.aleteia.org\/wp-content\/uploads\/sites\/7\/2022\/07\/WEB-WEBB-NASA-STARS-SPACE-TELESCOPE-06-@NASAwebb.jpg?w=720\" alt=\"\" \/><figcaption><em>Nebulosa Carina<\/em>\u00a0\/\u00a0<a href=\"https:\/\/twitter.com\/NASAWebb\" target=\"_blank\" rel=\"noreferrer noopener\">@NASAwebb<\/a><\/figcaption><\/figure>\n<p style=\"text-align: justify;\">O pr\u00f3prio\u00a0Stephen Hawking disse \u2013 com a mente aberta de um cientista \u2013 que mist\u00e9rio \u00e9 apenas isso: mist\u00e9rio.\u00a0Portanto, n\u00e3o suscet\u00edvel a uma descri\u00e7\u00e3o precisa, cient\u00edfica e objetiva.\u00a0\u201cO universo n\u00e3o s\u00f3 tem uma hist\u00f3ria, mas qualquer hist\u00f3ria poss\u00edvel\u201d.\u00a0Na verdade, a hist\u00f3ria do\u00a0Criador.<\/p>\n<p style=\"text-align: justify;\">O fato \u00e9 que nem Einstein nem Hawking conseguiram ver o que o\u00a0telesc\u00f3pio James Webb\u00a0est\u00e1 nos mostrando agora.\u00a0Por exemplo, a borda de uma jovem regi\u00e3o de forma\u00e7\u00e3o de estrelas chamada NGC 3324 na\u00a0Nebulosa Carina, que, a olho nu, parece uma fotografia de uma regi\u00e3o montanhosa com as bordas luminosas de um aglomerado de cidades no cume.<\/p>\n<p style=\"text-align: justify;\">Sim, James Webb est\u00e1 nos revelando pela primeira vez na hist\u00f3ria da humanidade as \u00e1reas onde nascem as estrelas.<\/p>\n<figure class=\"wp-block-image\" style=\"text-align: justify;\"><img decoding=\"async\" class=\"wp-image-702540\" src=\"https:\/\/wp.es.aleteia.org\/wp-content\/uploads\/sites\/7\/2022\/07\/WEB-WEBB-NASA-STARS-SPACE-TELESCOPE-10-@NASAwebb.jpg?w=720\" alt=\"\" \/><figcaption><em>SMACS 0723<\/em>\u00a0\/\u00a0<a href=\"https:\/\/twitter.com\/NASAWebb\" target=\"_blank\" rel=\"noreferrer noopener\">@NASAwebb<\/a><\/figcaption><\/figure>\n<div class=\"wp-block-aleteia-heading3\" style=\"text-align: justify;\">\n<h3>O sil\u00eancio eterno dos espa\u00e7os infinitos<\/h3>\n<\/div>\n<div id=\"aleteia-welcome\" style=\"text-align: justify;\"><\/div>\n<div class=\"nativo-inread\" style=\"text-align: justify;\"><\/div>\n<p style=\"text-align: justify;\">No Credo, os cat\u00f3licos proclamam que Deus \u00e9\u00a0\u201ccriador das coisas vis\u00edveis e invis\u00edveis\u201d.\u00a0O telesc\u00f3pio est\u00e1 nos revelando o que antes era invis\u00edvel e est\u00e1 tornando-o vis\u00edvel para n\u00f3s, como o SMACS 0723, um conglomerado de gal\u00e1xias que tem a capacidade de ampliar e distorcer a luz dos objetos atr\u00e1s deles.<\/p>\n<p style=\"text-align: justify;\">H\u00e1 tamb\u00e9m a\u00a0Nebulosa do Anel Sul, uma nuvem gaseificada que se expande em torno de estrelas que est\u00e3o morrendo, e o Quinteto de Stephan, um grupo de cinco gal\u00e1xias com milh\u00f5es de estrelas jovens e regi\u00f5es de nascimento de estrelas das quais os astr\u00f4nomos agora t\u00eam os detalhes de um cosmos inigual\u00e1vel em sua composi\u00e7\u00e3o e capacidade de admira\u00e7\u00e3o.<\/p>\n<figure class=\"wp-block-image\" style=\"text-align: justify;\"><img decoding=\"async\" class=\"wp-image-702538\" src=\"https:\/\/wp.es.aleteia.org\/wp-content\/uploads\/sites\/7\/2022\/07\/WEB-WEBB-NASA-STARS-SPACE-TELESCOPE-08-@NASAwebb.jpg?w=720\" alt=\"\" \/><figcaption><em>Nebulosa do Anel Sul<\/em>\u00a0\/\u00a0<a href=\"https:\/\/twitter.com\/NASAWebb\" target=\"_blank\" rel=\"noreferrer noopener\">@NASAwebb<\/a><\/figcaption><\/figure>\n<figure class=\"wp-block-image\" style=\"text-align: justify;\"><img decoding=\"async\" class=\"wp-image-702545\" src=\"https:\/\/wp.es.aleteia.org\/wp-content\/uploads\/sites\/7\/2022\/07\/WEB-WEBB-NASA-STARS-SPACE-TELESCOPE-02-@NASAwebb-.jpg?w=720\" alt=\"\" \/><figcaption><em>Quinteto de Stephan<\/em><\/figcaption><\/figure>\n<p style=\"text-align: justify;\">Enfim, o que o telesc\u00f3pio James Webb est\u00e1 mostrando agora \u00e9 simplesmente\u00a0impressionante.\u00a0Diante dos milh\u00f5es e milh\u00f5es de mundos poss\u00edveis, diante do\u00a0\u201csil\u00eancio eterno dos espa\u00e7os infinitos\u201d\u00a0que nos assusta (Pascal),\u00a0como n\u00e3o ver nele, al\u00e9m da grandeza da Cria\u00e7\u00e3o, a pr\u00f3pria grandeza do ser humano, feito \u201c\u00e0 imagem e semelhan\u00e7a\u201d do Criador?<\/p>\n","protected":false},"excerpt":{"rendered":"<p>Como n\u00e3o ver nessas imagens, al\u00e9m da grandeza da Cria\u00e7\u00e3o, a grandeza do ser humano, feito &#8220;\u00e0 imagem e semelhan\u00e7a&#8221; do Criador? Quando Albert Einstein disse que \u201cDeus n\u00e3o joga dados com o universo\u201d, ele n\u00e3o apenas se op\u00f4s \u00e0 teoria do in\u00edcio aleat\u00f3rio do cosmos, mas tamb\u00e9m antecipou o que as primeiras fotografias capturadas [&hellip;]<\/p>\n","protected":false},"author":1,"featured_media":74556,"comment_status":"open","ping_status":"closed","sticky":false,"template":"","format":"standard","meta":{"footnotes":""},"categories":[4],"tags":[],"class_list":["post-74555","post","type-post","status-publish","format-standard","has-post-thumbnail","hentry","category-cotidiano"],"_links":{"self":[{"href":"https:\/\/catolicanet.net\/wp-cnet\/wp-json\/wp\/v2\/posts\/74555","targetHints":{"allow":["GET"]}}],"collection":[{"href":"https:\/\/catolicanet.net\/wp-cnet\/wp-json\/wp\/v2\/posts"}],"about":[{"href":"https:\/\/catolicanet.net\/wp-cnet\/wp-json\/wp\/v2\/types\/post"}],"author":[{"embeddable":true,"href":"https:\/\/catolicanet.net\/wp-cnet\/wp-json\/wp\/v2\/users\/1"}],"replies":[{"embeddable":true,"href":"https:\/\/catolicanet.net\/wp-cnet\/wp-json\/wp\/v2\/comments?post=74555"}],"version-history":[{"count":1,"href":"https:\/\/catolicanet.net\/wp-cnet\/wp-json\/wp\/v2\/posts\/74555\/revisions"}],"predecessor-version":[{"id":74557,"href":"https:\/\/catolicanet.net\/wp-cnet\/wp-json\/wp\/v2\/posts\/74555\/revisions\/74557"}],"wp:featuredmedia":[{"embeddable":true,"href":"https:\/\/catolicanet.net\/wp-cnet\/wp-json\/wp\/v2\/media\/74556"}],"wp:attachment":[{"href":"https:\/\/catolicanet.net\/wp-cnet\/wp-json\/wp\/v2\/media?parent=74555"}],"wp:term":[{"taxonomy":"category","embeddable":true,"href":"https:\/\/catolicanet.net\/wp-cnet\/wp-json\/wp\/v2\/categories?post=74555"},{"taxonomy":"post_tag","embeddable":true,"href":"https:\/\/catolicanet.net\/wp-cnet\/wp-json\/wp\/v2\/tags?post=74555"}],"curies":[{"name":"wp","href":"https:\/\/api.w.org\/{rel}","templated":true}]}}