{"id":74551,"date":"2022-07-14T10:11:38","date_gmt":"2022-07-14T13:11:38","guid":{"rendered":"https:\/\/catolicanet.net\/wp-cnet\/?p=74551"},"modified":"2022-07-14T12:14:23","modified_gmt":"2022-07-14T15:14:23","slug":"a-cruz-vermelha-foi-inspirada-por-sao-camilo-de-lellis","status":"publish","type":"post","link":"https:\/\/catolicanet.net\/wp-cnet\/a-cruz-vermelha-foi-inspirada-por-sao-camilo-de-lellis\/","title":{"rendered":"A Cruz Vermelha foi inspirada por S\u00e3o Camilo de L\u00e9llis?"},"content":{"rendered":"<h2 class=\"subtitle\" style=\"text-align: justify;\">O santo cat\u00f3lico usava uma cruz vermelha ao ajudar os soldados feridos em batalha. Mas qual \u00e9 sua rela\u00e7\u00e3o com a Cruz Vermelha Internacional?<\/h2>\n<p style=\"text-align: justify;\">ACruz Vermelha foi inspirada por S\u00e3o Camilo de L\u00e9llis? Os pontos em comum s\u00e3o chamativos.<\/p>\n<p style=\"text-align: justify;\">De fato, o\u00a0<a href=\"https:\/\/pt.aleteia.org\/2020\/03\/25\/oracao-a-sao-camilo-pela-recuperacao-dos-doentes\/\" target=\"_blank\" rel=\"noreferrer noopener\">santo padroeiro dos doentes<\/a>, dos profissionais da sa\u00fade e dos hospitais fundou a Ordem dos Ministros dos Enfermos muito antes da cria\u00e7\u00e3o da Cruz Vermelha, e seus religiosos, conhecidos como camilianos, se tornaram ap\u00f3stolos da caridade de Cristo num dos cen\u00e1rios mais angustiantes da exist\u00eancia humana neste mundo: o da enfermidade.<\/p>\n<div class=\"wp-block-aleteia-heading3\" style=\"text-align: justify;\">\n<h3>Juventude, batalhas e v\u00edcios<\/h3>\n<\/div>\n<p style=\"text-align: justify;\">Camilo nasceu em 1550 em Bucchianico, na It\u00e1lia. Aos 17 anos, voluntariou-se no ex\u00e9rcito veneziano e, junto \u00e0s tropas, testemunhou o drama dos enfermos que agonizavam diante das mais diversas e torturantes doen\u00e7as. Ele pr\u00f3prio, nessa mesma \u00e9poca, passou a conviver com uma dolorosa \u00falcera no p\u00e9 \u2013 que o acompanharia at\u00e9 o \u00faltimo dia de sua vida. Para aumentar as ang\u00fastias, o jovem ainda sofreu nesse per\u00edodo a perda do pai. Sua vida ent\u00e3o mudou drasticamente: Camilo enveredou pelos prazeres mundanos, inclusive o da jogatina, em que acabou se viciando.<\/p>\n<p style=\"text-align: justify;\">Sem dinheiro nem sa\u00fade, ele n\u00e3o conseguia local para tratar-se. Partiu para Roma a fim de pedir socorro no Hospital Santiago: n\u00e3o tendo dinheiro, ofereceu-se para trabalhar como servente e enfermeiro. Mal cicatrizada a ferida, voltou a se juntar ao ex\u00e9rcito para combater os turcos otomanos, que, na \u00e9poca, estavam tentado expandir-se em dire\u00e7\u00e3o \u00e0 Europa ocidental.<\/p>\n<div class=\"wp-block-aleteia-heading3\" style=\"text-align: justify;\">\n<h3>Recupera\u00e7\u00e3o e\u2026 queda pior ainda<\/h3>\n<\/div>\n<p style=\"text-align: justify;\">Aos 23 anos, j\u00e1 quase restabelecido economicamente, Camilo voltou a cair nos v\u00edcios mundanos e no jogo at\u00e9 perder tudo. Retornou a N\u00e1poles e prometeu tornar-se religioso franciscano, voto que j\u00e1 tinha esquecido no ano seguinte, quando\u2026 estava novamente mergulhado na jogatina.<\/p>\n<p style=\"text-align: justify;\">O jogo e a bebida eram v\u00edcios que o derrubavam com for\u00e7a brutal. Camilo, na mis\u00e9ria, partiu para Veneza. O frio, a fome e a indig\u00eancia de quem sequer tinha teto para dormir n\u00e3o eram suficientes para afast\u00e1-lo do maldito v\u00edcio: em mais uma das suas muitas derrotas no jogo, o rapaz teve de entregar como pagamento a pr\u00f3pria camisa.<\/p>\n<div class=\"wp-block-aleteia-heading3\" style=\"text-align: justify;\">\n<h3>Dos abismos da mis\u00e9ria \u00e0s alturas da miseric\u00f3rdia<\/h3>\n<\/div>\n<p style=\"text-align: justify;\">Depois de muito perambular pelas ruas do mundo, Camilo conseguiu abrigo no convento dos capuchinhos. Foi quando, finalmente, come\u00e7ou de verdade a se converter.<\/p>\n<p style=\"text-align: justify;\">As prega\u00e7\u00f5es iam pouco a pouco transformando o seu cora\u00e7\u00e3o at\u00e9 lev\u00e1-lo a se reconhecer como pecador necessitado com urg\u00eancia da miseric\u00f3rdia de Deus. Ele ingressou na ordem dos capuchinhos, mas n\u00e3o p\u00f4de fazer a profiss\u00e3o dos votos religiosos por causa da enfermidade na perna. Dedicou-se ent\u00e3o, no hospital de San Giacomo, a cuidar dos doentes \u2013 e chegou a ser superintendente do hospital.<\/p>\n<p style=\"text-align: justify;\">Golpeado pelas dolorosas necessidades do pr\u00f3ximo, Camilo fundou uma associa\u00e7\u00e3o de pessoas dispostas a se consagrarem por caridade ao servi\u00e7o dos doentes. Aos 32 anos, voltou aos estudos, sob o acompanhamento de ningu\u00e9m menos que S\u00e3o Felipe Neri, e, aos 34, p\u00f4de enfim receber as ordens sagradas como sacerdote.<\/p>\n<div class=\"wp-block-aleteia-heading3\" style=\"text-align: justify;\">\n<h3>A Ordem dos Ministros dos Enfermos<\/h3>\n<\/div>\n<div class=\"block-image-copyrigth-wrap\" style=\"text-align: justify;\">\n<figure class=\"wp-block-image size-large\"><img loading=\"lazy\" decoding=\"async\" class=\"wp-image-118080\" src=\"https:\/\/wp.pt.aleteia.org\/wp-content\/uploads\/sites\/5\/2017\/07\/sc3a3o-camilo-de-lellis.jpg?w=720\" sizes=\"auto, (max-width: 800px) 100vw, 800px\" srcset=\"https:\/\/wp.pt.aleteia.org\/wp-content\/uploads\/sites\/5\/2017\/07\/sc3a3o-camilo-de-lellis.jpg 800w, https:\/\/wp.pt.aleteia.org\/wp-content\/uploads\/sites\/5\/2017\/07\/sc3a3o-camilo-de-lellis.jpg?resize=150,75 150w, https:\/\/wp.pt.aleteia.org\/wp-content\/uploads\/sites\/5\/2017\/07\/sc3a3o-camilo-de-lellis.jpg?resize=300,150 300w, https:\/\/wp.pt.aleteia.org\/wp-content\/uploads\/sites\/5\/2017\/07\/sc3a3o-camilo-de-lellis.jpg?resize=768,384 768w, https:\/\/wp.pt.aleteia.org\/wp-content\/uploads\/sites\/5\/2017\/07\/sc3a3o-camilo-de-lellis.jpg?resize=620,310 620w, https:\/\/wp.pt.aleteia.org\/wp-content\/uploads\/sites\/5\/2017\/07\/sc3a3o-camilo-de-lellis.jpg?resize=460,230 460w, https:\/\/wp.pt.aleteia.org\/wp-content\/uploads\/sites\/5\/2017\/07\/sc3a3o-camilo-de-lellis.jpg?resize=220,110 220w, https:\/\/wp.pt.aleteia.org\/wp-content\/uploads\/sites\/5\/2017\/07\/sc3a3o-camilo-de-lellis.jpg?resize=236,118 236w, https:\/\/wp.pt.aleteia.org\/wp-content\/uploads\/sites\/5\/2017\/07\/sc3a3o-camilo-de-lellis.jpg?resize=375,188 375w, https:\/\/wp.pt.aleteia.org\/wp-content\/uploads\/sites\/5\/2017\/07\/sc3a3o-camilo-de-lellis.jpg?resize=630,315 630w\" alt=\"S\u00e3o Camilo de Lellis\" width=\"800\" height=\"400\" \/><\/figure>\n<div class=\"copyright-text\">Camilianos<\/div>\n<\/div>\n<p style=\"text-align: justify;\">A partir de ent\u00e3o, o padre Camilo iniciou a Ordem dos Ministros dos Enfermos, junto com dois companheiros que, todos os dias, cuidavam dos doentes no Hospital do Esp\u00edrito Santo. Sua motiva\u00e7\u00e3o brotava do fato de enxergar neles o pr\u00f3prio Cristo. Al\u00e9m de trat\u00e1-los na dimens\u00e3o f\u00edsica, procuravam tamb\u00e9m aproxim\u00e1-los dos sacramentos, cuidando assim da sua alma.<\/p>\n<p style=\"text-align: justify;\">Com o tempo, o servi\u00e7o da congrega\u00e7\u00e3o foi se ampliando. Os camilianos assumiram a miss\u00e3o de atender os prisioneiros doentes e os convalescentes em casas particulares. S\u00e3o Camilo passou ainda a enviar religiosos com as tropas do ex\u00e9rcito a fim de atenderem os soldados feridos.<\/p>\n<p style=\"text-align: justify;\">Muitos religiosos morreram no cumprimento dessa miss\u00e3o sacrificada \u2013 alguns, inclusive, atingidos pela peste. S\u00e3o Camilo e seus irm\u00e3os, apesar disso, prosseguiram heroicamente. E prosseguem at\u00e9 hoje: os camilianos fundaram e mant\u00eam uma grande quantidade de hospitais em v\u00e1rios pa\u00edses, inclusive em regi\u00f5es nas quais, sem eles, o atendimento \u00e0 sa\u00fade dos mais pobres estaria severamente comprometido \u2013 ou mesmo ausente.<\/p>\n<div class=\"wp-block-aleteia-heading3\" style=\"text-align: justify;\">\n<h3>E a Cruz Vermelha?<\/h3>\n<\/div>\n<p style=\"text-align: justify;\">Mas ser\u00e1 que existe mesmo uma rela\u00e7\u00e3o direta entre a Cruz Vermelha Internacional e S\u00e3o Camilo de L\u00e9llis?<\/p>\n<p style=\"text-align: justify;\">Embora os camilianos fossem vistos com frequ\u00eancia nos campos de batalha, a sua ordem n\u00e3o era grande o suficiente para acompanhar todos os ex\u00e9rcitos. Isto significava que cada pa\u00eds tinha s\u00edmbolos diferentes para representar os seus servi\u00e7os m\u00e9dicos militares. Em meados do s\u00e9culo XIX, ao ver essa discrep\u00e2ncia e o aumento dos feridos, o su\u00ed\u00e7o\u00a0Henry Dunant\u00a0prop\u00f4s melhorias para ajudar a aliviar a situa\u00e7\u00e3o.<\/p>\n<p style=\"text-align: justify;\">Em 1862, ele prop\u00f4s criar, \u201cem tempo de paz e em todos os pa\u00edses, grupos volunt\u00e1rios para cuidar das baixas em tempo de guerra; fazer com que os pa\u00edses concordem em proteger os volunt\u00e1rios de primeiros socorros e os feridos no campo de batalha\u201d.<\/p>\n<p style=\"text-align: justify;\">Um comit\u00ea se reuniu em 1863 para considerar suas propostas e \u201cadotar um \u00fanico s\u00edmbolo distintivo respaldado pela lei para indicar respeito aos servi\u00e7os m\u00e9dicos do ex\u00e9rcito, volunt\u00e1rios de sociedades de primeiros socorros e v\u00edtimas de conflitos armados. O s\u00edmbolo precisava ser simples, identific\u00e1vel \u00e0 dist\u00e2ncia, conhecido por todos e id\u00eantico para amigo e inimigo. O emblema tinha que ser o mesmo para todos e universalmente reconhec\u00edvel\u201d.<\/p>\n<p style=\"text-align: justify;\">Em 1864, a Primeira Conven\u00e7\u00e3o de Genebra aprovou a cruz vermelha sobre fundo branco como s\u00edmbolo facilmente identific\u00e1vel. O s\u00edmbolo inspirou-se mais na bandeira nacional da Su\u00ed\u00e7a do que em S\u00e3o Camilo de L\u00e9llis.<\/p>\n<p style=\"text-align: justify;\">De fato, a Cruz Vermelha Internacional sustenta que, \u201ccomo o emblema deveria refletir a neutralidade dos servi\u00e7os m\u00e9dicos das for\u00e7as armadas e a prote\u00e7\u00e3o que lhes \u00e9 conferida, o emblema adotado foi formado pela invers\u00e3o das cores da bandeira su\u00ed\u00e7a\u201d.<\/p>\n<p style=\"text-align: justify;\">Al\u00e9m disso, como o branco \u00e9 tradicionalmente conhecido como s\u00edmbolo de rendi\u00e7\u00e3o, essa cor seria respeitada nos campos de batalha.<\/p>\n<p style=\"text-align: justify;\">Por estas raz\u00f5es, muito embora a Cruz Vermelha e os camilianos tenham emblemas semelhantes e miss\u00f5es quase id\u00eanticas, a sua inspira\u00e7\u00e3o difere substancialmente.<\/p>\n","protected":false},"excerpt":{"rendered":"<p>O santo cat\u00f3lico usava uma cruz vermelha ao ajudar os soldados feridos em batalha. Mas qual \u00e9 sua rela\u00e7\u00e3o com a Cruz Vermelha Internacional? ACruz Vermelha foi inspirada por S\u00e3o Camilo de L\u00e9llis? Os pontos em comum s\u00e3o chamativos. De fato, o\u00a0santo padroeiro dos doentes, dos profissionais da sa\u00fade e dos hospitais fundou a Ordem [&hellip;]<\/p>\n","protected":false},"author":1,"featured_media":74552,"comment_status":"open","ping_status":"closed","sticky":false,"template":"","format":"standard","meta":{"footnotes":""},"categories":[4,13],"tags":[],"class_list":["post-74551","post","type-post","status-publish","format-standard","has-post-thumbnail","hentry","category-cotidiano","category-featured"],"_links":{"self":[{"href":"https:\/\/catolicanet.net\/wp-cnet\/wp-json\/wp\/v2\/posts\/74551","targetHints":{"allow":["GET"]}}],"collection":[{"href":"https:\/\/catolicanet.net\/wp-cnet\/wp-json\/wp\/v2\/posts"}],"about":[{"href":"https:\/\/catolicanet.net\/wp-cnet\/wp-json\/wp\/v2\/types\/post"}],"author":[{"embeddable":true,"href":"https:\/\/catolicanet.net\/wp-cnet\/wp-json\/wp\/v2\/users\/1"}],"replies":[{"embeddable":true,"href":"https:\/\/catolicanet.net\/wp-cnet\/wp-json\/wp\/v2\/comments?post=74551"}],"version-history":[{"count":1,"href":"https:\/\/catolicanet.net\/wp-cnet\/wp-json\/wp\/v2\/posts\/74551\/revisions"}],"predecessor-version":[{"id":74553,"href":"https:\/\/catolicanet.net\/wp-cnet\/wp-json\/wp\/v2\/posts\/74551\/revisions\/74553"}],"wp:featuredmedia":[{"embeddable":true,"href":"https:\/\/catolicanet.net\/wp-cnet\/wp-json\/wp\/v2\/media\/74552"}],"wp:attachment":[{"href":"https:\/\/catolicanet.net\/wp-cnet\/wp-json\/wp\/v2\/media?parent=74551"}],"wp:term":[{"taxonomy":"category","embeddable":true,"href":"https:\/\/catolicanet.net\/wp-cnet\/wp-json\/wp\/v2\/categories?post=74551"},{"taxonomy":"post_tag","embeddable":true,"href":"https:\/\/catolicanet.net\/wp-cnet\/wp-json\/wp\/v2\/tags?post=74551"}],"curies":[{"name":"wp","href":"https:\/\/api.w.org\/{rel}","templated":true}]}}