{"id":74458,"date":"2022-07-08T10:42:51","date_gmt":"2022-07-08T13:42:51","guid":{"rendered":"https:\/\/catolicanet.net\/wp-cnet\/?p=74458"},"modified":"2022-07-08T16:52:08","modified_gmt":"2022-07-08T19:52:08","slug":"problemas-na-educacao-dos-filhos-estes-santos-podem-ajudar","status":"publish","type":"post","link":"https:\/\/catolicanet.net\/wp-cnet\/problemas-na-educacao-dos-filhos-estes-santos-podem-ajudar\/","title":{"rendered":"Problemas na educa\u00e7\u00e3o dos filhos? Estes santos podem ajudar"},"content":{"rendered":"<h2 class=\"subtitle\" style=\"text-align: justify;\">A santidade de Z\u00e9lia e Lu\u00eds, pais de Santa Teresinha, se adapta a todos os tempos, a todas as situa\u00e7\u00f5es e condi\u00e7\u00f5es de vida<\/h2>\n<p style=\"text-align: justify;\">Descobrir a vida de Z\u00e9lia e Lu\u00eds, os pais de Santa Teresinha, \u00e9 perceber que seus exemplos ainda nos falam hoje. De fato, cada um de n\u00f3s poder\u00e1 se encontrar em um ou outro aspecto de suas vidas: desejo de consagrar-se a Deus, casamento tardio, incertezas sobre o futuro e a educa\u00e7\u00e3o dos filhos, preocupa\u00e7\u00f5es econ\u00f4micas e profissionais, preocupa\u00e7\u00f5es devido aos problemas pol\u00edticos do pa\u00eds, c\u00e2ncer de mama para Z\u00e9lia, doen\u00e7a que causa graves transtornos mentais para Lu\u00eds em sua velhice\u2026 Enfim, a santidade de Z\u00e9lia e Lu\u00eds \u00e9 uma santidade que se adapta a todos os tempos, a todas as situa\u00e7\u00f5es e a todas as condi\u00e7\u00f5es de vida.<\/p>\n<p style=\"text-align: justify;\">Em meio a m\u00faltiplas preocupa\u00e7\u00f5es profissionais, os dois souberam comunicar os primeiros ensinamentos da f\u00e9 aos seus filhos, desde a mais tenra inf\u00e2ncia. Eles foram os primeiros mestres a iniciar seus filhos na ora\u00e7\u00e3o, no amor e no conhecimento de Deus, mostrando que rezavam, sozinhos e juntos, acompanhando-os \u00e0 Missa e \u00e0s visitas ao Sant\u00edssimo Sacramento.<\/p>\n<div class=\"wp-block-aleteia-heading3\" style=\"text-align: justify;\">\n<h3>O que fazer?<\/h3>\n<\/div>\n<p style=\"text-align: justify;\">No Evangelho, os disc\u00edpulos de Jo\u00e3o Batista lhe perguntam: \u201cO que devemos fazer?\u201d (Lucas 3, 10) e os disc\u00edpulos de Jesus lhe pedem: \u201censina-nos a orar\u201d (Lucas 11, 1). Eis uma pergunta e um pedido que abrem o caminho da educa\u00e7\u00e3o, do amor na fam\u00edlia, ao pr\u00f3ximo e uma profunda rela\u00e7\u00e3o de amizade entre o C\u00e9u e a terra.<\/p>\n<p style=\"text-align: justify;\">N\u00e3o se trata primeiro de entrar nas f\u00f3rmulas, de recitar ora\u00e7\u00f5es, mas de avan\u00e7ar em uma rela\u00e7\u00e3o para aprofund\u00e1-la. \u201cBasta olhar para ele para saber como rezam os santos\u201d, disse Santa Teresinha ao falar de seu pai. Se educar significa conduzir, elevar-se para al\u00e9m de si mesmo, os Santos pais de Santa Teresinha nos marcam o caminho pois deram o testemunho de uma \u201ceduca\u00e7\u00e3o cuidadosa\u201d de seus filhos para que tenham sucesso nesta terra, sem negligenciar uma educa\u00e7\u00e3o que os estimule a se tornarem santos.<\/p>\n<div class=\"wp-block-aleteia-heading3\" style=\"text-align: justify;\">\n<h3>Educa\u00e7\u00e3o cuidadosa dos filhos<\/h3>\n<\/div>\n<p style=\"text-align: justify;\">Esses foram os cinco passos seguidos pela fam\u00edlia Martin:<\/p>\n<p style=\"text-align: justify;\">1. Viver uma rela\u00e7\u00e3o de amor na terra e com o C\u00e9u;<\/p>\n<p style=\"text-align: justify;\">2. Disponibilizar-se ao dialogar;<\/p>\n<p style=\"text-align: justify;\">3. Educar em autonomia pessoal e respeito m\u00fatuo;<\/p>\n<p style=\"text-align: justify;\">4. Atravessar as provas juntos com a ajuda do C\u00e9u;<\/p>\n<p style=\"text-align: justify;\">5. Acolher as confid\u00eancias em um caminho de comunh\u00e3o humana e espiritual.<\/p>\n<p style=\"text-align: justify;\">Sentar-se para \u201cencarnar\u201d nossa ora\u00e7\u00e3o \u00e9 buscar viver um relacionamento aut\u00eantico com o C\u00e9u. Santa Z\u00e9lia e S\u00e3o Lu\u00eds nos ajudam a olhar para as diferentes facetas da educa\u00e7\u00e3o e a responder melhor \u00e0 pergunta que todos n\u00f3s nos fazemos pelo menos uma vez na vida: \u201co que devemos fazer?\u201d<\/p>\n<p style=\"text-align: justify;\">Santa Z\u00e9lia e S\u00e3o Lu\u00eds querem guiar voc\u00ea, durante 5 dias, em um retiro espiritual online: Eduque seus filhos na escola de S\u00e3o Lu\u00eds e Santa Z\u00e9lia. &lt;a href=&#8221;<a href=\"http:\/\/%26lt\/\" target=\"_blank\" rel=\"nofollow noopener\">http:\/\/&amp;lt<\/a>;!\u2013 wp:paragraph \u2013&gt; &lt;p&gt;&lt;a href=&#8221;<a href=\"https:\/\/hozana.org\/pt\/comunidade\/11090-eduque-seus-filhos-na-escola-de-sao-luis-e-santa-zelia%22%3Ehttps:\/\/hozana.org\/pt\/comunidade\/11090-eduque-seus-filhos-na-escola-de-sao-luis-e-santa-zelia%3C\/a%3E%3C\/p&amp;gt\" target=\"_blank\" rel=\"nofollow noopener\">https:\/\/hozana.org\/pt\/comunidade\/11090-eduque-seus-filhos-na-escola-de-sao-luis-e-santa-zelia&#8221;&gt;https:\/\/hozana.org\/pt\/comunidade\/11090-eduque-seus-filhos-na-escola-de-sao-luis-e-santa-zelia&lt;\/a&gt;&lt;\/p&amp;gt<\/a>;\u00a0Clique aqui\u00a0para participar.<\/p>\n<p style=\"text-align: justify;\">Enfim, educar para al\u00e9m de si mesmo a fim de que seus filhos tenham sucesso nesta terra e os encorajar no caminho da santidade, esse \u00e9 o principal ensinamento deste santo casal.<\/p>\n<p style=\"text-align: justify;\"><em>D\u00e9bora Moreira Ara\u00fajo, pelo Hozana<\/em><\/p>\n","protected":false},"excerpt":{"rendered":"<p>A santidade de Z\u00e9lia e Lu\u00eds, pais de Santa Teresinha, se adapta a todos os tempos, a todas as situa\u00e7\u00f5es e condi\u00e7\u00f5es de vida Descobrir a vida de Z\u00e9lia e Lu\u00eds, os pais de Santa Teresinha, \u00e9 perceber que seus exemplos ainda nos falam hoje. De fato, cada um de n\u00f3s poder\u00e1 se encontrar em [&hellip;]<\/p>\n","protected":false},"author":1,"featured_media":74459,"comment_status":"open","ping_status":"closed","sticky":false,"template":"","format":"standard","meta":{"footnotes":""},"categories":[4],"tags":[],"class_list":["post-74458","post","type-post","status-publish","format-standard","has-post-thumbnail","hentry","category-cotidiano"],"_links":{"self":[{"href":"https:\/\/catolicanet.net\/wp-cnet\/wp-json\/wp\/v2\/posts\/74458","targetHints":{"allow":["GET"]}}],"collection":[{"href":"https:\/\/catolicanet.net\/wp-cnet\/wp-json\/wp\/v2\/posts"}],"about":[{"href":"https:\/\/catolicanet.net\/wp-cnet\/wp-json\/wp\/v2\/types\/post"}],"author":[{"embeddable":true,"href":"https:\/\/catolicanet.net\/wp-cnet\/wp-json\/wp\/v2\/users\/1"}],"replies":[{"embeddable":true,"href":"https:\/\/catolicanet.net\/wp-cnet\/wp-json\/wp\/v2\/comments?post=74458"}],"version-history":[{"count":1,"href":"https:\/\/catolicanet.net\/wp-cnet\/wp-json\/wp\/v2\/posts\/74458\/revisions"}],"predecessor-version":[{"id":74460,"href":"https:\/\/catolicanet.net\/wp-cnet\/wp-json\/wp\/v2\/posts\/74458\/revisions\/74460"}],"wp:featuredmedia":[{"embeddable":true,"href":"https:\/\/catolicanet.net\/wp-cnet\/wp-json\/wp\/v2\/media\/74459"}],"wp:attachment":[{"href":"https:\/\/catolicanet.net\/wp-cnet\/wp-json\/wp\/v2\/media?parent=74458"}],"wp:term":[{"taxonomy":"category","embeddable":true,"href":"https:\/\/catolicanet.net\/wp-cnet\/wp-json\/wp\/v2\/categories?post=74458"},{"taxonomy":"post_tag","embeddable":true,"href":"https:\/\/catolicanet.net\/wp-cnet\/wp-json\/wp\/v2\/tags?post=74458"}],"curies":[{"name":"wp","href":"https:\/\/api.w.org\/{rel}","templated":true}]}}