{"id":74327,"date":"2022-06-29T09:58:53","date_gmt":"2022-06-29T12:58:53","guid":{"rendered":"https:\/\/catolicanet.net\/wp-cnet\/?p=74327"},"modified":"2022-06-29T12:01:42","modified_gmt":"2022-06-29T15:01:42","slug":"papa-rezo-para-que-esta-guerra-louca-chegue-logo-ao-fim","status":"publish","type":"post","link":"https:\/\/catolicanet.net\/wp-cnet\/papa-rezo-para-que-esta-guerra-louca-chegue-logo-ao-fim\/","title":{"rendered":"Papa: rezo para que esta guerra louca chegue logo ao fim"},"content":{"rendered":"<div class=\"article__subTitle\" style=\"text-align: justify;\">No Angelus, o Santo Padre renovou seu convite a perseverar na ora\u00e7\u00e3o pela paz na Ucr\u00e2nia, lan\u00e7ando tamb\u00e9m seu olhar a outras realidades, como a seca e os inc\u00eandios decorrentes da forte onda de calor, recordando que somos respons\u00e1veis pela cria\u00e7\u00e3o. O Papa tamb\u00e9m saudou os romanos pela festa de seus padroeiros, bem como a delega\u00e7\u00e3o do Patriarcado Ecum\u00eanico de Constantinopla.<\/div>\n<div class=\"title__separator\" style=\"text-align: justify;\"><\/div>\n<div class=\"article__text \">\n<p style=\"text-align: justify;\"><b>Jackson Erpen &#8211; Cidade do Vaticano<\/b><\/p>\n<p style=\"text-align: justify;\">Ap\u00f3s rezar o\u00a0<a href=\"https:\/\/www.vaticannews.va\/pt\/papa\/news\/2022-06\/papa-francisco-angelus-ucrania-incendios-roma-bartolomeu-i.html\"><i>Angelus\u00a0<\/i>na Solenidade dos Santos Pedro e Paulo<\/a>, o Papa Francisco dirigiu-se aos fi\u00e9is reunidos na Pra\u00e7a S\u00e3o Pedro sob uma temperatura de 33\u00b0C, com o olhar voltado inicialmente \u00e0 Ucr\u00e2nia, onde na ter\u00e7a-feira um m\u00edssil russo atingiu um shopping center:<\/p>\n<div style=\"text-align: justify;\">\n<div class=\"article__embed article__embed--unwrap article__embed--dark\">\n<div class=\"article__innerTitle\">Ou\u00e7a e compartilhe<\/div>\n<div>\n<!--[if lt IE 9]><script>document.createElement('audio');<\/script><![endif]-->\n<audio class=\"wp-audio-shortcode\" id=\"audio-74327-1\" preload=\"none\" style=\"width: 100%;\" controls=\"controls\"><source type=\"audio\/mpeg\" src=\"https:\/\/media.vaticannews.va\/media\/audio\/s1\/2022\/06\/29\/14\/136625176_F136625176.mp3?_=1\" \/><a href=\"https:\/\/media.vaticannews.va\/media\/audio\/s1\/2022\/06\/29\/14\/136625176_F136625176.mp3\">https:\/\/media.vaticannews.va\/media\/audio\/s1\/2022\/06\/29\/14\/136625176_F136625176.mp3<\/a><\/audio>\n<\/div>\n<\/div>\n<\/div>\n<p style=\"text-align: justify;\"><i>Trago a cada dia no cora\u00e7\u00e3o a querida e martirizada Ucr\u00e2nia, que continua a ser flagelada por ataques b\u00e1rbaros, como o que atingiu o shopping de Kremenchuk. Rezo para que esta guerra louca chegue logo ao fim e renovo o convite a perseverar, sem se cansar, na ora\u00e7\u00e3o pela paz: que o Senhor abra aqueles caminhos de di\u00e1logo que os homens n\u00e3o querem ou n\u00e3o conseguem encontrar! E n\u00e3o deixemos de socorrer a popula\u00e7\u00e3o ucraniana, que tanto sofre.<\/i><\/p>\n<p style=\"text-align: justify;\">No momento do ataque, cerca de mil pessoas estavam no centro comercial. Outras milhares haviam deixado o local quando as sirenes alertando para poss\u00edveis ataques come\u00e7aram a soar. Os mortos s\u00e3o ao menos 20.<\/p>\n<h2 style=\"text-align: justify;\">Seca e inc\u00eandios: a responsabilidade pela cria\u00e7\u00e3o<\/h2>\n<p style=\"text-align: justify;\">A onda de calor que assola a It\u00e1lia &#8211; e n\u00e3o s\u00f3 \u2013 e que tem provocado muitos inc\u00eandios, tamb\u00e9m recebeu a aten\u00e7\u00e3o do Pont\u00edfice, que falou sobre a import\u00e2ncia da prote\u00e7\u00e3o da cria\u00e7\u00e3o:<\/p>\n<p style=\"text-align: justify;\"><i>Nos \u00faltimos dias, v\u00e1rios inc\u00eandios eclodiram em Roma, favorecidos por temperaturas muito altas, enquanto em muitos lugares a seca \u00e9 agora um problema s\u00e9rio, que est\u00e1 causando s\u00e9rios danos \u00e0s atividades produtivas e ao meio ambiente. Fa\u00e7o votos que sejam implementadas as medidas necess\u00e1rias para enfrentar essas urg\u00eancias e a prevenir as emerg\u00eancias futuras. Tudo isso deve nos fazer refletir sobre a prote\u00e7\u00e3o da cria\u00e7\u00e3o, que \u00e9 nossa responsabilidade, de cada um de n\u00f3s. N\u00e3o \u00e9 uma moda, \u00e9 uma responsabilidade: o futuro da terra est\u00e1 nas nossas m\u00e3os e com as nossas decis\u00f5es!<\/i><\/p>\n<h2 style=\"text-align: justify;\">No L&#8217;Osservatore Romano: os \u00faltimos como protagonistas<\/h2>\n<p style=\"text-align: justify;\">Francisco tamb\u00e9m falou sobre uma nova iniciativa do L\u2019<i>Osservatore Romano<\/i>:<\/p>\n<p style=\"text-align: justify;\"><i>Hoje o primeiro n\u00famero de &#8220;L&#8217;Osservatore di strada&#8221;, o novo mensal de &#8220;L&#8217;Osservatore Romano&#8221;, \u00e9 distribu\u00eddo aqui na pra\u00e7a. Neste jornal, os \u00faltimos se tornam protagonistas: de fato, pessoas pobres e marginalizadas participam do trabalho de reda\u00e7\u00e3o, escrevendo, deixando-se entrevistar, ilustrando as p\u00e1ginas deste mensal, que \u00e9 oferecido gratuitamente. Se algu\u00e9m quiser dar alguma coisa, pode dar voluntariamente, mas peguem-no gratuitamente, porque \u00e9 um belo trabalho que vem da base, dos pobres, como express\u00e3o daqueles que s\u00e3o marginalizados.<\/i><\/p>\n<h2 style=\"text-align: justify;\">Roma \u00e9 bela!<\/h2>\n<p style=\"text-align: justify;\">Os Santos Pedro e Paulo s\u00e3o os padroeiros da cidade de Roma. Ap\u00f3s expressar seus melhores votos aos moradores e visitantes, fez votos que \u201ctodos possam encontrar nela uma acolhida decorosa e digna e sua beleza. Roma \u00e9 bela!\u201d.<\/p>\n<p style=\"text-align: justify;\">Nesta festa dos santos ap\u00f3stolos Pedro e Paulo, principais patronos de Roma, exprimo os meus melhores votos aos romanos e a quantos permanecem nesta cidade, esperando que todos encontrem nela um acolhimento digno e digno da sua beleza. Roma \u00e9 linda!<\/p>\n<p style=\"text-align: justify;\">Por fim, renovou sua minha gratid\u00e3o \u00e0\u00a0<a href=\"https:\/\/www.vaticannews.va\/pt\/vaticano\/news\/2022-06\/santos-pedro-paulo-delegacao.html\">Delega\u00e7\u00e3o do Patriarcado Ecum\u00eanico de Constantinopla<\/a>, enviada por Sua Santidade Bartolomeu, seu querido Irm\u00e3o, a quem enviou uma sauda\u00e7\u00e3o cordial e fraterna.<\/p>\n<\/div>\n","protected":false},"excerpt":{"rendered":"<p>No Angelus, o Santo Padre renovou seu convite a perseverar na ora\u00e7\u00e3o pela paz na Ucr\u00e2nia, lan\u00e7ando tamb\u00e9m seu olhar a outras realidades, como a seca e os inc\u00eandios decorrentes da forte onda de calor, recordando que somos respons\u00e1veis pela cria\u00e7\u00e3o. O Papa tamb\u00e9m saudou os romanos pela festa de seus padroeiros, bem como a [&hellip;]<\/p>\n","protected":false},"author":1,"featured_media":74328,"comment_status":"open","ping_status":"closed","sticky":false,"template":"","format":"standard","meta":{"footnotes":""},"categories":[3],"tags":[],"class_list":["post-74327","post","type-post","status-publish","format-standard","has-post-thumbnail","hentry","category-vaticano"],"_links":{"self":[{"href":"https:\/\/catolicanet.net\/wp-cnet\/wp-json\/wp\/v2\/posts\/74327","targetHints":{"allow":["GET"]}}],"collection":[{"href":"https:\/\/catolicanet.net\/wp-cnet\/wp-json\/wp\/v2\/posts"}],"about":[{"href":"https:\/\/catolicanet.net\/wp-cnet\/wp-json\/wp\/v2\/types\/post"}],"author":[{"embeddable":true,"href":"https:\/\/catolicanet.net\/wp-cnet\/wp-json\/wp\/v2\/users\/1"}],"replies":[{"embeddable":true,"href":"https:\/\/catolicanet.net\/wp-cnet\/wp-json\/wp\/v2\/comments?post=74327"}],"version-history":[{"count":1,"href":"https:\/\/catolicanet.net\/wp-cnet\/wp-json\/wp\/v2\/posts\/74327\/revisions"}],"predecessor-version":[{"id":74329,"href":"https:\/\/catolicanet.net\/wp-cnet\/wp-json\/wp\/v2\/posts\/74327\/revisions\/74329"}],"wp:featuredmedia":[{"embeddable":true,"href":"https:\/\/catolicanet.net\/wp-cnet\/wp-json\/wp\/v2\/media\/74328"}],"wp:attachment":[{"href":"https:\/\/catolicanet.net\/wp-cnet\/wp-json\/wp\/v2\/media?parent=74327"}],"wp:term":[{"taxonomy":"category","embeddable":true,"href":"https:\/\/catolicanet.net\/wp-cnet\/wp-json\/wp\/v2\/categories?post=74327"},{"taxonomy":"post_tag","embeddable":true,"href":"https:\/\/catolicanet.net\/wp-cnet\/wp-json\/wp\/v2\/tags?post=74327"}],"curies":[{"name":"wp","href":"https:\/\/api.w.org\/{rel}","templated":true}]}}