{"id":74323,"date":"2022-06-29T09:54:04","date_gmt":"2022-06-29T12:54:04","guid":{"rendered":"https:\/\/catolicanet.net\/wp-cnet\/?p=74323"},"modified":"2022-06-29T11:58:00","modified_gmt":"2022-06-29T14:58:00","slug":"papa-o-caminho-da-fe-passa-por-momentos-de-provacao","status":"publish","type":"post","link":"https:\/\/catolicanet.net\/wp-cnet\/papa-o-caminho-da-fe-passa-por-momentos-de-provacao\/","title":{"rendered":"Papa: o caminho da f\u00e9 passa por momentos de prova\u00e7\u00e3o"},"content":{"rendered":"<div class=\"article__subTitle\" style=\"text-align: justify;\">&#8220;O caminho da f\u00e9 n\u00e3o \u00e9 um passeio, para ningu\u00e9m, nem para Pedro nem para Paulo, para nenhum crist\u00e3o. \u00c9 exigente, \u00e0s vezes \u00e1rduo: mesmo Paulo, tendo se tornado crist\u00e3o, teve que aprender pouco a pouco, especialmente atrav\u00e9s de momentos de prova\u00e7\u00e3o&#8221;. Palavras do Papa Francisco no Angelus desta quarta-feira, 29 de junho, Solenidade dos Santos Pedro e Paulo Padroeiros de Roma<\/div>\n<div class=\"title__separator\" style=\"text-align: justify;\"><\/div>\n<div class=\"article__text \">\n<p style=\"text-align: justify;\"><b>Jane Nogara &#8211; Vatican News<\/b><\/p>\n<p><iframe loading=\"lazy\" title=\"Video PT 29 06 2022 11 49 57\" width=\"696\" height=\"392\" src=\"https:\/\/www.youtube.com\/embed\/DGXTArklx9Y?feature=oembed\" frameborder=\"0\" allow=\"accelerometer; autoplay; clipboard-write; encrypted-media; gyroscope; picture-in-picture\" allowfullscreen><\/iframe><\/p>\n<p style=\"text-align: justify;\">Nesta quarta-feira, 29 de junho, Solenidade dos Santos Pedro e Paulo Padroeiros de Roma, o Papa Francisco falou no Angelus sobre as palavras que Pedro dirige a Jesus na sua profiss\u00e3o de f\u00e9.<\/p>\n<div style=\"text-align: justify;\">\n<div class=\"article__embed article__embed--unwrap article__embed--dark\">\n<div class=\"article__innerTitle\">Ou\u00e7a e compartilhe!<\/div>\n<div>\n<!--[if lt IE 9]><script>document.createElement('audio');<\/script><![endif]-->\n<audio class=\"wp-audio-shortcode\" id=\"audio-74323-1\" preload=\"none\" style=\"width: 100%;\" controls=\"controls\"><source type=\"audio\/mpeg\" src=\"https:\/\/media.vaticannews.va\/media\/audio\/s1\/2022\/06\/29\/12\/136624915_F136624915.mp3?_=1\" \/><a href=\"https:\/\/media.vaticannews.va\/media\/audio\/s1\/2022\/06\/29\/12\/136624915_F136624915.mp3\">https:\/\/media.vaticannews.va\/media\/audio\/s1\/2022\/06\/29\/12\/136624915_F136624915.mp3<\/a><\/audio>\n<\/div>\n<\/div>\n<\/div>\n<p style=\"text-align: justify;\">&#8220;Tu \u00e9s o Cristo, o Filho do Deus vivo&#8221; (Mt 16,16). Francisco afirma que \u201c\u00e9 uma profiss\u00e3o de f\u00e9, que Pedro pronuncia n\u00e3o com base na sua compreens\u00e3o humana, mas porque Deus Pai a inspirou nele. E que para que estas palavras entrem profundamente na sua vida, h\u00e1 antes um per\u00edodo de \u201caprendizado\u201d da f\u00e9, que afetou os ap\u00f3stolos Pedro e Paulo, assim como acontece com cada um de n\u00f3s. Explicando:<\/p>\n<div style=\"text-align: justify;\">\n<div class=\"article__embed article__embed--border embed_style\">\n<blockquote><p>\u201cN\u00f3s tamb\u00e9m acreditamos que Jesus \u00e9 o Messias, o Filho do Deus vivo, mas \u00e9 preciso tempo, paci\u00eancia e muita humildade para que nossa maneira de pensar e agir adira plenamente ao Evangelho\u201d<\/p><\/blockquote>\n<\/div>\n<\/div>\n<h2 style=\"text-align: justify;\"><b>Pedro repreende o Mestre<\/b><\/h2>\n<p style=\"text-align: justify;\">O Papa afirma que Pedro logo sentiu isso porque ap\u00f3s Jesus ter anunciado que iria sofrer e ser condenado \u00e0 morte Pedro rejeita esta perspectiva, que considera incompat\u00edvel com o Messias. Ele at\u00e9 se sente obrigado a repreender o Mestre, que por sua vez o apostrofa: &#8220;Afasta-te de mim, Satan\u00e1s! Tu me serves de pedra de trope\u00e7o, porque n\u00e3o pensas as coisas de Deus, mas as dos homens!&#8221;.<\/p>\n<div style=\"text-align: justify;\">\n<div class=\"article__embed article__embed--border embed_style\">\n<blockquote><p>\u201cPensemos nisso: n\u00e3o nos acontece a mesma coisa? Repetimos o Credo, o rezamos com f\u00e9; mas diante das duras prova\u00e7\u00f5es da vida, tudo parece vacilar. Estamos inclinados a protestar contra o Senhor, dizendo-lhe que n\u00e3o est\u00e1 certo, que deve haver outros caminhos mais retos e menos cansativos\u201d<\/p><\/blockquote>\n<\/div>\n<\/div>\n<h2 style=\"text-align: justify;\"><b>Paulo, caminho com incertezas e d\u00favidas<br \/>\n<\/b><\/h2>\n<p style=\"text-align: justify;\">\u201cO Ap\u00f3stolo Paulo \u2013 continuou Francisco &#8211; tamb\u00e9m passou por um lento amadurecimento da f\u00e9, experimentando momentos de incerteza e de d\u00favida. A apari\u00e7\u00e3o do Ressuscitado no caminho de Damasco, que o transformou de perseguidor em crist\u00e3o, deve ser vista como o in\u00edcio de um percurso durante o qual o Ap\u00f3stolo se reconciliou com as crises, fracassos e os constantes tormentos\u201d.<\/p>\n<div style=\"text-align: justify;\">\n<div class=\"article__embed article__embed--border embed_style\">\n<blockquote><p>\u201cO caminho da f\u00e9 n\u00e3o \u00e9 um passeio, nem para Pedro nem para Paulo, para nenhum crist\u00e3o. \u00c9 exigente, \u00e0s vezes \u00e1rduo: mesmo Paulo, tendo se tornado crist\u00e3o, teve que aprender pouco a pouco, especialmente atrav\u00e9s de momentos de prova\u00e7\u00e3o\u201d<\/p><\/blockquote>\n<\/div>\n<\/div>\n<p style=\"text-align: justify;\">Concluindo o Papa pede que pensemos em nosso caminho da f\u00e9: \u201cquando eu professo a minha f\u00e9 em Jesus Cristo, o Filho de Deus, o fa\u00e7o com a consci\u00eancia de que sempre devo aprender, ou presumo que \u2018j\u00e1 entendi tudo\u2019?\u201d E concluiu com uma frase de Paulo a Tim\u00f3teo \u201cEle nos libertar\u00e1 de toda a obra maligna e nos levar\u00e1 a salvo para o seu Reino Celeste (cf. 2 Tim 4,18). Que a Virgem Maria, Rainha dos Ap\u00f3stolos, nos ensine a imit\u00e1-los, avan\u00e7ando todos os dias no caminho da f\u00e9\u201d.<\/p>\n<\/div>\n","protected":false},"excerpt":{"rendered":"<p>&#8220;O caminho da f\u00e9 n\u00e3o \u00e9 um passeio, para ningu\u00e9m, nem para Pedro nem para Paulo, para nenhum crist\u00e3o. \u00c9 exigente, \u00e0s vezes \u00e1rduo: mesmo Paulo, tendo se tornado crist\u00e3o, teve que aprender pouco a pouco, especialmente atrav\u00e9s de momentos de prova\u00e7\u00e3o&#8221;. Palavras do Papa Francisco no Angelus desta quarta-feira, 29 de junho, Solenidade dos [&hellip;]<\/p>\n","protected":false},"author":1,"featured_media":74324,"comment_status":"open","ping_status":"closed","sticky":false,"template":"","format":"standard","meta":{"footnotes":""},"categories":[3],"tags":[],"class_list":["post-74323","post","type-post","status-publish","format-standard","has-post-thumbnail","hentry","category-vaticano"],"_links":{"self":[{"href":"https:\/\/catolicanet.net\/wp-cnet\/wp-json\/wp\/v2\/posts\/74323","targetHints":{"allow":["GET"]}}],"collection":[{"href":"https:\/\/catolicanet.net\/wp-cnet\/wp-json\/wp\/v2\/posts"}],"about":[{"href":"https:\/\/catolicanet.net\/wp-cnet\/wp-json\/wp\/v2\/types\/post"}],"author":[{"embeddable":true,"href":"https:\/\/catolicanet.net\/wp-cnet\/wp-json\/wp\/v2\/users\/1"}],"replies":[{"embeddable":true,"href":"https:\/\/catolicanet.net\/wp-cnet\/wp-json\/wp\/v2\/comments?post=74323"}],"version-history":[{"count":1,"href":"https:\/\/catolicanet.net\/wp-cnet\/wp-json\/wp\/v2\/posts\/74323\/revisions"}],"predecessor-version":[{"id":74325,"href":"https:\/\/catolicanet.net\/wp-cnet\/wp-json\/wp\/v2\/posts\/74323\/revisions\/74325"}],"wp:featuredmedia":[{"embeddable":true,"href":"https:\/\/catolicanet.net\/wp-cnet\/wp-json\/wp\/v2\/media\/74324"}],"wp:attachment":[{"href":"https:\/\/catolicanet.net\/wp-cnet\/wp-json\/wp\/v2\/media?parent=74323"}],"wp:term":[{"taxonomy":"category","embeddable":true,"href":"https:\/\/catolicanet.net\/wp-cnet\/wp-json\/wp\/v2\/categories?post=74323"},{"taxonomy":"post_tag","embeddable":true,"href":"https:\/\/catolicanet.net\/wp-cnet\/wp-json\/wp\/v2\/tags?post=74323"}],"curies":[{"name":"wp","href":"https:\/\/api.w.org\/{rel}","templated":true}]}}