{"id":74315,"date":"2022-06-28T10:27:58","date_gmt":"2022-06-28T13:27:58","guid":{"rendered":"https:\/\/catolicanet.net\/wp-cnet\/?p=74315"},"modified":"2022-06-28T17:30:11","modified_gmt":"2022-06-28T20:30:11","slug":"por-que-seguir-jesus","status":"publish","type":"post","link":"https:\/\/catolicanet.net\/wp-cnet\/por-que-seguir-jesus\/","title":{"rendered":"Por que seguir Jesus?"},"content":{"rendered":"<h2 class=\"subtitle\" style=\"text-align: justify;\">Entenda por que aquilo que entendemos como crucial nas nossas vidas precisa ser escolhido imediatamente, sem adiar<\/h2>\n<p style=\"text-align: justify;\">OEvangelho de S\u00e3o Mateus nos diz:<\/p>\n<blockquote class=\"wp-block-quote\"><p>\u201cCerto dia, vendo-se no meio de grande multid\u00e3o, ordenou Jesus que o levassem para a outra margem do lago. Nisso aproximou-se dele um escriba e lhe disse: \u2018Mestre, eu te seguirei para onde quer que fores\u2019. Respondeu Jesus: \u2018As raposas t\u00eam suas tocas e as aves do c\u00e9u, seus ninhos, mas o Filho do Homem n\u00e3o tem onde repousar a cabe\u00e7a\u2019. Outra vez um dos seus disc\u00edpulos lhe disse: \u2018Senhor, deixa-me ir primeiro enterrar meu pai\u2019. Jesus, por\u00e9m, lhe respondeu: \u2018Segue-me e deixa que os mortos enterrem seus mortos.&#8217;\u201d<\/p>\n<p><cite>(Mateus 8,18-22)<\/cite><\/p><\/blockquote>\n<p style=\"text-align: justify;\">Mas por que seguir Jesus? Esta \u00e9 a quest\u00e3o colocada pelo Evangelho. A cena descrita por Mateus tem dois lados: Por um lado, um homem que declara que quer seguir Jesus, mas Ele responde com uma esp\u00e9cie de recusa:<\/p>\n<blockquote class=\"wp-block-quote\"><p>\u201cAs raposas t\u00eam suas tocas e as aves do c\u00e9u, seus ninhos, mas o Filho do Homem n\u00e3o tem onde repousar a cabe\u00e7a.\u201d<\/p><\/blockquote>\n<p style=\"text-align: justify;\">A resposta \u00e9 clara: Jesus n\u00e3o \u00e9 uma almofada confort\u00e1vel sobre a qual se possa adormecer. Ele n\u00e3o \u00e9 um analg\u00e9sico barato, nem uma forma de fugir da fadiga da vida, mas exatamente o oposto.<\/p>\n<div id=\"aleteia-welcome\" style=\"text-align: justify;\"><\/div>\n<p style=\"text-align: justify;\">Seguir Jesus significa assumir a responsabilidade por todo o drama da vida e ter a coragem de enfrentar a realidade. Neste sentido, \u00e9 assumir um modo de vida bastante exigente.<\/p>\n<p style=\"text-align: justify;\">Por outro lado, a segunda parte deste trecho do Evangelho fala-nos de um disc\u00edpulo que pede uma condi\u00e7\u00e3o \u00fanica, aparentemente plaus\u00edvel, para seguir Jesus, mas o mestre responde:<\/p>\n<blockquote class=\"wp-block-quote\"><p>\u201cSegue-me e deixa que os mortos enterrem os seus mortos\u201d.<\/p><\/blockquote>\n<div class=\"nativo-inread\" style=\"text-align: justify;\"><\/div>\n<p style=\"text-align: justify;\">H\u00e1 sempre raz\u00f5es sensatas para deixar para mais tarde algumas das coisas que importam na vida, mas, frequentemente, por tr\u00e1s dessas raz\u00f5es escondemos o nosso medo de tomar decis\u00f5es e de nos tornarmos verdadeiros adultos. Jesus n\u00e3o est\u00e1 a insultar os pais do jovem, mas est\u00e1 apontando o tipo de racioc\u00ednio sobre a morte que ele utilizou.<\/p>\n<p style=\"text-align: justify;\">Enfim, o que entendemos como crucial nas nossas vidas precisa de ser escolhido imediatamente, sem adiar.<\/p>\n","protected":false},"excerpt":{"rendered":"<p>Entenda por que aquilo que entendemos como crucial nas nossas vidas precisa ser escolhido imediatamente, sem adiar OEvangelho de S\u00e3o Mateus nos diz: \u201cCerto dia, vendo-se no meio de grande multid\u00e3o, ordenou Jesus que o levassem para a outra margem do lago. Nisso aproximou-se dele um escriba e lhe disse: \u2018Mestre, eu te seguirei para [&hellip;]<\/p>\n","protected":false},"author":1,"featured_media":74316,"comment_status":"open","ping_status":"closed","sticky":false,"template":"","format":"standard","meta":{"footnotes":""},"categories":[4],"tags":[],"class_list":["post-74315","post","type-post","status-publish","format-standard","has-post-thumbnail","hentry","category-cotidiano"],"_links":{"self":[{"href":"https:\/\/catolicanet.net\/wp-cnet\/wp-json\/wp\/v2\/posts\/74315","targetHints":{"allow":["GET"]}}],"collection":[{"href":"https:\/\/catolicanet.net\/wp-cnet\/wp-json\/wp\/v2\/posts"}],"about":[{"href":"https:\/\/catolicanet.net\/wp-cnet\/wp-json\/wp\/v2\/types\/post"}],"author":[{"embeddable":true,"href":"https:\/\/catolicanet.net\/wp-cnet\/wp-json\/wp\/v2\/users\/1"}],"replies":[{"embeddable":true,"href":"https:\/\/catolicanet.net\/wp-cnet\/wp-json\/wp\/v2\/comments?post=74315"}],"version-history":[{"count":1,"href":"https:\/\/catolicanet.net\/wp-cnet\/wp-json\/wp\/v2\/posts\/74315\/revisions"}],"predecessor-version":[{"id":74317,"href":"https:\/\/catolicanet.net\/wp-cnet\/wp-json\/wp\/v2\/posts\/74315\/revisions\/74317"}],"wp:featuredmedia":[{"embeddable":true,"href":"https:\/\/catolicanet.net\/wp-cnet\/wp-json\/wp\/v2\/media\/74316"}],"wp:attachment":[{"href":"https:\/\/catolicanet.net\/wp-cnet\/wp-json\/wp\/v2\/media?parent=74315"}],"wp:term":[{"taxonomy":"category","embeddable":true,"href":"https:\/\/catolicanet.net\/wp-cnet\/wp-json\/wp\/v2\/categories?post=74315"},{"taxonomy":"post_tag","embeddable":true,"href":"https:\/\/catolicanet.net\/wp-cnet\/wp-json\/wp\/v2\/tags?post=74315"}],"curies":[{"name":"wp","href":"https:\/\/api.w.org\/{rel}","templated":true}]}}