{"id":74295,"date":"2022-06-28T10:11:50","date_gmt":"2022-06-28T13:11:50","guid":{"rendered":"https:\/\/catolicanet.net\/wp-cnet\/?p=74295"},"modified":"2022-06-28T17:14:00","modified_gmt":"2022-06-28T20:14:00","slug":"conheca-o-logo-do-jubileu-de-2025","status":"publish","type":"post","link":"https:\/\/catolicanet.net\/wp-cnet\/conheca-o-logo-do-jubileu-de-2025\/","title":{"rendered":"Conhe\u00e7a o logo do Jubileu de 2025"},"content":{"rendered":"<div class=\"article__subTitle\" style=\"text-align: justify;\">Apresentado o logotipo oficial do pr\u00f3ximo Jubileu, que ter\u00e1 lugar em 2025. Foram recebidas um total de 294 inscri\u00e7\u00f5es de 213 cidades e 48 pa\u00edses diferentes, com idades entre os 6 e os 83 anos. A obra \u00e9 de Giacomo Travisani<\/div>\n<div class=\"title__separator\" style=\"text-align: justify;\"><\/div>\n<div class=\"article__text \">\n<p style=\"text-align: justify;\"><b>Vatican News<\/b><\/p>\n<p style=\"text-align: justify;\">Foi apresentado na tarde desta ter\u00e7a-feira o logotipo oficial do pr\u00f3ximo Jubileu, que ter\u00e1 lugar em 2025.<\/p>\n<p style=\"text-align: justify;\">Para a escolha, foi lan\u00e7ado um concurso, aberto a todos. Segundo o presidente do Dicast\u00e9rio para a Evangeliza\u00e7\u00e3o, Arcebispo Rino Fisichella, foram recebidas um total de 294 inscri\u00e7\u00f5es de 213 cidades e 48 pa\u00edses diferentes, com idades entre os 6 e os 83 anos.<\/p>\n<p style=\"text-align: justify;\">&#8220;De fato, muitos desenhos feitos \u00e0 m\u00e3o foram recebidos de crian\u00e7as de todo o mundo, e foi realmente comovente ver estes desenhos fruto da imagina\u00e7\u00e3o e da simples f\u00e9.&#8221;<\/p>\n<p style=\"text-align: justify;\">Durante a escolha, as obras foram identificadas apenas por um n\u00famero, de modo que o autor permanecesse an\u00f4nimo.<\/p>\n<p style=\"text-align: justify;\">Em 11 de junho, o Arcebispo Fisichella submeteu os tr\u00eas projetos finais ao Papa Francisco, que selecionou o que mais o impressionava.<\/p>\n<p style=\"text-align: justify;\">&#8220;Depois de analisar os projetos v\u00e1rias vezes e expressar a sua prefer\u00eancia, foi escolhido o desenho de Giacomo Travisani&#8221;, disse o Arcebispo Fisichella.<\/p>\n<p style=\"text-align: justify;\">Giacomo Travisani, presente na coletiva na Sala de Imprensa da Santa S\u00e9, explicou a sua ideia: ele imaginou todas as pessoas avan\u00e7ando juntas, &#8220;gra\u00e7as ao vento da Esperan\u00e7a que \u00e9 a Cruz de Cristo e o pr\u00f3prio Cristo&#8221;.<\/p>\n<p style=\"text-align: justify;\">O logo mostra quatro figuras estilizadas para indicar toda a humanidade dos quatro cantos da terra. Cada uma delas abra\u00e7ando-se mutuamente, indicando a solidariedade e a fraternidade que deve unir os povos. A primeira figura est\u00e1 agarrada \u00e0 Cruz. As ondas subjacentes s\u00e3o agitadas para indicar que a peregrina\u00e7\u00e3o da vida nem sempre se faz em \u00e1guas calmas.<\/p>\n<p style=\"text-align: justify;\">A parte inferior da Cruz \u00e9 alongada, transformando-se numa \u00e2ncora, que domina o movimento das ondas. As \u00e2ncoras com frequ\u00eancia s\u00e3o usadas como met\u00e1foras de esperan\u00e7a.<\/p>\n<p style=\"text-align: justify;\">A imagem mostra como a viagem do peregrino n\u00e3o \u00e9 individual, mas sim comunit\u00e1ria, com os sinais de um dinamismo crescente que se move cada vez mais em dire\u00e7\u00e3o \u00e0 Cruz.<\/p>\n<p style=\"text-align: justify;\">&#8220;A Cruz n\u00e3o \u00e9 est\u00e1tica&#8221;, sugeriu Fisichella, &#8220;mas din\u00e2mica, inclinando-se para encontrar a humanidade como se n\u00e3o a deixasse em paz, mas sim oferecendo a certeza da sua presen\u00e7a e a tranquilidade da esperan\u00e7a.&#8221;<\/p>\n<p style=\"text-align: justify;\">Um Jubileu \u00e9 &#8220;ordin\u00e1rio&#8221; se celebrado ap\u00f3s o per\u00edodo habitual de 25 anos, e &#8220;extraordin\u00e1rio&#8221; quando \u00e9 proclamado por algum evento not\u00e1vel.<\/p>\n<p style=\"text-align: justify;\">O \u00faltimo Jubileu ordin\u00e1rio teve lugar no ano 2000 durante o pontificado do Papa S. Jo\u00e3o Paulo II. Em 2015, o Papa Francisco proclamou um Ano Santo Extraordin\u00e1rio de Miseric\u00f3rdia.<\/p>\n<\/div>\n","protected":false},"excerpt":{"rendered":"<p>Apresentado o logotipo oficial do pr\u00f3ximo Jubileu, que ter\u00e1 lugar em 2025. Foram recebidas um total de 294 inscri\u00e7\u00f5es de 213 cidades e 48 pa\u00edses diferentes, com idades entre os 6 e os 83 anos. A obra \u00e9 de Giacomo Travisani Vatican News Foi apresentado na tarde desta ter\u00e7a-feira o logotipo oficial do pr\u00f3ximo Jubileu, [&hellip;]<\/p>\n","protected":false},"author":1,"featured_media":74296,"comment_status":"open","ping_status":"closed","sticky":false,"template":"","format":"standard","meta":{"footnotes":""},"categories":[3],"tags":[],"class_list":["post-74295","post","type-post","status-publish","format-standard","has-post-thumbnail","hentry","category-vaticano"],"_links":{"self":[{"href":"https:\/\/catolicanet.net\/wp-cnet\/wp-json\/wp\/v2\/posts\/74295","targetHints":{"allow":["GET"]}}],"collection":[{"href":"https:\/\/catolicanet.net\/wp-cnet\/wp-json\/wp\/v2\/posts"}],"about":[{"href":"https:\/\/catolicanet.net\/wp-cnet\/wp-json\/wp\/v2\/types\/post"}],"author":[{"embeddable":true,"href":"https:\/\/catolicanet.net\/wp-cnet\/wp-json\/wp\/v2\/users\/1"}],"replies":[{"embeddable":true,"href":"https:\/\/catolicanet.net\/wp-cnet\/wp-json\/wp\/v2\/comments?post=74295"}],"version-history":[{"count":1,"href":"https:\/\/catolicanet.net\/wp-cnet\/wp-json\/wp\/v2\/posts\/74295\/revisions"}],"predecessor-version":[{"id":74297,"href":"https:\/\/catolicanet.net\/wp-cnet\/wp-json\/wp\/v2\/posts\/74295\/revisions\/74297"}],"wp:featuredmedia":[{"embeddable":true,"href":"https:\/\/catolicanet.net\/wp-cnet\/wp-json\/wp\/v2\/media\/74296"}],"wp:attachment":[{"href":"https:\/\/catolicanet.net\/wp-cnet\/wp-json\/wp\/v2\/media?parent=74295"}],"wp:term":[{"taxonomy":"category","embeddable":true,"href":"https:\/\/catolicanet.net\/wp-cnet\/wp-json\/wp\/v2\/categories?post=74295"},{"taxonomy":"post_tag","embeddable":true,"href":"https:\/\/catolicanet.net\/wp-cnet\/wp-json\/wp\/v2\/tags?post=74295"}],"curies":[{"name":"wp","href":"https:\/\/api.w.org\/{rel}","templated":true}]}}