{"id":74291,"date":"2022-06-28T10:08:06","date_gmt":"2022-06-28T13:08:06","guid":{"rendered":"https:\/\/catolicanet.net\/wp-cnet\/?p=74291"},"modified":"2022-06-28T17:11:19","modified_gmt":"2022-06-28T20:11:19","slug":"o-papa-ao-encontro-global-do-turismo-jovem-usem-o-tempo-bem-e-com-responsabilidade","status":"publish","type":"post","link":"https:\/\/catolicanet.net\/wp-cnet\/o-papa-ao-encontro-global-do-turismo-jovem-usem-o-tempo-bem-e-com-responsabilidade\/","title":{"rendered":"O Papa ao Encontro Global do Turismo Jovem: usem o tempo bem e com responsabilidade"},"content":{"rendered":"<p style=\"text-align: justify;\">Jovens em f\u00e9rias<\/p>\n<div class=\"article__subTitle\" style=\"text-align: justify;\">Em uma mensagem em v\u00eddeo o Papa convida os jovens presentes no Encontro Global do Turismo Jovem a usar bem o per\u00edodo de f\u00e9rias sem esquecer o compromisso com iniciativas de solidariedade, ajuda \u00e0s fam\u00edlias e a dimens\u00e3o da ora\u00e7\u00e3o. O evento se realiza em Sorrento, de 27 de junho a 3 de julho<\/div>\n<div class=\"title__separator\" style=\"text-align: justify;\"><\/div>\n<div class=\"article__text \">\n<p style=\"text-align: justify;\"><b>Antonella Palermo &#8211; Vatican News<\/b><\/p>\n<p style=\"text-align: justify;\">O Papa Francisco enviou uma mensagem em v\u00eddeo aos jovens que participam do primeiro Encontro Global do Turismo Juvenil\u00a0 que se realiza de 27 de junho a 3 de julho em Sorrento, na It\u00e1lia.<\/p>\n<div style=\"text-align: justify;\">\n<div class=\"article__embed article__embed--unwrap article__embed--dark\">\n<div class=\"article__innerTitle\">Ou\u00e7a e compartilhe!<\/div>\n<div>\n<!--[if lt IE 9]><script>document.createElement('audio');<\/script><![endif]-->\n<audio class=\"wp-audio-shortcode\" id=\"audio-74291-1\" preload=\"none\" style=\"width: 100%;\" controls=\"controls\"><source type=\"audio\/mpeg\" src=\"https:\/\/media.vaticannews.va\/media\/audio\/s1\/2022\/06\/28\/11\/136623465_F136623465.mp3?_=1\" \/><a href=\"https:\/\/media.vaticannews.va\/media\/audio\/s1\/2022\/06\/28\/11\/136623465_F136623465.mp3\">https:\/\/media.vaticannews.va\/media\/audio\/s1\/2022\/06\/28\/11\/136623465_F136623465.mp3<\/a><\/audio>\n<\/div>\n<\/div>\n<\/div>\n<h2 style=\"text-align: justify;\"><b>Solidariedade, ajuda \u00e0 fam\u00edlia e ora\u00e7\u00e3o<\/b><\/h2>\n<p style=\"text-align: justify;\">Na mensagem o pensamento do Papase dirige aos que ainda s\u00e3o estudantes, para os quais o turismo coincide com o tempo de f\u00e9rias escolares. &#8220;As experi\u00eancias feitas neste per\u00edodo ficar\u00e3o para sempre na mem\u00f3ria&#8221;, enfatiza o pont\u00edfice. E acrescenta:<\/p>\n<p style=\"text-align: justify;\"><i>&#8220;Al\u00e9m do entretenimento e do descanso, sei que alguns de voc\u00eas usam este tempo voluntariamente para ajudar em iniciativas de solidariedade; outros se dedicam a pequenos trabalhos para ajudar suas fam\u00edlias ou para sustentar seus estudos; outros ainda escolhem dias de sil\u00eancio e ora\u00e7\u00e3o para estar com Deus e receber luz em seu caminho. Em qualquer caso, encorajo todos voc\u00eas a usar bem e com responsabilidade o tempo de f\u00e9rias: \u00e9 assim que se cresce e se prepara para assumir tarefas mais exigentes&#8221;<\/i>.<\/p>\n<p style=\"text-align: justify;\">O Papa concluiu desejando aos jovens &#8220;que sejam mensageiros de esperan\u00e7a e de renascimento para o futuro&#8221;.<\/p>\n<h2 style=\"text-align: justify;\"><b>O evento<\/b><\/h2>\n<p style=\"text-align: justify;\">S\u00e3o mais de 130 jovens &#8211; entre 12 e 18 anos \u2013 provenientes de 60 pa\u00edses que se re\u00fanem na pequena cidade litor\u00e2nea, Sorrento, para um evento, o primeiro do g\u00eanero, organizado pela Organiza\u00e7\u00e3o Mundial do Turismo e realizado na It\u00e1lia em colabora\u00e7\u00e3o com o Minist\u00e9rio do Turismo e a Ag\u00eancia Nacional de Turismo (ENIT). Eles se encontrar\u00e3o com l\u00edderes do setor, entre os quais pol\u00edticos e figuras-chave do mundo do esporte, gastronomia, entretenimento e inova\u00e7\u00e3o. Segundo o Secret\u00e1rio-Geral da Organiza\u00e7\u00e3o Mundial do Turismo Zurab Pololikashvili, o evento &#8220;ajudar\u00e1 a construir um legado duradouro, dando aos jovens as habilidades e conhecimentos necess\u00e1rios para transformar o turismo n\u00e3o apenas em suas comunidades, mas em todos os lugares&#8221;.<\/p>\n<h2 style=\"text-align: justify;\"><b>Sustentabilidade, agricultura, navega\u00e7\u00e3o<\/b><\/h2>\n<p style=\"text-align: justify;\">Est\u00e3o previstas seis Masterclasses, assim como duas palestras \u00e0 noite, uma Assembleia Geral simulada da Organiza\u00e7\u00e3o Mundial do Turismo e sess\u00f5es interativas onde os participantes poder\u00e3o se confrontar diretamente com as Na\u00e7\u00f5es Unidas e com os Ministros do Turismo e outros funcion\u00e1rios de alto n\u00edvel provenientes da Rep\u00fablica Democr\u00e1tica do Congo, Cro\u00e1cia, Alemanha, Ge\u00f3rgia, Alb\u00e2nia, Azerbaij\u00e3o, Cazaquist\u00e3o, Maldivas, Espanha, Montenegro, S\u00e3o Tom\u00e9 e Pr\u00edncipe, I\u00eamen e muitos outros Estados membros da Organiza\u00e7\u00e3o Mundial do Turismo da ONU. A C\u00fapula se concentrar\u00e1 em alguns dos principais desafios e oportunidades enfrentados pelo turismo global no momento, com \u00eanfase no papel do setor para alcan\u00e7ar a Agenda 2030 da ONU e suas 17 Metas de Desenvolvimento Sustent\u00e1vel. Estas incluem uma an\u00e1lise aprofundada da biodiversidade, tamb\u00e9m gra\u00e7as a uma excurs\u00e3o na \u00c1rea de Prote\u00e7\u00e3o Marinha de Punta Campanella, e sobre as t\u00e9cnicas do mar e da navega\u00e7\u00e3o. Al\u00e9m disso, o F\u00f3rum Mundial da Alimenta\u00e7\u00e3o (organizado pela FAO) ir\u00e1 sediar um debate sobre solu\u00e7\u00f5es para reduzir o desperd\u00edcio de alimentos no turismo.<\/p>\n<div>\n<div class=\"article__embed article__embed--unwrap article__embed--dark\">\n<div class=\"embed-container\">\n<p><iframe loading=\"lazy\" title=\"2022 06 24 VIDEOMESSAGGIO DI PAPA FRANCESCO AL VERTICE GLOBALE SUL TURISMO GIOVANILE\" width=\"696\" height=\"392\" src=\"https:\/\/www.youtube.com\/embed\/snHKwYgRHjc?feature=oembed\" frameborder=\"0\" allow=\"accelerometer; autoplay; clipboard-write; encrypted-media; gyroscope; picture-in-picture\" allowfullscreen><\/iframe><\/p>\n<\/div>\n<div class=\"article__innerTitle\">Mensagem do Papa Francisco<\/div>\n<\/div>\n<\/div>\n<\/div>\n","protected":false},"excerpt":{"rendered":"<p>Jovens em f\u00e9rias Em uma mensagem em v\u00eddeo o Papa convida os jovens presentes no Encontro Global do Turismo Jovem a usar bem o per\u00edodo de f\u00e9rias sem esquecer o compromisso com iniciativas de solidariedade, ajuda \u00e0s fam\u00edlias e a dimens\u00e3o da ora\u00e7\u00e3o. O evento se realiza em Sorrento, de 27 de junho a 3 [&hellip;]<\/p>\n","protected":false},"author":1,"featured_media":74292,"comment_status":"open","ping_status":"closed","sticky":false,"template":"","format":"standard","meta":{"footnotes":""},"categories":[3],"tags":[],"class_list":["post-74291","post","type-post","status-publish","format-standard","has-post-thumbnail","hentry","category-vaticano"],"_links":{"self":[{"href":"https:\/\/catolicanet.net\/wp-cnet\/wp-json\/wp\/v2\/posts\/74291","targetHints":{"allow":["GET"]}}],"collection":[{"href":"https:\/\/catolicanet.net\/wp-cnet\/wp-json\/wp\/v2\/posts"}],"about":[{"href":"https:\/\/catolicanet.net\/wp-cnet\/wp-json\/wp\/v2\/types\/post"}],"author":[{"embeddable":true,"href":"https:\/\/catolicanet.net\/wp-cnet\/wp-json\/wp\/v2\/users\/1"}],"replies":[{"embeddable":true,"href":"https:\/\/catolicanet.net\/wp-cnet\/wp-json\/wp\/v2\/comments?post=74291"}],"version-history":[{"count":1,"href":"https:\/\/catolicanet.net\/wp-cnet\/wp-json\/wp\/v2\/posts\/74291\/revisions"}],"predecessor-version":[{"id":74293,"href":"https:\/\/catolicanet.net\/wp-cnet\/wp-json\/wp\/v2\/posts\/74291\/revisions\/74293"}],"wp:featuredmedia":[{"embeddable":true,"href":"https:\/\/catolicanet.net\/wp-cnet\/wp-json\/wp\/v2\/media\/74292"}],"wp:attachment":[{"href":"https:\/\/catolicanet.net\/wp-cnet\/wp-json\/wp\/v2\/media?parent=74291"}],"wp:term":[{"taxonomy":"category","embeddable":true,"href":"https:\/\/catolicanet.net\/wp-cnet\/wp-json\/wp\/v2\/categories?post=74291"},{"taxonomy":"post_tag","embeddable":true,"href":"https:\/\/catolicanet.net\/wp-cnet\/wp-json\/wp\/v2\/tags?post=74291"}],"curies":[{"name":"wp","href":"https:\/\/api.w.org\/{rel}","templated":true}]}}