{"id":74287,"date":"2022-06-28T10:04:51","date_gmt":"2022-06-28T13:04:51","guid":{"rendered":"https:\/\/catolicanet.net\/wp-cnet\/?p=74287"},"modified":"2022-06-28T17:07:30","modified_gmt":"2022-06-28T20:07:30","slug":"papa-em-mensagem-em-video-ao-uruguai-cuidem-e-defendam-a-familia","status":"publish","type":"post","link":"https:\/\/catolicanet.net\/wp-cnet\/papa-em-mensagem-em-video-ao-uruguai-cuidem-e-defendam-a-familia\/","title":{"rendered":"Papa em mensagem em v\u00eddeo ao Uruguai: cuidem e defendam a fam\u00edlia"},"content":{"rendered":"<p style=\"text-align: justify;\">Francisco antes da missa de encerramento do X Encontro Mundial das Fam\u00edlias na Pra\u00e7a S\u00e3o Pedro<\/p>\n<div class=\"article__subTitle\" style=\"text-align: justify;\">Por ocasi\u00e3o do X Encontro Mundial das Fam\u00edlias que aconteceu em Roma de 22 a 26 de junho, Francisco recebeu na Casa Santa Marta o presidente da Comiss\u00e3o Fam\u00edlia e Vida da Confer\u00eancia Episcopal Uruguaia. A pedido de dom Fabi\u00e1n Ant\u00fanez, o Papa gravou uma mensagem em v\u00eddeo \u00e0s fam\u00edlias daquele pa\u00eds: &#8220;cuidem da fam\u00edlia. Defendam a fam\u00edlia. Porque \u00e9 a\u00ed que est\u00e1 a vida. A\u00ed est\u00e1 a hist\u00f3ria&#8221;.<\/div>\n<div class=\"title__separator\" style=\"text-align: justify;\"><\/div>\n<div class=\"article__text \">\n<div style=\"text-align: justify;\">\n<div class=\"article__embed article__embed--unwrap article__embed--dark\">\n<div class=\"article__innerTitle\">Ou\u00e7a a reportagem com a voz do Papa e compartilhe<\/div>\n<\/div>\n<\/div>\n<p style=\"text-align: justify;\"><b>Andressa Collet &#8211; Vatican News<\/b><\/p>\n<p style=\"text-align: justify;\">O Papa Francisco, por ocasi\u00e3o do t\u00e9rmino do X Encontro Mundial das Fam\u00edlias que aconteceu em Roma de 22 a 26 de junho, gravou uma\u00a0<a href=\"https:\/\/diocesisdesanjosedemayo.org\/mensaje-a-las-familias\/\" target=\"_blank\" rel=\"external nofollow noopener\">mensagem em v\u00eddeo<\/a>\u00a0a pedido do bispo de San Jos\u00e9 de Mayo, no Uruguai, dom Fabi\u00e1n Ant\u00fanez. Nesta segunda-feira (27), o presidente da Comiss\u00e3o Fam\u00edlia e Vida da Confer\u00eancia Episcopal Uruguaia visitou o Pont\u00edfice na Casa Marta, no Vaticano,\u00a0para um &#8220;encontro caloroso&#8221;.<\/p>\n<p style=\"text-align: justify;\">Na mensagem em v\u00eddeo, publicada no mesmo dia no site da diocese de San Jos\u00e9, o Papa se dirige aos &#8220;queridos &#8216;hermanos e hermanas&#8217; que trabalham e fazem parte da Pastoral Familiar do Uruguai&#8221;:<\/p>\n<div style=\"text-align: justify;\">\n<div class=\"article__embed article__embed--border embed_style\">\n<blockquote><p>\u201cCuidem da fam\u00edlia. Defendam a fam\u00edlia. Porque \u00e9 a\u00ed que est\u00e1 a vida. A\u00ed est\u00e1 a hist\u00f3ria. A\u00ed est\u00e1 o que Deus quer de cada um de n\u00f3s. Ele, quando veio ao mundo, quis nascer em uma fam\u00edlia.\u201d<\/p><\/blockquote>\n<\/div>\n<\/div>\n<h2 style=\"text-align: justify;\">A vida \u00e9 linda vivida em fam\u00edlia<\/h2>\n<p style=\"text-align: justify;\">Ainda na mensagem, o Papa procurou encorajar as fam\u00edlias do Uruguai a enfrentar as dificuldades sem medo. Isso porque, como acontece em diferentes partes do mundo e tamb\u00e9m no Uruguai como foi confirmado no evento internacional de Roma, as fam\u00edlias t\u00eam enfrentado problemas comuns. Segundo dom Fabi\u00e1n, foi de suma import\u00e2ncia apresentar a realidade das fam\u00edlias de um ponto de vista multicultural e atrav\u00e9s de temas importantes como o di\u00e1logo entre gera\u00e7\u00f5es e a espiritualidade da vida em fam\u00edlia. E assim motivou o Pont\u00edfice:<\/p>\n<div>\n<div class=\"article__embed article__embed--border embed_style\">\n<blockquote>\n<p style=\"text-align: justify;\">\u201cSigam em frente. N\u00e3o tenham medo. N\u00e3o \u00e9 f\u00e1cil. A vida n\u00e3o \u00e9 f\u00e1cil. Mas \u00e9 t\u00e3o lindo viv\u00ea-la bem em fam\u00edlia. Que Deus os aben\u00e7oe. Que Nossa Senhora cuide de voc\u00eas. E, por favor, n\u00e3o se esque\u00e7am de rezar por mim.\u201d<\/p>\n<\/blockquote>\n<\/div>\n<\/div>\n<\/div>\n","protected":false},"excerpt":{"rendered":"<p>Francisco antes da missa de encerramento do X Encontro Mundial das Fam\u00edlias na Pra\u00e7a S\u00e3o Pedro Por ocasi\u00e3o do X Encontro Mundial das Fam\u00edlias que aconteceu em Roma de 22 a 26 de junho, Francisco recebeu na Casa Santa Marta o presidente da Comiss\u00e3o Fam\u00edlia e Vida da Confer\u00eancia Episcopal Uruguaia. A pedido de dom [&hellip;]<\/p>\n","protected":false},"author":1,"featured_media":74288,"comment_status":"open","ping_status":"closed","sticky":false,"template":"","format":"standard","meta":{"footnotes":""},"categories":[3],"tags":[],"class_list":["post-74287","post","type-post","status-publish","format-standard","has-post-thumbnail","hentry","category-vaticano"],"_links":{"self":[{"href":"https:\/\/catolicanet.net\/wp-cnet\/wp-json\/wp\/v2\/posts\/74287","targetHints":{"allow":["GET"]}}],"collection":[{"href":"https:\/\/catolicanet.net\/wp-cnet\/wp-json\/wp\/v2\/posts"}],"about":[{"href":"https:\/\/catolicanet.net\/wp-cnet\/wp-json\/wp\/v2\/types\/post"}],"author":[{"embeddable":true,"href":"https:\/\/catolicanet.net\/wp-cnet\/wp-json\/wp\/v2\/users\/1"}],"replies":[{"embeddable":true,"href":"https:\/\/catolicanet.net\/wp-cnet\/wp-json\/wp\/v2\/comments?post=74287"}],"version-history":[{"count":1,"href":"https:\/\/catolicanet.net\/wp-cnet\/wp-json\/wp\/v2\/posts\/74287\/revisions"}],"predecessor-version":[{"id":74289,"href":"https:\/\/catolicanet.net\/wp-cnet\/wp-json\/wp\/v2\/posts\/74287\/revisions\/74289"}],"wp:featuredmedia":[{"embeddable":true,"href":"https:\/\/catolicanet.net\/wp-cnet\/wp-json\/wp\/v2\/media\/74288"}],"wp:attachment":[{"href":"https:\/\/catolicanet.net\/wp-cnet\/wp-json\/wp\/v2\/media?parent=74287"}],"wp:term":[{"taxonomy":"category","embeddable":true,"href":"https:\/\/catolicanet.net\/wp-cnet\/wp-json\/wp\/v2\/categories?post=74287"},{"taxonomy":"post_tag","embeddable":true,"href":"https:\/\/catolicanet.net\/wp-cnet\/wp-json\/wp\/v2\/tags?post=74287"}],"curies":[{"name":"wp","href":"https:\/\/api.w.org\/{rel}","templated":true}]}}