{"id":74275,"date":"2022-06-27T10:47:43","date_gmt":"2022-06-27T13:47:43","guid":{"rendered":"https:\/\/catolicanet.net\/wp-cnet\/?p=74275"},"modified":"2022-06-27T16:48:44","modified_gmt":"2022-06-27T19:48:44","slug":"filha-do-ator-catolico-juliano-cazarre-nasce-com-doenca-rara-contamos-com-as-oracoes-de-todos","status":"publish","type":"post","link":"https:\/\/catolicanet.net\/wp-cnet\/filha-do-ator-catolico-juliano-cazarre-nasce-com-doenca-rara-contamos-com-as-oracoes-de-todos\/","title":{"rendered":"Filha do ator cat\u00f3lico Juliano Cazarr\u00e9 nasce com doen\u00e7a rara: \u201cContamos com as ora\u00e7\u00f5es de todos\u201d"},"content":{"rendered":"<h2 class=\"subtitle\" style=\"text-align: justify;\">Ator explicou que o caso dela \u00e9 &#8220;um dos mais raros dentro anomalia&#8221;; beb\u00ea se recupera de cirurgia<\/h2>\n<p style=\"text-align: justify;\">Maria Guilhermina de Guadalupe Bastos Aguiar, filha do ator cat\u00f3lico Juliano Cazarr\u00e9, nasceu no dia 21 de junho de 2022. O ator, que atualmente interpreta o personagem Alcides na novela Pantanal, falou sobre a chegada da pequena e revelou que ela veio ao mundo com uma anomalia rara no cora\u00e7\u00e3o.<\/p>\n<p style=\"text-align: justify;\">\u201cNos exames pr\u00e9-natais, descobrimos que ela teria uma cardiopatia cong\u00eanita rara, chamada Anomalia de Ebstein. Ao longo da gesta\u00e7\u00e3o, os m\u00e9dicos perceberam que o caso dela seria um dos mais raros e graves dentro da anomalia\u201d, explicou.<\/p>\n<p style=\"text-align: justify;\">De acordo com os m\u00e9dicos, a anomalia de Ebstein acomete um a cada 10 mil beb\u00eas e em igual n\u00famero entre meninos e meninas. Trata-se de uma malforma\u00e7\u00e3o na v\u00e1lvula tric\u00faspide que provoca insufici\u00eancia card\u00edaca e fluxo insuficiente do sangue para o corpo. Consequentemente, pode haver um aumento no tamanho do cora\u00e7\u00e3o.<\/p>\n<div class=\"wp-block-aleteia-heading3\" style=\"text-align: justify;\">\n<h3>Pequena guerreira<\/h3>\n<\/div>\n<p style=\"text-align: justify;\">A filha de Juliano Cazarr\u00e9 precisou passar por uma cirurgia logo ap\u00f3s o nascimento. \u201cNossa pequena guerreira passou seu primeiro dia de vida fazendo um reparo importante no cora\u00e7\u00e3o\u201d, postou o ator.<\/p>\n<p style=\"text-align: justify;\">Ele ainda informou que a cirurgia correu bem e que a nen\u00e9m se recupera na UTI. \u201cUm passinho de cada vez. Nossa princesinha j\u00e1 avan\u00e7ou muito\u201d, relatou.<\/p>\n<div class=\"wp-block-aleteia-heading3\" style=\"text-align: justify;\">\n<h3>Carinho e ora\u00e7\u00f5es<\/h3>\n<\/div>\n<p style=\"text-align: justify;\">O ator tamb\u00e9m reconheceu que as ora\u00e7\u00f5es e o carinho dos f\u00e3s t\u00eam sido fundamentais para que ele e a esposa, Let\u00edcia Cazarr\u00e9, possam enfrentrar este momento dif\u00edcil com serenidade e firmeza:<\/p>\n<blockquote class=\"wp-block-quote\"><p>\u201cQueremos, antes de mais nada, agradecer o apoio constante, o carinho e as ora\u00e7\u00f5es, que t\u00eam sido fundamentais para nos manter serenos e firmes neste momento. Nossos cora\u00e7\u00f5es est\u00e3o cheios de alegria e confian\u00e7a! Maria Guilhermina \u00e9 a coisa mais linda! Vamos seguir cuidando de tudo para que, em breve, possamos lev\u00e1-la para casa, onde seus irm\u00e3os Vicente, Inacio, Gaspar e Maria Madalena a aguardam ansiosamente! Contamos com as ora\u00e7\u00f5es de todos.\u201d<\/p><\/blockquote>\n<figure class=\"wp-block-embed is-type-rich is-provider-instagram wp-block-embed-instagram\" data-original=\"false\">\n<div class=\"wp-block-embed__wrapper\" style=\"text-align: justify;\"><iframe id=\"instagram-embed-0\" class=\"instagram-media css-1nvz6g instagram-media-rendered\" src=\"https:\/\/www.instagram.com\/p\/CfHTRFhuXIj\/embed\/?cr=1&amp;v=14&amp;wp=617&amp;rd=https%3A%2F%2Fpt.aleteia.org&amp;rp=%2F2022%2F06%2F27%2Ffilha-do-ator-catolico-juliano-cazarre-nasce-com-doenca-rara-contamos-com-as-oracoes-de-todos%2F#%7B%22ci%22%3A0%2C%22os%22%3A379559.80000000075%7D\" height=\"754\" frameborder=\"0\" scrolling=\"no\" allowfullscreen=\"allowfullscreen\" data-instgrm-payload-id=\"instagram-media-payload-0\" data-mce-fragment=\"1\"><\/iframe>&nbsp;<\/p>\n<\/div>\n<p style=\"text-align: justify;\">Rezemos pela recupera\u00e7\u00e3o de Maria Guilhermina e por todas as criancinhas que enfrentam qualquer tipo de doen\u00e7a!<\/p>\n<\/figure>\n","protected":false},"excerpt":{"rendered":"<p>Ator explicou que o caso dela \u00e9 &#8220;um dos mais raros dentro anomalia&#8221;; beb\u00ea se recupera de cirurgia Maria Guilhermina de Guadalupe Bastos Aguiar, filha do ator cat\u00f3lico Juliano Cazarr\u00e9, nasceu no dia 21 de junho de 2022. O ator, que atualmente interpreta o personagem Alcides na novela Pantanal, falou sobre a chegada da pequena [&hellip;]<\/p>\n","protected":false},"author":1,"featured_media":74276,"comment_status":"open","ping_status":"closed","sticky":false,"template":"","format":"standard","meta":{"footnotes":""},"categories":[4],"tags":[],"class_list":["post-74275","post","type-post","status-publish","format-standard","has-post-thumbnail","hentry","category-cotidiano"],"_links":{"self":[{"href":"https:\/\/catolicanet.net\/wp-cnet\/wp-json\/wp\/v2\/posts\/74275","targetHints":{"allow":["GET"]}}],"collection":[{"href":"https:\/\/catolicanet.net\/wp-cnet\/wp-json\/wp\/v2\/posts"}],"about":[{"href":"https:\/\/catolicanet.net\/wp-cnet\/wp-json\/wp\/v2\/types\/post"}],"author":[{"embeddable":true,"href":"https:\/\/catolicanet.net\/wp-cnet\/wp-json\/wp\/v2\/users\/1"}],"replies":[{"embeddable":true,"href":"https:\/\/catolicanet.net\/wp-cnet\/wp-json\/wp\/v2\/comments?post=74275"}],"version-history":[{"count":1,"href":"https:\/\/catolicanet.net\/wp-cnet\/wp-json\/wp\/v2\/posts\/74275\/revisions"}],"predecessor-version":[{"id":74277,"href":"https:\/\/catolicanet.net\/wp-cnet\/wp-json\/wp\/v2\/posts\/74275\/revisions\/74277"}],"wp:featuredmedia":[{"embeddable":true,"href":"https:\/\/catolicanet.net\/wp-cnet\/wp-json\/wp\/v2\/media\/74276"}],"wp:attachment":[{"href":"https:\/\/catolicanet.net\/wp-cnet\/wp-json\/wp\/v2\/media?parent=74275"}],"wp:term":[{"taxonomy":"category","embeddable":true,"href":"https:\/\/catolicanet.net\/wp-cnet\/wp-json\/wp\/v2\/categories?post=74275"},{"taxonomy":"post_tag","embeddable":true,"href":"https:\/\/catolicanet.net\/wp-cnet\/wp-json\/wp\/v2\/tags?post=74275"}],"curies":[{"name":"wp","href":"https:\/\/api.w.org\/{rel}","templated":true}]}}