{"id":74207,"date":"2022-06-06T10:03:45","date_gmt":"2022-06-06T13:03:45","guid":{"rendered":"https:\/\/catolicanet.net\/wp-cnet\/?p=74207"},"modified":"2022-06-06T14:05:08","modified_gmt":"2022-06-06T17:05:08","slug":"como-e-a-vida-cotidiana-do-papa-emerito-bento-xvi-aos-95-anos","status":"publish","type":"post","link":"https:\/\/catolicanet.net\/wp-cnet\/como-e-a-vida-cotidiana-do-papa-emerito-bento-xvi-aos-95-anos\/","title":{"rendered":"Como \u00e9 a vida cotidiana do Papa Em\u00e9rito Bento XVI aos 95 anos?"},"content":{"rendered":"<h2 class=\"subtitle\" style=\"text-align: justify;\">A jornada come\u00e7a com a Santa Missa, na qual o secret\u00e1rio \u00e9 o celebrante principal, j\u00e1 que Bento est\u00e1 em cadeira de rodas<\/h2>\n<p style=\"text-align: justify;\">Como \u00e9 a vida cotidiana do Papa Em\u00e9rito Bento XVI aos 95 anos? A pergunta foi feita ao secret\u00e1rio particular do pont\u00edfice alem\u00e3o, monsenhor Georg G\u00e4nswein, que viajou recentemente a Vorarlberg, na \u00c1ustria, para celebrar a Santa Missa em comemora\u00e7\u00e3o dos 50 anos do KIM, movimento juvenil cat\u00f3lico.<\/p>\n<p style=\"text-align: justify;\">Na ocasi\u00e3o, o arcebispo concedeu uma entrevista \u00e0 pastoral local da comunica\u00e7\u00e3o. Durante a conversa, noticiada pelo portal\u00a0<a href=\"https:\/\/www.kath-kirche-vorarlberg.at\/\" target=\"_blank\" rel=\"noreferrer noopener\">kath-kirche-vorarlberg.at<\/a>, mons. G\u00e4nswein respondeu sobre at\u00e9 que ponto a vida cotidiana do Papa Em\u00e9rito mudou depois da ren\u00fancia:<\/p>\n<blockquote class=\"wp-block-quote\"><p>\u201cAp\u00f3s renunciar ao cargo, no final de fevereiro de 2013, estabeleceu-se uma nova rotina di\u00e1ria para Bento XVI. At\u00e9 hoje ela permanece a mesma, com pequenas altera\u00e7\u00f5es. N\u00e3o nos esque\u00e7amos de que Bento XVI completou 95 anos em 16 de abril\u201d.<\/p><\/blockquote>\n<p style=\"text-align: justify;\">O secret\u00e1rio contou que a jornada do Papa Bento come\u00e7a com a Santa Missa, na qual o pr\u00f3prio mons. G\u00e4nswein costuma ser o celebrante principal, j\u00e1 que o Papa Em\u00e9rito est\u00e1 em cadeira de rodas. Ele concelebra no altar.<\/p>\n<div class=\"wp-block-aleteia-heading3\" style=\"text-align: justify;\">\n<h3>A vida cotidiana do Papa Em\u00e9rito Bento XVI<\/h3>\n<\/div>\n<p style=\"text-align: justify;\">Os dois tamb\u00e9m rezam juntos a Liturgia das Horas e, em seguida, tomam o caf\u00e9-da-manh\u00e3. Bento se dedica ent\u00e3o a ler e responder \u00e0 correspond\u00eancia e a informar-se sobre os acontecimentos na Igreja e no mundo.<\/p>\n<p style=\"text-align: justify;\">O Papa Em\u00e9rito ouve m\u00fasica com frequ\u00eancia, pois \u00e9 uma das suas formas preferidas de descanso mental. Ele costumava tocar piano, mas agora, segundo mons. G\u00e4nswein, \u201cos dedos n\u00e3o querem mais\u201d.<\/p>\n<p style=\"text-align: justify;\">Logo antes do almo\u00e7o, os dois rezam outra parte da Liturgia das Horas e, depois de almo\u00e7arem, o Papa Bento se recolhe para uma sesta. Em seguida, reza as V\u00e9speras.<\/p>\n<p style=\"text-align: justify;\">Durante a tarde, Bento l\u00ea ou, cada vez mais frequentemente, pede que algu\u00e9m leia para ele. Devido \u00e0 diminui\u00e7\u00e3o das suas for\u00e7as f\u00edsicas por conta da idade, ele hoje recebe visitas muito raras vezes.<\/p>\n<p style=\"text-align: justify;\">Ao final da tarde, ele passeia em cadeira de rodas el\u00e9trica pelos Jardins do Vaticano, enquanto reza o Ros\u00e1rio. O jantar \u00e9 servido cedo e, na sequ\u00eancia, o Papa Em\u00e9rito assiste ao notici\u00e1rio do dia pela televis\u00e3o italiana e encerra a jornada rezando as Completas.<\/p>\n","protected":false},"excerpt":{"rendered":"<p>A jornada come\u00e7a com a Santa Missa, na qual o secret\u00e1rio \u00e9 o celebrante principal, j\u00e1 que Bento est\u00e1 em cadeira de rodas Como \u00e9 a vida cotidiana do Papa Em\u00e9rito Bento XVI aos 95 anos? A pergunta foi feita ao secret\u00e1rio particular do pont\u00edfice alem\u00e3o, monsenhor Georg G\u00e4nswein, que viajou recentemente a Vorarlberg, na [&hellip;]<\/p>\n","protected":false},"author":1,"featured_media":74208,"comment_status":"open","ping_status":"closed","sticky":false,"template":"","format":"standard","meta":{"footnotes":""},"categories":[4],"tags":[],"class_list":["post-74207","post","type-post","status-publish","format-standard","has-post-thumbnail","hentry","category-cotidiano"],"_links":{"self":[{"href":"https:\/\/catolicanet.net\/wp-cnet\/wp-json\/wp\/v2\/posts\/74207","targetHints":{"allow":["GET"]}}],"collection":[{"href":"https:\/\/catolicanet.net\/wp-cnet\/wp-json\/wp\/v2\/posts"}],"about":[{"href":"https:\/\/catolicanet.net\/wp-cnet\/wp-json\/wp\/v2\/types\/post"}],"author":[{"embeddable":true,"href":"https:\/\/catolicanet.net\/wp-cnet\/wp-json\/wp\/v2\/users\/1"}],"replies":[{"embeddable":true,"href":"https:\/\/catolicanet.net\/wp-cnet\/wp-json\/wp\/v2\/comments?post=74207"}],"version-history":[{"count":1,"href":"https:\/\/catolicanet.net\/wp-cnet\/wp-json\/wp\/v2\/posts\/74207\/revisions"}],"predecessor-version":[{"id":74209,"href":"https:\/\/catolicanet.net\/wp-cnet\/wp-json\/wp\/v2\/posts\/74207\/revisions\/74209"}],"wp:featuredmedia":[{"embeddable":true,"href":"https:\/\/catolicanet.net\/wp-cnet\/wp-json\/wp\/v2\/media\/74208"}],"wp:attachment":[{"href":"https:\/\/catolicanet.net\/wp-cnet\/wp-json\/wp\/v2\/media?parent=74207"}],"wp:term":[{"taxonomy":"category","embeddable":true,"href":"https:\/\/catolicanet.net\/wp-cnet\/wp-json\/wp\/v2\/categories?post=74207"},{"taxonomy":"post_tag","embeddable":true,"href":"https:\/\/catolicanet.net\/wp-cnet\/wp-json\/wp\/v2\/tags?post=74207"}],"curies":[{"name":"wp","href":"https:\/\/api.w.org\/{rel}","templated":true}]}}