{"id":742,"date":"2023-02-07T00:00:39","date_gmt":"2023-02-07T03:00:39","guid":{"rendered":"http:\/\/catolicanet.net\/wp-cnet\/?p=742"},"modified":"2023-01-02T18:16:18","modified_gmt":"2023-01-02T21:16:18","slug":"sao-ricardo","status":"publish","type":"post","link":"https:\/\/catolicanet.net\/wp-cnet\/sao-ricardo\/","title":{"rendered":"S\u00e3o Ricardo"},"content":{"rendered":"<p style=\"text-align: justify;\">Nasceu na Inglaterra, no s\u00e9culo VII e teve tr\u00eas filhos que tamb\u00e9m foram reconhecidos pela Igreja como santos. Ao descobrir a sua voca\u00e7\u00e3o para a vida matrimonial, quis ser santo, mas tamb\u00e9m quis que seus filhos o fossem, formando uma fam\u00edlia santa para Deus. Ele fez, diariamente, a sua op\u00e7\u00e3o, porque a santidade passa pela ades\u00e3o da nossa liberdade. Somos livres, somos todos chamados a canalizar a nossa liberdade para Deus, o autor da verdadeira liberdade. O santo ingl\u00eas quis fazer uma peregrina\u00e7\u00e3o juntamente com os seus filhos chamados Winebaldo, Wilibaldo e Walberga. Mas, ao sa\u00edrem da Inglaterra rumo \u00e0 Terra Santa, passaram por Luca, norte da \u00c1frica, onde S\u00e3o Ricardo adoeceu gravemente e faleceu no ano de 722. Para os filhos, ficou o testemunho, a alegria do pai, a doa\u00e7\u00e3o, o homem que em tudo buscou a santidade; n\u00e3o apenas para si, mas para os outros e para seus filhos.<\/p>\n<p style=\"text-align: justify;\">S\u00e3o Bonif\u00e1cio, parente muito pr\u00f3ximo, convocou os filhos de S\u00e3o Ricardo para a evangeliza\u00e7\u00e3o na Germ\u00e2nia. Que linda contribui\u00e7\u00e3o! Walberga tornou-se abadessa; Wilibaldo, Bispo e Winebaldo fundou um mosteiro. Todos eles, como o pai, viveram a santidade. S\u00e3o Ricardo foi santo no seu tempo. De fam\u00edlia nobre, viveu uma nobreza interior, que precisa ser a de todos os crist\u00e3os; aquela que muitos podem nem perceber, mas que Deus est\u00e1 vendo. Os frutos mais pr\u00f3ximos que podemos perceber na vida desse santo s\u00e3o seus filhos que, assim como o pai, tamb\u00e9m foram santos. Ele quis ser santo e batalhou para s\u00ea-lo como Nosso Senhor Jesus Cristo foi, \u00e9 e continuar\u00e1 sendo.<\/p>\n<p style=\"text-align: justify;\">S\u00e3o Ricardo, rogai por n\u00f3s!<\/p>\n<p style=\"text-align: justify;\"><strong>Outros Santos do dia:<\/strong> S\u00e3o Romualdo, Bem-aventurado Papa Pio IX, Bem Aventurada Eug\u00eania Smet, S\u00e3o Tobias.<\/p>\n","protected":false},"excerpt":{"rendered":"<p>Nasceu na Inglaterra, no s\u00e9culo VII e teve tr\u00eas filhos que tamb\u00e9m foram reconhecidos pela Igreja como santos. Ao descobrir a sua voca\u00e7\u00e3o para a vida matrimonial, quis ser santo, mas tamb\u00e9m quis que seus filhos o fossem, formando uma fam\u00edlia santa para Deus. Ele fez, diariamente, a sua op\u00e7\u00e3o, porque a santidade passa pela [&hellip;]<\/p>\n","protected":false},"author":1,"featured_media":22118,"comment_status":"open","ping_status":"open","sticky":false,"template":"","format":"standard","meta":{"footnotes":""},"categories":[32],"tags":[],"class_list":["post-742","post","type-post","status-publish","format-standard","has-post-thumbnail","hentry","category-santo-do-dia"],"_links":{"self":[{"href":"https:\/\/catolicanet.net\/wp-cnet\/wp-json\/wp\/v2\/posts\/742","targetHints":{"allow":["GET"]}}],"collection":[{"href":"https:\/\/catolicanet.net\/wp-cnet\/wp-json\/wp\/v2\/posts"}],"about":[{"href":"https:\/\/catolicanet.net\/wp-cnet\/wp-json\/wp\/v2\/types\/post"}],"author":[{"embeddable":true,"href":"https:\/\/catolicanet.net\/wp-cnet\/wp-json\/wp\/v2\/users\/1"}],"replies":[{"embeddable":true,"href":"https:\/\/catolicanet.net\/wp-cnet\/wp-json\/wp\/v2\/comments?post=742"}],"version-history":[{"count":1,"href":"https:\/\/catolicanet.net\/wp-cnet\/wp-json\/wp\/v2\/posts\/742\/revisions"}],"predecessor-version":[{"id":744,"href":"https:\/\/catolicanet.net\/wp-cnet\/wp-json\/wp\/v2\/posts\/742\/revisions\/744"}],"wp:featuredmedia":[{"embeddable":true,"href":"https:\/\/catolicanet.net\/wp-cnet\/wp-json\/wp\/v2\/media\/22118"}],"wp:attachment":[{"href":"https:\/\/catolicanet.net\/wp-cnet\/wp-json\/wp\/v2\/media?parent=742"}],"wp:term":[{"taxonomy":"category","embeddable":true,"href":"https:\/\/catolicanet.net\/wp-cnet\/wp-json\/wp\/v2\/categories?post=742"},{"taxonomy":"post_tag","embeddable":true,"href":"https:\/\/catolicanet.net\/wp-cnet\/wp-json\/wp\/v2\/tags?post=742"}],"curies":[{"name":"wp","href":"https:\/\/api.w.org\/{rel}","templated":true}]}}