{"id":74192,"date":"2022-06-06T09:40:58","date_gmt":"2022-06-06T12:40:58","guid":{"rendered":"https:\/\/catolicanet.net\/wp-cnet\/?p=74192"},"modified":"2022-06-06T13:44:06","modified_gmt":"2022-06-06T16:44:06","slug":"atentado-na-nigeria-quando-a-dor-nao-interessa","status":"publish","type":"post","link":"https:\/\/catolicanet.net\/wp-cnet\/atentado-na-nigeria-quando-a-dor-nao-interessa\/","title":{"rendered":"Atentado na Nig\u00e9ria: quando a dor n\u00e3o interessa"},"content":{"rendered":"<figure class=\"article__image\" style=\"text-align: justify;\"><span class=\"didascalia_img\">O desinteresse de muitos pela humanidade da \u00c1frica, \u00e9 equivalente aos muitos interesses, ocultos e evidentes, pelos seus recursos\u00a0<\/span><\/figure>\n<div class=\"article__meta audioInside\" data-mediatype=\"\">\n<div class=\"article__subTitle\" style=\"text-align: justify;\">O terr\u00edvel massacre ocorrido em uma igreja cat\u00f3lica na Nig\u00e9ria n\u00e3o recebeu o devido destaque em muitos dos principais meios de comunica\u00e7\u00e3o do mundo. De fato, h\u00e1 um sofrimento de segunda classe que causa outro sofrimento, que vem do sentir-se esquecido, de ver que a pr\u00f3pria dor, por maior que seja, n\u00e3o merece aten\u00e7\u00e3o<\/div>\n<div class=\"title__separator\" style=\"text-align: justify;\"><\/div>\n<div class=\"article__text \">\n<p style=\"text-align: justify;\"><b>Sergio Centofanti<\/b><\/p>\n<p style=\"text-align: justify;\">\u00c9 impressionante entrar na internet entre os principais jornais do mundo e n\u00e3o ver nas primeiras not\u00edcias, com poucas exce\u00e7\u00f5es, o drama do massacre ocorrido em uma igreja cat\u00f3lica na Nig\u00e9ria durante a Missa de Pentecostes. H\u00e1 muitas d\u00e9cadas que lemos nos jornais africanos a den\u00fancia de que o continente est\u00e1 fora da aten\u00e7\u00e3o internacional, n\u00e3o apenas por suas trag\u00e9dias, mas talvez tamb\u00e9m e acima de tudo pelo que \u00e9 belo e positivo nesta terra. Isto n\u00e3o \u00e9 um lamento de vitimismo, mas a simples constata\u00e7\u00e3o de uma realidade: o desinteresse de muitos pela humanidade da \u00c1frica diante dos muitos interesses, ocultos e evidentes, pelos seus recursos.<\/p>\n<div style=\"text-align: justify;\">\n<div class=\"article__embed article__embed--unwrap article__embed--dark\">\n<div class=\"article__innerTitle\">Ou\u00e7a e compartilhe<\/div>\n<div>\n<audio class=\"wp-audio-shortcode\" id=\"audio-74192-1\" preload=\"none\" style=\"width: 100%;\" controls=\"controls\"><source type=\"audio\/mpeg\" src=\"https:\/\/media.vaticannews.va\/media\/audio\/s1\/2022\/06\/06\/11\/136592960_F136592960.mp3?_=1\" \/><a href=\"https:\/\/media.vaticannews.va\/media\/audio\/s1\/2022\/06\/06\/11\/136592960_F136592960.mp3\">https:\/\/media.vaticannews.va\/media\/audio\/s1\/2022\/06\/06\/11\/136592960_F136592960.mp3<\/a><\/audio>\n<\/div>\n<\/div>\n<\/div>\n<p style=\"text-align: justify;\">As imagens do massacre s\u00e3o terr\u00edveis. \u00c9 um mist\u00e9rio o mal que se abate com ferocidade sobre pessoas indefesas orando em um dia de festa e mata tantas vidas, mesmo das que continuam a viver: h\u00e1 muitas crian\u00e7as entre as v\u00edtimas. \u00c9 impressionante ver tanta dor negligenciada. \u00c9 impressionante ver a indiferen\u00e7a, a falta de compaix\u00e3o, a incapacidade de se deter diante daqueles que sofrem.<\/p>\n<p style=\"text-align: justify;\">O primeiro apelo do pontificado do Papa Francisco foi para a \u00c1frica Central, onde ele abriu antecipadamente a Porta Santa do Jubileu da Miseric\u00f3rdia. Precisamos de um cora\u00e7\u00e3o que se abra para os mais pobres, para os exclu\u00eddos, para aqueles que s\u00e3o esquecidos. Sua primeira viagem foi para Lampedusa, para prestar homenagem aos muitos migrantes que sonhavam com uma vida melhor e morreram porque n\u00e3o encontraram uma m\u00e3o estendida para salv\u00e1-los.<\/p>\n<p style=\"text-align: justify;\">H\u00e1 muitas guerras e crises esquecidas, n\u00e3o apenas na \u00c1frica. Basta pensar na S\u00edria, I\u00eamen, Afeganist\u00e3o, Mianmar, Haiti, para citar apenas algumas. Pensando nestes sofrimentos esquecidos, pensando nesta pequena cidade nigeriana, Owo, o cen\u00e1rio de um massacre dram\u00e1tico, vem \u00e0 mente a profecia de Isa\u00edas quando afirma que um dia os povos ver\u00e3o a justi\u00e7a de Deus e cada cidade negligenciada, cada pessoa esquecida e abandonada ver\u00e1 claramente o amor de seu Salvador:<\/p>\n<p style=\"text-align: justify;\">\u201c<i>Receber\u00e1s um nome novo, que a boca do Senhor enunciar\u00e1. Ser\u00e1s uma coroa gloriosa nas m\u00e3os do Senhor, um turbante real na palma do teu Deus. J\u00e1 n\u00e3o te chamar\u00e3o \u201cAbandonada\u201d, nem chamar\u00e3o \u00e0 tua terra \u201cDesola\u00e7\u00e3o\u201d. Antes, ser\u00e1s chamada \u201cMeu prazer est\u00e1 nela\u201d, e tua terra, \u201cDesposada\u201d. Com efeito, o Senhor ter\u00e1 prazer em ti e se desposar\u00e1 com a tua terra. Como um jovem desposa uma virgem, assim te desposar\u00e1 o teu edificador. Como a alegria do noivo pela sua noiva, tal ser\u00e1 a alegria que o teu Deus sentir\u00e1 em ti. \u00a0(&#8230;) Eis que a tua salva\u00e7\u00e3o est\u00e1 chegando, eis com ele o teu sal\u00e1rio: diante dele a sua recompensa. Eles ser\u00e3o chamados \u201cO povo santo\u201d, \u201cOs redimidos do Senhor\u201d. Quanto a ti, ser\u00e1s chamada \u201cProcurada\u201d, \u201cCidade n\u00e3o abandonada<\/i>\u201d.<\/p>\n<\/div>\n<\/div>\n","protected":false},"excerpt":{"rendered":"<p>O desinteresse de muitos pela humanidade da \u00c1frica, \u00e9 equivalente aos muitos interesses, ocultos e evidentes, pelos seus recursos\u00a0 O terr\u00edvel massacre ocorrido em uma igreja cat\u00f3lica na Nig\u00e9ria n\u00e3o recebeu o devido destaque em muitos dos principais meios de comunica\u00e7\u00e3o do mundo. De fato, h\u00e1 um sofrimento de segunda classe que causa outro sofrimento, [&hellip;]<\/p>\n","protected":false},"author":1,"featured_media":74193,"comment_status":"open","ping_status":"closed","sticky":false,"template":"","format":"standard","meta":{"footnotes":""},"categories":[3],"tags":[],"class_list":["post-74192","post","type-post","status-publish","format-standard","has-post-thumbnail","hentry","category-vaticano"],"_links":{"self":[{"href":"https:\/\/catolicanet.net\/wp-cnet\/wp-json\/wp\/v2\/posts\/74192","targetHints":{"allow":["GET"]}}],"collection":[{"href":"https:\/\/catolicanet.net\/wp-cnet\/wp-json\/wp\/v2\/posts"}],"about":[{"href":"https:\/\/catolicanet.net\/wp-cnet\/wp-json\/wp\/v2\/types\/post"}],"author":[{"embeddable":true,"href":"https:\/\/catolicanet.net\/wp-cnet\/wp-json\/wp\/v2\/users\/1"}],"replies":[{"embeddable":true,"href":"https:\/\/catolicanet.net\/wp-cnet\/wp-json\/wp\/v2\/comments?post=74192"}],"version-history":[{"count":1,"href":"https:\/\/catolicanet.net\/wp-cnet\/wp-json\/wp\/v2\/posts\/74192\/revisions"}],"predecessor-version":[{"id":74194,"href":"https:\/\/catolicanet.net\/wp-cnet\/wp-json\/wp\/v2\/posts\/74192\/revisions\/74194"}],"wp:featuredmedia":[{"embeddable":true,"href":"https:\/\/catolicanet.net\/wp-cnet\/wp-json\/wp\/v2\/media\/74193"}],"wp:attachment":[{"href":"https:\/\/catolicanet.net\/wp-cnet\/wp-json\/wp\/v2\/media?parent=74192"}],"wp:term":[{"taxonomy":"category","embeddable":true,"href":"https:\/\/catolicanet.net\/wp-cnet\/wp-json\/wp\/v2\/categories?post=74192"},{"taxonomy":"post_tag","embeddable":true,"href":"https:\/\/catolicanet.net\/wp-cnet\/wp-json\/wp\/v2\/tags?post=74192"}],"curies":[{"name":"wp","href":"https:\/\/api.w.org\/{rel}","templated":true}]}}