{"id":74181,"date":"2022-06-02T09:28:55","date_gmt":"2022-06-02T12:28:55","guid":{"rendered":"https:\/\/catolicanet.net\/wp-cnet\/?p=74181"},"modified":"2022-06-02T17:49:10","modified_gmt":"2022-06-02T20:49:10","slug":"papa-francisco-parabeniza-rainha-elizabeth-ii-pelos-70-anos-de-reinado","status":"publish","type":"post","link":"https:\/\/catolicanet.net\/wp-cnet\/papa-francisco-parabeniza-rainha-elizabeth-ii-pelos-70-anos-de-reinado\/","title":{"rendered":"Papa Francisco parabeniza rainha Elizabeth II pelos 70 anos de reinado"},"content":{"rendered":"<p style=\"text-align: justify;\">Francisco escreveu \u00e0 rainha Elizabeth II da Inglaterra por ocasi\u00e3o das celebra\u00e7\u00f5es dos 70 anos de reinado e do anivers\u00e1rio de 96 anos, informou hoje (2) a Sala de Imprensa da Santa S\u00e9.<\/p>\n<p style=\"text-align: justify;\">&#8220;Na alegre ocasi\u00e3o do anivers\u00e1rio de sua majestade, e ao celebrar o jubileu de platina este ano, envio-lhe calorosas sauda\u00e7\u00f5es e bons votos&#8221;, l\u00ea-se no in\u00edcio da mensagem.<\/p>\n<p style=\"text-align: justify;\">Elizabeth II nasceu em 21 de abril de 1926 e se tornou rainha em 6 de fevereiro de 1952, aos 25 anos de idade, ap\u00f3s a morte de seu pai, o rei George VI. Ela \u00e9 a primeira monarca brit\u00e2nica a ocupar o trono por 70 anos. A rainha Vit\u00f3ria, tatarav\u00f3 de Elizabeth II, reinou por 63 anos e sete meses.<\/p>\n<p style=\"text-align: justify;\">Francisco tamb\u00e9m rezou \u201cpara que Deus Todo-Poderoso conceda \u00e0 senhora, aos membros da fam\u00edlia real e a todo o povo da na\u00e7\u00e3o, b\u00ean\u00e7\u00e3os de unidade, prosperidade e de paz\u201d.<\/p>\n<p style=\"text-align: justify;\">O papa Francisco e a Rainha da Inglaterra tiveram seu \u00faltimo encontro no Vaticano em abril de 2014.<\/p>\n<p style=\"text-align: justify;\">Depois da morte do duque de Edimburgo, marido da rainha, Francisco enviou um telegrama no qual recordava &#8220;a dedica\u00e7\u00e3o do pr\u00edncipe Felipe ao matrim\u00f4nio e \u00e0 fam\u00edlia, sua eminente hist\u00f3ria de servi\u00e7o p\u00fablico e seu compromisso com a educa\u00e7\u00e3o e a promo\u00e7\u00e3o das gera\u00e7\u00f5es futuras\u201d.<\/p>\n<p style=\"text-align: justify;\">A Confer\u00eancia Episcopal da Inglaterra e Pa\u00eds de Gales tamb\u00e9m publicou uma nota na qual informa que reza pela rainha Elizabeth para \u201cque ela continue conhecendo o amor inabal\u00e1vel de Deus e servindo fielmente ao seu povo\u201d.<\/p>\n<p style=\"text-align: justify;\">A confer\u00eancia dos\u00a0bispos\u00a0da Inglaterra disse que em todas as missas dominicais no pr\u00f3ximo fim de semana, 4 e 5 de junho, todas as par\u00f3quias da Inglaterra e do Pa\u00eds de Gales devem rezar \u201cpor sua majestade a Rainha para comemorar o jubileu de platina\u201d.<\/p>\n<p style=\"text-align: justify;\">Cada par\u00f3quia deve incluir uma inten\u00e7\u00e3o na Ora\u00e7\u00e3o dos Fi\u00e9is e no final da\u00a0missa\u00a0recitar a \u201cOra\u00e7\u00e3o pela Rainha\u201d.<\/p>\n","protected":false},"excerpt":{"rendered":"<p>Francisco escreveu \u00e0 rainha Elizabeth II da Inglaterra por ocasi\u00e3o das celebra\u00e7\u00f5es dos 70 anos de reinado e do anivers\u00e1rio de 96 anos, informou hoje (2) a Sala de Imprensa da Santa S\u00e9. &#8220;Na alegre ocasi\u00e3o do anivers\u00e1rio de sua majestade, e ao celebrar o jubileu de platina este ano, envio-lhe calorosas sauda\u00e7\u00f5es e bons [&hellip;]<\/p>\n","protected":false},"author":1,"featured_media":74182,"comment_status":"open","ping_status":"closed","sticky":false,"template":"","format":"standard","meta":{"footnotes":""},"categories":[4],"tags":[],"class_list":["post-74181","post","type-post","status-publish","format-standard","has-post-thumbnail","hentry","category-cotidiano"],"_links":{"self":[{"href":"https:\/\/catolicanet.net\/wp-cnet\/wp-json\/wp\/v2\/posts\/74181","targetHints":{"allow":["GET"]}}],"collection":[{"href":"https:\/\/catolicanet.net\/wp-cnet\/wp-json\/wp\/v2\/posts"}],"about":[{"href":"https:\/\/catolicanet.net\/wp-cnet\/wp-json\/wp\/v2\/types\/post"}],"author":[{"embeddable":true,"href":"https:\/\/catolicanet.net\/wp-cnet\/wp-json\/wp\/v2\/users\/1"}],"replies":[{"embeddable":true,"href":"https:\/\/catolicanet.net\/wp-cnet\/wp-json\/wp\/v2\/comments?post=74181"}],"version-history":[{"count":1,"href":"https:\/\/catolicanet.net\/wp-cnet\/wp-json\/wp\/v2\/posts\/74181\/revisions"}],"predecessor-version":[{"id":74183,"href":"https:\/\/catolicanet.net\/wp-cnet\/wp-json\/wp\/v2\/posts\/74181\/revisions\/74183"}],"wp:featuredmedia":[{"embeddable":true,"href":"https:\/\/catolicanet.net\/wp-cnet\/wp-json\/wp\/v2\/media\/74182"}],"wp:attachment":[{"href":"https:\/\/catolicanet.net\/wp-cnet\/wp-json\/wp\/v2\/media?parent=74181"}],"wp:term":[{"taxonomy":"category","embeddable":true,"href":"https:\/\/catolicanet.net\/wp-cnet\/wp-json\/wp\/v2\/categories?post=74181"},{"taxonomy":"post_tag","embeddable":true,"href":"https:\/\/catolicanet.net\/wp-cnet\/wp-json\/wp\/v2\/tags?post=74181"}],"curies":[{"name":"wp","href":"https:\/\/api.w.org\/{rel}","templated":true}]}}