{"id":74178,"date":"2022-06-02T09:19:55","date_gmt":"2022-06-02T12:19:55","guid":{"rendered":"https:\/\/catolicanet.net\/wp-cnet\/?p=74178"},"modified":"2022-06-02T17:25:27","modified_gmt":"2022-06-02T20:25:27","slug":"abertas-as-inscricoes-para-o-xxi-encontro-nacional-da-pastoral-da-educacao-que-acontecera-de-forma-hibrida-de-19-a-21-de-agosto","status":"publish","type":"post","link":"https:\/\/catolicanet.net\/wp-cnet\/abertas-as-inscricoes-para-o-xxi-encontro-nacional-da-pastoral-da-educacao-que-acontecera-de-forma-hibrida-de-19-a-21-de-agosto\/","title":{"rendered":"ABERTAS AS INSCRI\u00c7\u00d5ES PARA O XXI ENCONTRO NACIONAL DA PASTORAL DA EDUCA\u00c7\u00c3O QUE ACONTECER\u00c1 DE FORMA H\u00cdBRIDA DE 19 A 21 DE AGOSTO"},"content":{"rendered":"<div id=\"ImagagemDestacada\" class=\"elementor-element elementor-element-1fe4726 elementor-widget elementor-widget-theme-post-featured-image elementor-widget-image\" data-id=\"1fe4726\" data-element_type=\"widget\" data-widget_type=\"theme-post-featured-image.default\">\n<div class=\"elementor-widget-container\">\n<div class=\"elementor-image\" style=\"text-align: justify;\"><\/div>\n<\/div>\n<\/div>\n<div class=\"elementor-element elementor-element-3a087bd2 elementor-widget elementor-widget-theme-post-content\" data-id=\"3a087bd2\" data-element_type=\"widget\" data-widget_type=\"theme-post-content.default\">\n<div class=\"elementor-widget-container\">\n<figure id=\"attachment_914433\" class=\"wp-caption alignright\" style=\"text-align: justify;\" aria-describedby=\"caption-attachment-914433\"><img loading=\"lazy\" decoding=\"async\" class=\"wp-image-914433 size-medium lazyloaded\" src=\"https:\/\/eadn-wc02-718006.nxedge.io\/cdn\/wp-content\/uploads\/2022\/06\/Arte-do-XXI-Enape-283x300.jpg\" sizes=\"auto, (max-width: 283px) 100vw, 283px\" srcset=\"https:\/\/eadn-wc02-718006.nxedge.io\/cdn\/wp-content\/uploads\/2022\/06\/Arte-do-XXI-Enape-283x300.jpg 283w, https:\/\/eadn-wc02-718006.nxedge.io\/cdn\/wp-content\/uploads\/2022\/06\/Arte-do-XXI-Enape-500x530.jpg 500w, https:\/\/eadn-wc02-718006.nxedge.io\/cdn\/wp-content\/uploads\/2022\/06\/Arte-do-XXI-Enape.jpg 603w\" alt=\"\" width=\"283\" height=\"300\" data-srcset=\"https:\/\/eadn-wc02-718006.nxedge.io\/cdn\/wp-content\/uploads\/2022\/06\/Arte-do-XXI-Enape-283x300.jpg 283w, https:\/\/eadn-wc02-718006.nxedge.io\/cdn\/wp-content\/uploads\/2022\/06\/Arte-do-XXI-Enape-500x530.jpg 500w, https:\/\/eadn-wc02-718006.nxedge.io\/cdn\/wp-content\/uploads\/2022\/06\/Arte-do-XXI-Enape.jpg 603w\" data-src=\"https:\/\/eadn-wc02-718006.nxedge.io\/cdn\/wp-content\/uploads\/2022\/06\/Arte-do-XXI-Enape-283x300.jpg\" data-sizes=\"(max-width: 283px) 100vw, 283px\" \/><figcaption id=\"caption-attachment-914433\" class=\"wp-caption-text\">Sentidos da logomarca do encontro.<\/figcaption><\/figure>\n<p style=\"text-align: justify;\">A Comiss\u00e3o Episcopal Pastoral para a Cultura e Educa\u00e7\u00e3o da Confer\u00eancia Nacional dos Bispos do Brasil (CNBB), por meio de seu Setor de Educa\u00e7\u00e3o, est\u00e1 organizando para o m\u00eas de agosto, o\u00a0<strong>XXI Encontro Nacional da Pastoral da Educa\u00e7\u00e3o (ENAPE)<\/strong>.<\/p>\n<p style=\"text-align: justify;\">O encontro, a ser realizado de forma h\u00edbrida de 19 a 21 de agosto deste ano, ter\u00e1 como objetivo refletir, partilhar e tra\u00e7ar caminhos para fortalecer a presen\u00e7a evangelizadora nos m\u00faltiplos espa\u00e7os educativos do Brasil.<\/p>\n<p style=\"text-align: justify;\">Com o tema:\u00a0<em>\u201cPastoral da Educa\u00e7\u00e3o: identidades e miss\u00e3o\u201d<\/em>, o XXI ENAPE convida os agentes da Pastoral da Educa\u00e7\u00e3o a refletir a miss\u00e3o da pastoral dentro da grande miss\u00e3o confiada pelo Senhor aos seus disc\u00edpulos. Al\u00e9m disso, como a\u00e7\u00e3o evangelizadora nos espa\u00e7os educativos, a pastoral ganha rostos e inciativas pr\u00f3prias levando em considera\u00e7\u00e3o as especificidades de cada lugar, por isso a utiliza\u00e7\u00e3o do termo \u201cidentidades\u201d no plural, evocando a realidades e abordagens diferentes.<\/p>\n<p style=\"text-align: justify;\">Devido \u00e0s implica\u00e7\u00f5es da pandemia, os eventos do XXI Encontro Nacional acontecer\u00e3o em formato h\u00edbrido, com grupo presencial em Goi\u00e2nia e com transmiss\u00e3o ao vivo pelo\u00a0<a href=\"https:\/\/www.youtube.com\/channel\/UCj-Iuy37uTrpOun69BIACWg\/videos\" target=\"_blank\" rel=\"noopener\">Canal do YouTube \u201cCultura e Educa\u00e7\u00e3o CNBB\u201d<\/a>, entre os dias 19 a 21 de agosto de 2022. A programa\u00e7\u00e3o com os respectivos hor\u00e1rios ser\u00e1 publicada no site\u00a0<a href=\"https:\/\/culturaeducacaocnbb.com\/\" target=\"_blank\" rel=\"noopener\">www.culturaeducacaocnbb.com<\/a>. Em parceria com a\u00a0<a href=\"https:\/\/vestibular.novopuc.com\/\" target=\"_blank\" rel=\"noopener\">PUC Goi\u00e1s<\/a>, ser\u00e1 oferecido certificado de 10h aos participantes do encontro.<\/p>\n<p style=\"text-align: justify;\"><strong>Saiba mais:<\/strong><\/p>\n<p><iframe loading=\"lazy\" title=\"XXI Encontro Nacional da Pastoral da Educa\u00e7\u00e3o (ENAPE)\" width=\"696\" height=\"392\" src=\"https:\/\/www.youtube.com\/embed\/w7qm4Rbi-_k?feature=oembed\" frameborder=\"0\" allow=\"accelerometer; autoplay; clipboard-write; encrypted-media; gyroscope; picture-in-picture\" allowfullscreen><\/iframe><\/p>\n<h3 style=\"text-align: justify;\">Paix\u00e3o pela miss\u00e3o de educar<\/h3>\n<p style=\"text-align: justify;\"><img loading=\"lazy\" decoding=\"async\" class=\"size-medium wp-image-914432 alignright lazyloaded\" src=\"https:\/\/eadn-wc02-718006.nxedge.io\/cdn\/wp-content\/uploads\/2022\/06\/Dom-Joao-Justino-300x200.jpg\" sizes=\"auto, (max-width: 300px) 100vw, 300px\" srcset=\"https:\/\/eadn-wc02-718006.nxedge.io\/cdn\/wp-content\/uploads\/2022\/06\/Dom-Joao-Justino-300x200.jpg 300w, https:\/\/eadn-wc02-718006.nxedge.io\/cdn\/wp-content\/uploads\/2022\/06\/Dom-Joao-Justino-391x260.jpg 391w, https:\/\/eadn-wc02-718006.nxedge.io\/cdn\/wp-content\/uploads\/2022\/06\/Dom-Joao-Justino-500x333.jpg 500w, https:\/\/eadn-wc02-718006.nxedge.io\/cdn\/wp-content\/uploads\/2022\/06\/Dom-Joao-Justino.jpg 552w\" alt=\"\" width=\"300\" height=\"200\" data-srcset=\"https:\/\/eadn-wc02-718006.nxedge.io\/cdn\/wp-content\/uploads\/2022\/06\/Dom-Joao-Justino-300x200.jpg 300w, https:\/\/eadn-wc02-718006.nxedge.io\/cdn\/wp-content\/uploads\/2022\/06\/Dom-Joao-Justino-391x260.jpg 391w, https:\/\/eadn-wc02-718006.nxedge.io\/cdn\/wp-content\/uploads\/2022\/06\/Dom-Joao-Justino-500x333.jpg 500w, https:\/\/eadn-wc02-718006.nxedge.io\/cdn\/wp-content\/uploads\/2022\/06\/Dom-Joao-Justino.jpg 552w\" data-src=\"https:\/\/eadn-wc02-718006.nxedge.io\/cdn\/wp-content\/uploads\/2022\/06\/Dom-Joao-Justino-300x200.jpg\" data-sizes=\"(max-width: 300px) 100vw, 300px\" \/>Segundo o arcebispo de Goi\u00e2nia (GO) e presidente da Comiss\u00e3o Episcopal Pastoral para a Cultura e Educa\u00e7\u00e3o da CNBB, dom Jo\u00e3o Justino de Medeiros Silva, a paix\u00e3o pela miss\u00e3o de educar \u201cnos mantem comprometidos com a Pastoral da Educa\u00e7\u00e3o\u201d. De acordo com ele, se faltasse esse sentimento muitos j\u00e1 teriam abandonado a Pastoral da Educa\u00e7\u00e3o e, at\u00e9 mesmo, o trabalho da educa\u00e7\u00e3o.<\/p>\n<blockquote><p>\u201cN\u00f3s agentes da Pastoral da Educa\u00e7\u00e3o n\u00e3o somos apaixonados apenas pela miss\u00e3o de educar, o que em si j\u00e1 \u00e9 uma experi\u00eancia muito edificante. Somos, antes, apaixonados por Jesus Cristo e por seu evangelho. \u00c9 n\u2019Ele que nos inspiramos para apostar numa educa\u00e7\u00e3o integral e libertadora, promotora do humanismo solid\u00e1rio\u201d, disse.<\/p><\/blockquote>\n<h3 style=\"text-align: justify;\">Processos educativos enraizados no Evangelho<\/h3>\n<p style=\"text-align: justify;\">De acordo com assessor do Setor de Educa\u00e7\u00e3o da Comiss\u00e3o Episcopal Pastoral para a Cultura e Educa\u00e7\u00e3o da Confer\u00eancia Nacional dos Bispos do Brasil (CNBB), padre J\u00falio C\u00e9sar Evangelista Resende, a Campanha da Fraternidade deste ano de 2022 convidou a Igreja e toda a sociedade brasileira a refletirem sobre a educa\u00e7\u00e3o e o compromisso com processos educativos que, enraizadas no Evangelho, fomentem a dignidade humana, a fraternidade e o cuidado com a casa comum. O XXI Encontro Nacional da Pastoral da Educa\u00e7\u00e3o se inspira em um dos objetivos espec\u00edficos da CF22 que prop\u00f4s estimular a organiza\u00e7\u00e3o do servi\u00e7o pastoral junto a escolas, universidades, centros comunit\u00e1rios e outros espa\u00e7os educativos\u201d.<\/p>\n<p style=\"text-align: justify;\">No caminho de organiza\u00e7\u00e3o do encontro foi criado um Comit\u00ea Pedag\u00f3gico-pastoral, que preparou um e-book chamado \u201cTexto de Trabalho\u201d, que \u00e9 um instrumento para ajudar nas reflex\u00f5es e partilhas nos diversos grupos da Pastoral da Educa\u00e7\u00e3o, nas muitas e diversas realidades do nosso pa\u00eds no caminho de prepara\u00e7\u00e3o e viv\u00eancia do XXI ENAPE. Ao final do documento, s\u00e3o apresentadas algumas perguntas com o objetivo de facilitar as rodas de conversa. O fruto destas partilhas dever\u00e1 ser enviado por e-mail ao Setor de Educa\u00e7\u00e3o.<\/p>\n<blockquote><p>A coordenadora da Pastoral da Educa\u00e7\u00e3o no regional Sul 2, Rosiana de Moura Pereira, aponta ser oportuno no contexto dos 15 anos da Confer\u00eancia de Aparecida, do Pacto Educativo Global e da CF 2022, nomear as diversas experi\u00eancias pastorais e promover um novo impulso mission\u00e1rio junto ao mundo da educa\u00e7\u00e3o. \u201cComo disc\u00edpulos mission\u00e1rios, n\u00f3s educadores somos chamados a responder a\u0300 voca\u00e7\u00e3o recebida e comunicar, por toda parte, o dom do encontro com Jesus Cristo\u201d, disse.<\/p><\/blockquote>\n<p style=\"text-align: justify;\"><strong>Fa\u00e7a sua inscri\u00e7\u00e3o pelo link.<\/strong><br \/>\nhttps:\/\/<a href=\"https:\/\/forms.office.com\/pages\/responsepage.aspx?id=Qp8xcwiJiUufjVWM9NXXditWYgJ-LndEuCu_wR9ENrhUNklDWElUMUI3Q0FNVVpXUVE5V1pUVjAwOS4u\" target=\"_blank\" rel=\"noopener\">forms.office.com\/r\/Q7zaxsp1Hx<\/a><\/p>\n<p style=\"text-align: justify;\"><strong>D\u00favidas e informa\u00e7\u00f5es:<\/strong><br \/>\nInforma\u00e7\u00f5es pelo e-mail educacao@cnbb.org.br<\/p>\n<\/div>\n<\/div>\n","protected":false},"excerpt":{"rendered":"<p>Sentidos da logomarca do encontro. A Comiss\u00e3o Episcopal Pastoral para a Cultura e Educa\u00e7\u00e3o da Confer\u00eancia Nacional dos Bispos do Brasil (CNBB), por meio de seu Setor de Educa\u00e7\u00e3o, est\u00e1 organizando para o m\u00eas de agosto, o\u00a0XXI Encontro Nacional da Pastoral da Educa\u00e7\u00e3o (ENAPE). O encontro, a ser realizado de forma h\u00edbrida de 19 a [&hellip;]<\/p>\n","protected":false},"author":1,"featured_media":74179,"comment_status":"open","ping_status":"closed","sticky":false,"template":"","format":"standard","meta":{"footnotes":""},"categories":[7],"tags":[],"class_list":["post-74178","post","type-post","status-publish","format-standard","has-post-thumbnail","hentry","category-cnbb"],"_links":{"self":[{"href":"https:\/\/catolicanet.net\/wp-cnet\/wp-json\/wp\/v2\/posts\/74178","targetHints":{"allow":["GET"]}}],"collection":[{"href":"https:\/\/catolicanet.net\/wp-cnet\/wp-json\/wp\/v2\/posts"}],"about":[{"href":"https:\/\/catolicanet.net\/wp-cnet\/wp-json\/wp\/v2\/types\/post"}],"author":[{"embeddable":true,"href":"https:\/\/catolicanet.net\/wp-cnet\/wp-json\/wp\/v2\/users\/1"}],"replies":[{"embeddable":true,"href":"https:\/\/catolicanet.net\/wp-cnet\/wp-json\/wp\/v2\/comments?post=74178"}],"version-history":[{"count":1,"href":"https:\/\/catolicanet.net\/wp-cnet\/wp-json\/wp\/v2\/posts\/74178\/revisions"}],"predecessor-version":[{"id":74180,"href":"https:\/\/catolicanet.net\/wp-cnet\/wp-json\/wp\/v2\/posts\/74178\/revisions\/74180"}],"wp:featuredmedia":[{"embeddable":true,"href":"https:\/\/catolicanet.net\/wp-cnet\/wp-json\/wp\/v2\/media\/74179"}],"wp:attachment":[{"href":"https:\/\/catolicanet.net\/wp-cnet\/wp-json\/wp\/v2\/media?parent=74178"}],"wp:term":[{"taxonomy":"category","embeddable":true,"href":"https:\/\/catolicanet.net\/wp-cnet\/wp-json\/wp\/v2\/categories?post=74178"},{"taxonomy":"post_tag","embeddable":true,"href":"https:\/\/catolicanet.net\/wp-cnet\/wp-json\/wp\/v2\/tags?post=74178"}],"curies":[{"name":"wp","href":"https:\/\/api.w.org\/{rel}","templated":true}]}}