{"id":74154,"date":"2022-06-01T10:34:22","date_gmt":"2022-06-01T13:34:22","guid":{"rendered":"https:\/\/catolicanet.net\/wp-cnet\/?p=74154"},"modified":"2022-06-01T15:36:54","modified_gmt":"2022-06-01T18:36:54","slug":"caminhada-ao-mosteiro-da-luz-marca-abertura-dos-200-anos-de-morte-de-frei-galvao","status":"publish","type":"post","link":"https:\/\/catolicanet.net\/wp-cnet\/caminhada-ao-mosteiro-da-luz-marca-abertura-dos-200-anos-de-morte-de-frei-galvao\/","title":{"rendered":"Caminhada ao Mosteiro da Luz marca abertura dos 200 anos de morte de frei Galv\u00e3o"},"content":{"rendered":"<p style=\"text-align: justify;\">Com uma caminhada entre o Convento de S\u00e3o Francisco e o Mosteiro da Luz, em S\u00e3o Paulo (SP), na segunda-feira (30), franciscanos deram in\u00edcio \u00e0s celebra\u00e7\u00f5es pelos 200 anos da morte de santo Ant\u00f4nio de Sant\u2019Anna Galv\u00e3o, o frei Galv\u00e3o. O primeiro santo brasileiro foi o fundador do Mosteiro da Luz, das Irm\u00e3s Concepcionistas, onde est\u00e1 sepultado. Ele morreu em 23 de dezembro de 1822.<\/p>\n<p style=\"text-align: justify;\">\u201cIniciar as celebra\u00e7\u00f5es do bicenten\u00e1rio de morte de frei Galv\u00e3o no Convento S\u00e3o Francisco, com todos os frades reunidos e refazendo os passos que, por longos anos, frei Galv\u00e3o fez at\u00e9 o Mosteiro da Luz, sem d\u00favida\u00a0\u00e9 voltar no passado e beber dessa fonte de santidade e, ao mesmo tempo, perceber que \u00e9 poss\u00edvel abra\u00e7ar esse caminho de santidade nos dias de hoje\u201d, disse frei Diego Melo, reitor do santu\u00e1rio frei Galv\u00e3o, em Guaratinguet\u00e1 (SP).<\/p>\n<p style=\"text-align: justify;\">A caminhada come\u00e7ou \u00e0s 16h30 e contou com a presen\u00e7a de frades, peregrinos e devotos de frei Galv\u00e3o de Guaratinguet\u00e1, Guarulhos e S\u00e3o Paulo. Ao chegar ao Mosteiro da Luz, foi celebrada a\u00a0missa\u00a0pelo ministro provincial frei Paulo Roberto Pereira, o definidor provincial frei Fid\u00eancio Vanboemmel, o coordenador do Regional de S\u00e3o Paulo, frei Vitorio Mazzuco, e frei Diego Melo.<\/p>\n<p style=\"text-align: justify;\">O Regional de S\u00e3o Paulo \u00e9 o maior da Prov\u00edncia Franciscana da Imaculada Concei\u00e7\u00e3o do Brasil. Na missa, o ministro provincial, frei Paulo Roberto Pereira, afirmou que, ao refazer os passos de frei Galv\u00e3o, \u201cque sa\u00eda do Convento de S\u00e3o Francisco e vinha trabalhar na constru\u00e7\u00e3o desse mosteiro [da Luz]\u201d, foi poss\u00edvel ver \u201ca import\u00e2ncia de cultivar a santidade nos nossos dias\u201d. \u201cPassamos por ruas carregadas de muitas culturas, e tristemente carregadas da cultura do ac\u00famulo. S\u00e3o Paulo \u00e9 a metr\u00f3pole latino-americana, certamente a mais rica e tristemente a mais geradora de pobreza. \u00c9 aqui, exatamente neste ch\u00e3o, que n\u00f3s fomos convidados a cultivar a santidade. N\u00f3s, os freis franciscanos, as irm\u00e3s, o povo que ama Jesus Cristo e que quer conhecer ainda mais o exemplo de frei Galv\u00e3o. Todos n\u00f3s somos chamados a ser santos\u201d, disse.<\/p>\n<p style=\"text-align: justify;\">Na homilia, o coordenador do Regional, frei Vitorio Mazzuco, classificou a caminhada como \u201cuma forte experi\u00eancia\u201d, destacando que \u201ca espiritualidade, a m\u00edstica, qualquer experi\u00eancia, tudo come\u00e7a por um passo\u201d. \u201cE S\u00e3o Francisco, que andou pelas estradas da \u00dambria, e frei Galv\u00e3o que andou de Guaratinguet\u00e1 a S\u00e3o Luiz de Paraitinga e por todo o Vale do Para\u00edba, chegando a S\u00e3o Paulo e em toda parte\u201d, afirmou.<\/p>\n<p style=\"text-align: justify;\">Frei Mazzuco afirmou ainda que, ao caminhar pelas ruas de S\u00e3o Paulo, viram \u201ctodas as experi\u00eancias que marcam a vida de uma metr\u00f3pole\u201d.<\/p>\n<p style=\"text-align: justify;\">Ao final da celebra\u00e7\u00e3o, as irm\u00e3s concepcionistas quebraram uma tradi\u00e7\u00e3o secular, sa\u00edram da clausura e foram para o altar principal. Na ocasi\u00e3o, entregaram aos franciscanos uma rel\u00edquia de primeiro grau do santo, \u201ccomo gesto de amizade fraterna, pedindo para que seja entronizada no santu\u00e1rio de frei Galv\u00e3o de Guaratinguet\u00e1\u201d.<\/p>\n<p style=\"text-align: justify;\"><img decoding=\"async\" src=\"https:\/\/www.acidigital.com\/imagespp\/size680\/Caminhada-200-anos-morte-frei-Galva0_Foto-Franciscanos2.jpg\" alt=\"\" \/><\/p>\n<h5 style=\"text-align: justify;\"><em>Foto: Prov\u00edncia Franciscana da Imaculada Concei\u00e7\u00e3o do Brasil<\/em><\/h5>\n<p style=\"text-align: justify;\">Frei Diego Melo, que assumiu como primeiro reitor franciscano do santu\u00e1rio de frei Galv\u00e3o no aso passado disse que \u201cessa presen\u00e7a franciscana no santu\u00e1rio frei Galv\u00e3o, em Guaratinguet\u00e1, precisava ser completada com essa proximidade com o Mosteiro da Luz\u201d. Para ele, n\u00e3o d\u00e1 para falar de frei Galv\u00e3o sem falar de seu local de nascimento, Guaratinguet\u00e1, e sem falar da grande obra dele, o Mosteiro da Luz.<\/p>\n<p style=\"text-align: justify;\"><strong>Mosteiro da Luz<\/strong><\/p>\n<p style=\"text-align: justify;\">O Mosteiro da Luz foi fundado por frei Galv\u00e3o em 1774. \u00c9 administrado pelas monjas concepcionistas franciscanas da ordem da Imaculada Concei\u00e7\u00e3o. Sua origem remonta a uma\u00a0igreja\u00a0em honra a Nossa Senhora da Luz, localizada na Regi\u00e3o Piranga (hoje, bairro do Ipiranga). Os primeiros registros dessa igreja datam de 1579.<\/p>\n<p style=\"text-align: justify;\">Por volta de 1600, a sede da igreja e a imagem de Nossa Senhora da Luz foram transferidas para a regi\u00e3o norte do Anhangaba\u00fa, conhecida como Guar\u00e9. Mais tarde, passou por um longo per\u00edodo de abandono.<\/p>\n<p style=\"text-align: justify;\">Em 1772, uma religiosa chamada Helena Maria do Sacramento teria tido vis\u00f5es de Jesus Cristo para a constru\u00e7\u00e3o de um convento. Ao ter conhecimento dessas vis\u00f5es e averigu\u00e1-las, frei Galv\u00e3o decidiu construir o convento, para o qual recebeu autoriza\u00e7\u00e3o do governo em 1774. Inicialmente, foi chamado recolhimento, isto \u00e9, era habitado por freiras recolhidas, mas ainda n\u00e3o tinha reconhecimento can\u00f4nico para ser um mosteiro.<\/p>\n<p style=\"text-align: justify;\">O pr\u00f3prio frei Galv\u00e3o projetou e trabalhou na constru\u00e7\u00e3o do recolhimento, incluindo a capela. Ap\u00f3s a morte de frei Galv\u00e3o, em 1822, as obras passaram a ser comandadas por frei Lucs da Purifica\u00e7\u00e3o, que dirigiu os detalhes finais. Em 1902, o recolhimento teve o reconhecimento can\u00f4nico para receber o t\u00edtulo de mosteiro.<\/p>\n<p style=\"text-align: justify;\">O Mosteiro da Luz \u00e9 considerado a constru\u00e7\u00e3o arquitet\u00f4nica colonial mais importante do s\u00e9culo XVIII, em S\u00e3o Paulo. \u00c9 tamb\u00e9m uma das poucas constru\u00e7\u00f5es coloniais que mant\u00e9m seu uso original.<\/p>\n<p style=\"text-align: justify;\">Em 1943, o Mosteiro da Luz foi tombado pelo Instituto do Patrim\u00f4nio Hist\u00f3rico e Art\u00edstico Nacional (Iphan). Em 1977, foi tombado pelo Conselho de Defesa do Patrim\u00f4nio Hist\u00f3rico Arqueol\u00f3gico, Art\u00edstico e Tur\u00edstico (CONDEPHAAT), da secretaria da Cultura do Estado de S\u00e3o Paulo. Por causa de sua import\u00e2ncia, o mosteiro foi declarado Patrim\u00f4nio Cultural da Humanidade pela Unesco.<\/p>\n<p style=\"text-align: justify;\">Atualmente, o complexo do Mosteiro da Luz abriga o convento das irm\u00e3s concepcionistas, o t\u00famulo de frei Galv\u00e3o, o memorial frei Galv\u00e3o, a sala de distribui\u00e7\u00e3o das p\u00edlulas de frei Galv\u00e3o, a distribui\u00e7\u00e3o das p\u00edlulas na tradicional roda, o Museu de Arte Sacra de S\u00e3o Paulo, a exposi\u00e7\u00e3o permanente de pres\u00e9pios, loja de artigos religiosos e barra das irm\u00e3s onde s\u00e3o vendidos produtos confeccionados pelas freiras.<\/p>\n","protected":false},"excerpt":{"rendered":"<p>Com uma caminhada entre o Convento de S\u00e3o Francisco e o Mosteiro da Luz, em S\u00e3o Paulo (SP), na segunda-feira (30), franciscanos deram in\u00edcio \u00e0s celebra\u00e7\u00f5es pelos 200 anos da morte de santo Ant\u00f4nio de Sant\u2019Anna Galv\u00e3o, o frei Galv\u00e3o. O primeiro santo brasileiro foi o fundador do Mosteiro da Luz, das Irm\u00e3s Concepcionistas, onde [&hellip;]<\/p>\n","protected":false},"author":1,"featured_media":74155,"comment_status":"open","ping_status":"closed","sticky":false,"template":"","format":"standard","meta":{"footnotes":""},"categories":[4],"tags":[],"class_list":["post-74154","post","type-post","status-publish","format-standard","has-post-thumbnail","hentry","category-cotidiano"],"_links":{"self":[{"href":"https:\/\/catolicanet.net\/wp-cnet\/wp-json\/wp\/v2\/posts\/74154","targetHints":{"allow":["GET"]}}],"collection":[{"href":"https:\/\/catolicanet.net\/wp-cnet\/wp-json\/wp\/v2\/posts"}],"about":[{"href":"https:\/\/catolicanet.net\/wp-cnet\/wp-json\/wp\/v2\/types\/post"}],"author":[{"embeddable":true,"href":"https:\/\/catolicanet.net\/wp-cnet\/wp-json\/wp\/v2\/users\/1"}],"replies":[{"embeddable":true,"href":"https:\/\/catolicanet.net\/wp-cnet\/wp-json\/wp\/v2\/comments?post=74154"}],"version-history":[{"count":1,"href":"https:\/\/catolicanet.net\/wp-cnet\/wp-json\/wp\/v2\/posts\/74154\/revisions"}],"predecessor-version":[{"id":74156,"href":"https:\/\/catolicanet.net\/wp-cnet\/wp-json\/wp\/v2\/posts\/74154\/revisions\/74156"}],"wp:featuredmedia":[{"embeddable":true,"href":"https:\/\/catolicanet.net\/wp-cnet\/wp-json\/wp\/v2\/media\/74155"}],"wp:attachment":[{"href":"https:\/\/catolicanet.net\/wp-cnet\/wp-json\/wp\/v2\/media?parent=74154"}],"wp:term":[{"taxonomy":"category","embeddable":true,"href":"https:\/\/catolicanet.net\/wp-cnet\/wp-json\/wp\/v2\/categories?post=74154"},{"taxonomy":"post_tag","embeddable":true,"href":"https:\/\/catolicanet.net\/wp-cnet\/wp-json\/wp\/v2\/tags?post=74154"}],"curies":[{"name":"wp","href":"https:\/\/api.w.org\/{rel}","templated":true}]}}