{"id":74148,"date":"2022-06-01T10:22:15","date_gmt":"2022-06-01T13:22:15","guid":{"rendered":"https:\/\/catolicanet.net\/wp-cnet\/?p=74148"},"modified":"2022-06-01T15:24:27","modified_gmt":"2022-06-01T18:24:27","slug":"quatro-bispos-brasileiros-sao-nomeados-para-a-congregacao-para-o-culto-divino-e-a-disciplina-dos-sacramentos","status":"publish","type":"post","link":"https:\/\/catolicanet.net\/wp-cnet\/quatro-bispos-brasileiros-sao-nomeados-para-a-congregacao-para-o-culto-divino-e-a-disciplina-dos-sacramentos\/","title":{"rendered":"QUATRO BISPOS BRASILEIROS S\u00c3O NOMEADOS PARA A CONGREGA\u00c7\u00c3O PARA O CULTO DIVINO E A DISCIPLINA DOS SACRAMENTOS"},"content":{"rendered":"<p style=\"text-align: justify;\">O Papa Francisco nomeou, nesta quarta-feira, 1\u00ba de junho, novos membros para a Congrega\u00e7\u00e3o para o Culto Divino e a Disciplina dos Sacramentos. Entre os escolhidos, quatro bispos brasileiros, sendo tr\u00eas deles membros da Confer\u00eancia Nacional dos Bispos do Brasil (CNBB).<\/p>\n<p style=\"text-align: justify;\">Agora, fazem parte como membros da Congrega\u00e7\u00e3o o arcebispo do Rio de Janeiro (RJ), cardeal Orani Jo\u00e3o Tempesta; secret\u00e1rio da Congrega\u00e7\u00e3o para os Bispos, dom Ilson de Jesus Montanari; o\u00a0arcebispo de Porto Alegre (RS) e primeiro vice-presidente da CNBB, dom Jaime Spengler; e o bispo de Paranagu\u00e1 (PR) e presidente da Comiss\u00e3o Episcopal Pastoral para a Liturgia da CNBB, dom Edmar Peron.<\/p>\n<p style=\"text-align: justify;\">A Congrega\u00e7\u00e3o fica composta da seguinte maneira:<\/p>\n<p style=\"text-align: justify;\">Cardeais:<\/p>\n<ul style=\"text-align: justify;\">\n<li><b>Luis Antonio G. Tagle<\/b>, prefeiro da Congrega\u00e7\u00e3o para a Evangeliza\u00e7\u00e3o dos Povos;<\/li>\n<li><b>Orani Jo\u00e3o Tempesta<\/b>, O. Cist., arcebispo de S\u00e3o Sebasti\u00e3o do Rio de Janeiro;<\/li>\n<li><b>Charles<\/b>\u00a0<b>Maung Bo<\/b>, S.D.B., Arcebispo de Yangon (Myanmar);<\/li>\n<li><b>Daniel Fernando Sturla Berhouet<\/b>, S.D.B., arcebispo de Montevideo (Uruguai);<\/li>\n<li><b>Blase Joseph Cupich<\/b>, arcebispo de Chicago (Estados Unidos da Am\u00e9rica);<\/li>\n<li><b>Crist\u00f3bal L\u00f3pez Romero<\/b>, S.D.B., arcebispo de Rabat (Marrocos);<\/li>\n<li><b>Celestino A\u00f3s Braco<\/b>, O.F.M. Cap., arcebispo de Santiago (Chile);<\/li>\n<li><b>Kevin Joseph Farrell<\/b>, prefeito do Dicast\u00e9rio para os Leigos, a Fam\u00edlia e a Vida;<\/li>\n<li><b>Konrad Krajewski<\/b>,<b>\u00a0<\/b>Esmoleiro de Sua Santitade;<\/li>\n<li><b>Mario Grech<\/b>, secret\u00e1rio-geral do S\u00ednodo dos Bispos;<\/li>\n<li><b>Marcello Semeraro<\/b>, prefeito da Congrega\u00e7\u00e3o para a Causa dos Santos;<\/li>\n<\/ul>\n<p style=\"text-align: justify;\">Bispos<\/p>\n<ul style=\"text-align: justify;\">\n<li><b>Lazzaro You Heung-sik<\/b>, Prefeito da Congrega\u00e7\u00e3o para o Clero;<\/li>\n<li><b>Filippo Iannone<\/b>, O. Carm., presidente do Pontif\u00edcio Conselho para os Textos Legislativos;<\/li>\n<li><b>Joseph Augustine Di Noia<\/b>, O.P., secret\u00e1rio adjunto da Congrega\u00e7\u00e3o para a Doutrina da F\u00e9;<b>\u00a0<\/b><\/li>\n<li><b>Ilson de Jesus Montanari<\/b>, secret\u00e1rio da Congrega\u00e7\u00e3o para os Bispos;<\/li>\n<li><b>Jean Legrez<\/b>, O.P., arcebispo de Albi (Fran\u00e7a);<\/li>\n<li><b>Jaime Spengler<\/b>, O.F.M., arcebispo de Porto Alegre (Brasil);<\/li>\n<li><b>Jorge Carlos Patr\u00f3n Wong<\/b>, arcebispo de Jalapa (M\u00e9xico);<\/li>\n<li><b>Mario Iceta Gavicagogeascoa<\/b>, arcebispo de Burgos (Espanha);<\/li>\n<li><b>David Douglas Crosby<\/b>, O.M.I., bispo de Hamilton (Canada);<\/li>\n<li><b>Edmar Per\u00f3n<\/b>, bispo de Paranagu\u00e1 (Brasil);<\/li>\n<li><b>Hugh Gilbert<\/b>, O.S.B., bispo de Aberdeen (Gr\u00e3 Bretanha).<\/li>\n<\/ul>\n<h3 style=\"text-align: justify;\">Prop\u00f3sitos<\/h3>\n<p style=\"text-align: justify;\">A Congrega\u00e7\u00e3o para o Culto Divino e a Disciplina dos Sacramentos trata de tudo o que pertence \u00e0 S\u00e9 Apost\u00f3lica no que diz respeito \u00e0 promo\u00e7\u00e3o e regulamenta\u00e7\u00e3o da Liturgia e, em primeiro lugar, dos Sacramentos.<\/p>\n<p style=\"text-align: justify;\">Ela \u00e9 respons\u00e1vel por promover a a\u00e7\u00e3o pastoral lit\u00fargica em tudo o que diz respeito \u00e0 prepara\u00e7\u00e3o e celebra\u00e7\u00e3o da Eucaristia, dos demais sacramentos e sacramentais, bem como da celebra\u00e7\u00e3o dos domingos e demais festas do ano lit\u00fargico e da Liturgia das Horas.<\/p>\n<p style=\"text-align: justify;\">Comanda a congrega\u00e7\u00e3o como prefeito o arcebispo dom\u00a0Arthur Roche. O secret\u00e1rio \u00e9 o arcebispo dom Vittorio Francesco Viola; o segundo secret\u00e1rio \u00e9 dom Aurelio Garc\u00eda Mac\u00edas.<\/p>\n","protected":false},"excerpt":{"rendered":"<p>O Papa Francisco nomeou, nesta quarta-feira, 1\u00ba de junho, novos membros para a Congrega\u00e7\u00e3o para o Culto Divino e a Disciplina dos Sacramentos. Entre os escolhidos, quatro bispos brasileiros, sendo tr\u00eas deles membros da Confer\u00eancia Nacional dos Bispos do Brasil (CNBB). Agora, fazem parte como membros da Congrega\u00e7\u00e3o o arcebispo do Rio de Janeiro (RJ), [&hellip;]<\/p>\n","protected":false},"author":1,"featured_media":74149,"comment_status":"open","ping_status":"closed","sticky":false,"template":"","format":"standard","meta":{"footnotes":""},"categories":[7],"tags":[],"class_list":["post-74148","post","type-post","status-publish","format-standard","has-post-thumbnail","hentry","category-cnbb"],"_links":{"self":[{"href":"https:\/\/catolicanet.net\/wp-cnet\/wp-json\/wp\/v2\/posts\/74148","targetHints":{"allow":["GET"]}}],"collection":[{"href":"https:\/\/catolicanet.net\/wp-cnet\/wp-json\/wp\/v2\/posts"}],"about":[{"href":"https:\/\/catolicanet.net\/wp-cnet\/wp-json\/wp\/v2\/types\/post"}],"author":[{"embeddable":true,"href":"https:\/\/catolicanet.net\/wp-cnet\/wp-json\/wp\/v2\/users\/1"}],"replies":[{"embeddable":true,"href":"https:\/\/catolicanet.net\/wp-cnet\/wp-json\/wp\/v2\/comments?post=74148"}],"version-history":[{"count":1,"href":"https:\/\/catolicanet.net\/wp-cnet\/wp-json\/wp\/v2\/posts\/74148\/revisions"}],"predecessor-version":[{"id":74150,"href":"https:\/\/catolicanet.net\/wp-cnet\/wp-json\/wp\/v2\/posts\/74148\/revisions\/74150"}],"wp:featuredmedia":[{"embeddable":true,"href":"https:\/\/catolicanet.net\/wp-cnet\/wp-json\/wp\/v2\/media\/74149"}],"wp:attachment":[{"href":"https:\/\/catolicanet.net\/wp-cnet\/wp-json\/wp\/v2\/media?parent=74148"}],"wp:term":[{"taxonomy":"category","embeddable":true,"href":"https:\/\/catolicanet.net\/wp-cnet\/wp-json\/wp\/v2\/categories?post=74148"},{"taxonomy":"post_tag","embeddable":true,"href":"https:\/\/catolicanet.net\/wp-cnet\/wp-json\/wp\/v2\/tags?post=74148"}],"curies":[{"name":"wp","href":"https:\/\/api.w.org\/{rel}","templated":true}]}}