{"id":74142,"date":"2022-06-01T10:09:26","date_gmt":"2022-06-01T13:09:26","guid":{"rendered":"https:\/\/catolicanet.net\/wp-cnet\/?p=74142"},"modified":"2022-06-01T15:10:53","modified_gmt":"2022-06-01T18:10:53","slug":"10-encontro-mundial-das-familias-amor-familiar-caminho-de-santidade","status":"publish","type":"post","link":"https:\/\/catolicanet.net\/wp-cnet\/10-encontro-mundial-das-familias-amor-familiar-caminho-de-santidade\/","title":{"rendered":"10\u00b0 Encontro Mundial das Fam\u00edlias. Amor familiar: caminho de santidade"},"content":{"rendered":"<figure class=\"article__image\"><span class=\"didascalia_img\">8\u00b0 Encontro Mundial das Fam\u00edlias, na Filad\u00e9lfia EUA em 2015\u00a0<\/span><\/figure>\n<div class=\"article__meta \" data-mediatype=\"\">\n<div class=\"article__subTitle\" style=\"text-align: justify;\">Em uma coletiva de imprensa foi apresentada a programa\u00e7\u00e3o para o 10\u00b0 Encontro Mundial das Fam\u00edlias que ser\u00e1 realizado em Roma de 22 a 26 de junho. Depois do festival de abertura na Sala Paulo VI e tr\u00eas dias de congresso, no s\u00e1bado ser\u00e1 celebrada a Missa com o Papa na Pra\u00e7a S\u00e3o Pedro. O evento dar\u00e1 muito espa\u00e7o aos testemunhos de \u00e1reas em conflito<\/div>\n<div class=\"title__separator\" style=\"text-align: justify;\"><\/div>\n<div class=\"article__text \">\n<p style=\"text-align: justify;\"><b>Antonella Palermo \u2013 Vatican News<\/b><\/p>\n<p style=\"text-align: justify;\">Multic\u00eantrico e difundido: foi assim que Gabriella Gambino, subsecret\u00e1ria do Dicast\u00e9rio para os Leigos, Fam\u00edlia e Vida, definiu o 10\u00ba Encontro Mundial das Fam\u00edlias apresentado na Sala de Imprensa da Santa S\u00e9 em uma coletiva de imprensa. Ser\u00e1 realizado em Roma com a abertura no dia 22 de junho na Sala Paulo VI, com um festival na presen\u00e7a do Papa. Depois de tr\u00eas dias de congresso pastoral, tamb\u00e9m na Sala Paulo VI, no s\u00e1bado \u00e0 tarde haver\u00e1 uma missa na Pra\u00e7a de S\u00e3o Pedro. Est\u00e1 previsto muito espa\u00e7o para testemunhos e encontros nas par\u00f3quias. Participar\u00e3o dois mil delegados com representantes tamb\u00e9m da Ucr\u00e2nia.<\/p>\n<h2 style=\"text-align: justify;\"><b>Os temas<\/b><\/h2>\n<p style=\"text-align: justify;\">Ao contr\u00e1rio das edi\u00e7\u00f5es anteriores, destacou a subseccret\u00e1ria, o congresso n\u00e3o ter\u00e1 palestras estruturadas academicamente com conte\u00fado teol\u00f3gico-doutrinal, mas ser\u00e1 um momento de encontro, escuta e discuss\u00e3o entre os agentes da pastoral familiar e matrimonial. Formado por cinco confer\u00eancias principais com cerca de trinta discursos e sessenta oradores, os pain\u00e9is se concentrar\u00e3o em alguns temas dominantes: a co-responsabilidade dos c\u00f4njuges e sacerdotes na pastoral das Igrejas particulares; algumas dificuldades concretas das fam\u00edlias nas sociedades atuais; a prepara\u00e7\u00e3o dos casais para a vida matrimonial; algumas situa\u00e7\u00f5es de &#8220;periferia existencial&#8221; dentro das fam\u00edlias; a prepara\u00e7\u00e3o dos formadores em uma pastoral familiar cheia de desafios e quest\u00f5es dif\u00edceis. Tamb\u00e9m ser\u00e1 um horizonte de refer\u00eancia a Igreja dom\u00e9stica e a sinodalidade, com foco na rela\u00e7\u00e3o entre jovens e idosos. N\u00e3o ser\u00e1 esquecido o \u00e2mbito do amor familiar nas prova\u00e7\u00f5es, como o da trai\u00e7\u00e3o, do perd\u00e3o, e do abandono conjugal.<\/p>\n<p style=\"text-align: justify;\">Al\u00e9m disso ser\u00e3o abordados temas como o acompanhamento da paternidade e maternidade, ado\u00e7\u00e3o e cuidado das crian\u00e7as como escolhas crist\u00e3s e saber acolher a vida em qualquer situa\u00e7\u00e3o. A miss\u00e3o da fam\u00edlia crist\u00e3 ser\u00e1 mais um campo de compreens\u00e3o rec\u00edproca, assim como as repercuss\u00f5es da era digital na din\u00e2mica familiar. Ser\u00e3o discutidos temas como migrantes, v\u00edcios, viol\u00eancias e educa\u00e7\u00e3o sexual. Assim como o acompanhamento espiritual para os novos casais e nos casos em que um dos c\u00f4njuges n\u00e3o \u00e9 crente. A b\u00fassola recorrente que guiar\u00e1 todo o compartilhamento ser\u00e1 a educa\u00e7\u00e3o para o discernimento. A subsecret\u00e1ria reiterou isso quando foi questionada por um jornalista se teria a presen\u00e7a do LGBT. Aceitamos o convite do Papa Francisco para ter uma abordagem pastoral de escuta a todos, com miseric\u00f3rdia. A ideia, respondeu ela, \u00e9 promover processos, o discernimento deve ser implementado todos os dias, sem fornecer receitas v\u00e1lidas para cada situa\u00e7\u00e3o.<\/p>\n<h2 style=\"text-align: justify;\"><b>Fundo de solidariedade para a participa\u00e7\u00e3o de \u00e1reas desfavorecidas<\/b><\/h2>\n<p style=\"text-align: justify;\">Foram convidados cerca de dois mil delegados de 120 pa\u00edses, escolhidos pelas Confer\u00eancias Episcopais, pelos S\u00ednodos das Igrejas Orientais e pelas realidades eclesiais internacionais que trabalham de maneira significativa no \u00e2mbito da pastoral familiar. Gra\u00e7as a um fundo de solidariedade ativado pelo Dicast\u00e9rio, explicou o oficial Leonardo Nepi, as Igrejas de muitas \u00e1reas da \u00c1frica, \u00c1sia, Am\u00e9rica Latina e Europa Central tamb\u00e9m estar\u00e3o adequadamente representadas, incluindo a Ucr\u00e2nia (ambas com delegados do S\u00ednodo da Igreja Greco-cat\u00f3lica Ucraniana e com delegados da Confer\u00eancia Episcopal de Rito Latino). Justamente pela natureza &#8220;generalizada&#8221; do evento, foi disponibilizado no site do Dicast\u00e9rio um kit pastoral com diretrizes e sugest\u00f5es para organizar o Encontro em n\u00edvel local.<\/p>\n<h2 style=\"text-align: justify;\"><b>Comunica\u00e7\u00e3o do evento<\/b><\/h2>\n<p style=\"text-align: justify;\">A organiza\u00e7\u00e3o do Dia Mundial tamb\u00e9m estruturou um aplicativo com todas as refer\u00eancias \u00e0 enc\u00edclica\u00a0<i>Amoris Laetitia<\/i>, \u00e0s catequeses, informa\u00e7\u00f5es sobre encontros diocesanos e visitas virtuais \u00e0s quatro principais bas\u00edlicas romanas e ao Pal\u00e1cio Lateranense. Os encontros ser\u00e3o transmitidos &#8211; atrav\u00e9s do site oficial do evento,\u00a0<a href=\"https:\/\/www.vaticannews.va\/pt\/vaticano\/news\/2022-06\/romefamily2022.com\" target=\"_blank\" rel=\"external nofollow noopener\">romefamily2022.com<\/a>\u00a0&#8211; na p\u00e1gina do YouTube da Diocese de Roma e gra\u00e7as \u00e0 colabora\u00e7\u00e3o com o Dicast\u00e9rio para a Comunica\u00e7\u00e3o, tamb\u00e9m no VaticanNews. A atividade social \u00e9 confiada a uma equipe de estudantes da Pontif\u00edcia Universidade Santa Cruz. Gra\u00e7as \u00e0 M\u00eddia Vaticana, foi implementado um sistema para garantir o sinal para as emissoras de TV que o solicitarem de forma gratuita, com um fluxo de imagens dispon\u00edveis em cinco idiomas (ingl\u00eas, espanhol, franc\u00eas, portugu\u00eas, italiano, mais LIS em italiano e ingl\u00eas). O Festival, a Missa do s\u00e1bado 25 de junho (17h15, hora local) e o Angelus do domingo 26 no encerramento do Encontro com o mandato \u00e0s fam\u00edlias ser\u00e3o transmitidos para todo o mundo.<\/p>\n<\/div>\n<\/div>\n","protected":false},"excerpt":{"rendered":"<p>8\u00b0 Encontro Mundial das Fam\u00edlias, na Filad\u00e9lfia EUA em 2015\u00a0 Em uma coletiva de imprensa foi apresentada a programa\u00e7\u00e3o para o 10\u00b0 Encontro Mundial das Fam\u00edlias que ser\u00e1 realizado em Roma de 22 a 26 de junho. Depois do festival de abertura na Sala Paulo VI e tr\u00eas dias de congresso, no s\u00e1bado ser\u00e1 celebrada [&hellip;]<\/p>\n","protected":false},"author":1,"featured_media":74143,"comment_status":"open","ping_status":"closed","sticky":false,"template":"","format":"standard","meta":{"footnotes":""},"categories":[3],"tags":[],"class_list":["post-74142","post","type-post","status-publish","format-standard","has-post-thumbnail","hentry","category-vaticano"],"_links":{"self":[{"href":"https:\/\/catolicanet.net\/wp-cnet\/wp-json\/wp\/v2\/posts\/74142","targetHints":{"allow":["GET"]}}],"collection":[{"href":"https:\/\/catolicanet.net\/wp-cnet\/wp-json\/wp\/v2\/posts"}],"about":[{"href":"https:\/\/catolicanet.net\/wp-cnet\/wp-json\/wp\/v2\/types\/post"}],"author":[{"embeddable":true,"href":"https:\/\/catolicanet.net\/wp-cnet\/wp-json\/wp\/v2\/users\/1"}],"replies":[{"embeddable":true,"href":"https:\/\/catolicanet.net\/wp-cnet\/wp-json\/wp\/v2\/comments?post=74142"}],"version-history":[{"count":1,"href":"https:\/\/catolicanet.net\/wp-cnet\/wp-json\/wp\/v2\/posts\/74142\/revisions"}],"predecessor-version":[{"id":74144,"href":"https:\/\/catolicanet.net\/wp-cnet\/wp-json\/wp\/v2\/posts\/74142\/revisions\/74144"}],"wp:featuredmedia":[{"embeddable":true,"href":"https:\/\/catolicanet.net\/wp-cnet\/wp-json\/wp\/v2\/media\/74143"}],"wp:attachment":[{"href":"https:\/\/catolicanet.net\/wp-cnet\/wp-json\/wp\/v2\/media?parent=74142"}],"wp:term":[{"taxonomy":"category","embeddable":true,"href":"https:\/\/catolicanet.net\/wp-cnet\/wp-json\/wp\/v2\/categories?post=74142"},{"taxonomy":"post_tag","embeddable":true,"href":"https:\/\/catolicanet.net\/wp-cnet\/wp-json\/wp\/v2\/tags?post=74142"}],"curies":[{"name":"wp","href":"https:\/\/api.w.org\/{rel}","templated":true}]}}