{"id":74112,"date":"2022-05-30T09:20:15","date_gmt":"2022-05-30T12:20:15","guid":{"rendered":"https:\/\/catolicanet.net\/wp-cnet\/?p=74112"},"modified":"2022-05-30T13:21:25","modified_gmt":"2022-05-30T16:21:25","slug":"que-oracao-voce-reza-no-cemiterio","status":"publish","type":"post","link":"https:\/\/catolicanet.net\/wp-cnet\/que-oracao-voce-reza-no-cemiterio\/","title":{"rendered":"Que ora\u00e7\u00e3o voc\u00ea reza no cemit\u00e9rio?"},"content":{"rendered":"<h2 class=\"subtitle\" style=\"text-align: justify;\">H\u00e1 uma s\u00e9rie de ora\u00e7\u00f5es que voc\u00ea pode fazer ao visitar um cemit\u00e9rio; veja estas duas sugest\u00f5es<\/h2>\n<p style=\"text-align: justify;\">Ao visitar uma sepultura, \u00e9 mais apropriado fazer uma pequena ora\u00e7\u00e3o no cemit\u00e9rio. Devemos pedir a Deus que conceda o descanso aos nossos entes queridos.<\/p>\n<p style=\"text-align: justify;\">A ora\u00e7\u00e3o mais comum em um cemit\u00e9rio \u00e9 a prece do \u201cDescanso Eterno\u201d:<\/p>\n<p style=\"text-align: justify;\">\u201cDai-lhes, Senhor, o eterno descanso<br \/>\nEntre os esplendores da luz perp\u00e9tua.<br \/>\nDescansem em paz. Am\u00e9m.\u201d<\/p>\n<p style=\"text-align: justify;\">Tamb\u00e9m se pode rezar a ora\u00e7\u00e3o de Santa Gertrudes pelas almas do purgat\u00f3rio:<\/p>\n<blockquote class=\"wp-block-quote\"><p>\u201cEterno Pai, Ofere\u00e7o-Vos o Precios\u00edssimo Sangue de Vosso Divino Filho Jesus, em uni\u00e3o com todas as Missas que hoje s\u00e3o celebradas em todo o mundo; por todas as Santas almas do purgat\u00f3rio, pelos pecadores de todos os lugares, pelos pecadores de toda a Igreja, pelos de minha casa e de meus vizinhos. Am\u00e9m.\u201d<\/p><\/blockquote>\n<div id=\"aleteia-welcome\" style=\"text-align: justify;\"><\/div>\n<p style=\"text-align: justify;\">Al\u00e9m dessas preces, uma simples Ave-Maria tamb\u00e9m pode ser rezada em um cemit\u00e9rio. Outra sugest\u00e3o \u00e9 rezar um Ter\u00e7o.<\/p>\n<p style=\"text-align: justify;\">Enfim, n\u00e3o h\u00e1 a ora\u00e7\u00e3o \u201ccerta\u201d para rezar em um cemit\u00e9rio. O importante \u00e9 rezar pelo repouso das almas, e pedir a Deus que tenha piedade delas.<\/p>\n","protected":false},"excerpt":{"rendered":"<p>H\u00e1 uma s\u00e9rie de ora\u00e7\u00f5es que voc\u00ea pode fazer ao visitar um cemit\u00e9rio; veja estas duas sugest\u00f5es Ao visitar uma sepultura, \u00e9 mais apropriado fazer uma pequena ora\u00e7\u00e3o no cemit\u00e9rio. Devemos pedir a Deus que conceda o descanso aos nossos entes queridos. A ora\u00e7\u00e3o mais comum em um cemit\u00e9rio \u00e9 a prece do \u201cDescanso Eterno\u201d: [&hellip;]<\/p>\n","protected":false},"author":1,"featured_media":74113,"comment_status":"open","ping_status":"closed","sticky":false,"template":"","format":"standard","meta":{"footnotes":""},"categories":[4],"tags":[],"class_list":["post-74112","post","type-post","status-publish","format-standard","has-post-thumbnail","hentry","category-cotidiano"],"_links":{"self":[{"href":"https:\/\/catolicanet.net\/wp-cnet\/wp-json\/wp\/v2\/posts\/74112","targetHints":{"allow":["GET"]}}],"collection":[{"href":"https:\/\/catolicanet.net\/wp-cnet\/wp-json\/wp\/v2\/posts"}],"about":[{"href":"https:\/\/catolicanet.net\/wp-cnet\/wp-json\/wp\/v2\/types\/post"}],"author":[{"embeddable":true,"href":"https:\/\/catolicanet.net\/wp-cnet\/wp-json\/wp\/v2\/users\/1"}],"replies":[{"embeddable":true,"href":"https:\/\/catolicanet.net\/wp-cnet\/wp-json\/wp\/v2\/comments?post=74112"}],"version-history":[{"count":1,"href":"https:\/\/catolicanet.net\/wp-cnet\/wp-json\/wp\/v2\/posts\/74112\/revisions"}],"predecessor-version":[{"id":74114,"href":"https:\/\/catolicanet.net\/wp-cnet\/wp-json\/wp\/v2\/posts\/74112\/revisions\/74114"}],"wp:featuredmedia":[{"embeddable":true,"href":"https:\/\/catolicanet.net\/wp-cnet\/wp-json\/wp\/v2\/media\/74113"}],"wp:attachment":[{"href":"https:\/\/catolicanet.net\/wp-cnet\/wp-json\/wp\/v2\/media?parent=74112"}],"wp:term":[{"taxonomy":"category","embeddable":true,"href":"https:\/\/catolicanet.net\/wp-cnet\/wp-json\/wp\/v2\/categories?post=74112"},{"taxonomy":"post_tag","embeddable":true,"href":"https:\/\/catolicanet.net\/wp-cnet\/wp-json\/wp\/v2\/tags?post=74112"}],"curies":[{"name":"wp","href":"https:\/\/api.w.org\/{rel}","templated":true}]}}