{"id":74100,"date":"2022-05-30T08:59:00","date_gmt":"2022-05-30T11:59:00","guid":{"rendered":"https:\/\/catolicanet.net\/wp-cnet\/?p=74100"},"modified":"2022-05-30T13:00:01","modified_gmt":"2022-05-30T16:00:01","slug":"abertas-as-inscricoes-para-o-seminario-cnbb-70-anos-que-acontece-de-26-a-28-de-julho","status":"publish","type":"post","link":"https:\/\/catolicanet.net\/wp-cnet\/abertas-as-inscricoes-para-o-seminario-cnbb-70-anos-que-acontece-de-26-a-28-de-julho\/","title":{"rendered":"ABERTAS AS INSCRI\u00c7\u00d5ES PARA O SEMIN\u00c1RIO \u201cCNBB 70 ANOS\u201d QUE ACONTECE DE 26 A 28 DE JULHO"},"content":{"rendered":"<p style=\"text-align: justify;\">A Confer\u00eancia Nacional dos Bispos do Brasil (CNBB), por meio do Instituto Nacional de Pastoral Padre Alberto Antoniazzi (INAPAZ), realiza de 26 a 28 de julho deste ano, o\u00a0<strong>\u2018Semin\u00e1rio CNBB 70 anos\u2019<\/strong>. O evento ser\u00e1 realizado em formato virtual, das 9h \u00e0s 17h, com intervalo para almo\u00e7o e vai contar com um time de especialistas.<\/p>\n<p style=\"text-align: justify;\">As\u00a0<a href=\"https:\/\/www.cnbb.org.br\/70anos\">inscri\u00e7\u00f5es<\/a>\u00a0podem ser feitas a partir desta sexta-feira, 20 de maio, at\u00e9 10 de julho, no hotsite criado especialmente para celebrar as sete d\u00e9cadas de hist\u00f3ria e miss\u00e3o da CNBB que tem como compromisso\u00a0<em><strong>\u201cservir sempre mais\u201d<\/strong><\/em>. No 14 de outubro de 2021, a presid\u00eancia convocou um ano jubilar para celebrar os 70 anos da entidade que tem como lema:\u00a0<strong><em>\u2018CNBB 70 anos: comunh\u00e3o, participa\u00e7\u00e3o e miss\u00e3o\u2019.<\/em><\/strong><\/p>\n<p style=\"text-align: justify;\">De acordo com o INAPAZ, a proposta do semin\u00e1rio \u00e9 trabalhar com tr\u00eas perspectivas (ver, julgar e agir): flashes hist\u00f3ricos, s\u00ednteses e perspectivas. Segundo o secret\u00e1rio do Instituto, padre Danilo Pinto dos Santos, o objetivo do Semin\u00e1rio ser\u00e1\u00a0<em>\u201crecuperar elementos hist\u00f3ricos da Confer\u00eancia Episcopal, a fim de contribuir na renova\u00e7\u00e3o da sua auto-compreens\u00e3o, no contexto comemorativo dos seus 70 anos, em vista do aprimoramento do seu servi\u00e7o \u00e0 Igreja no Brasil e sociedade\u201d<\/em>.<\/p>\n<h3 style=\"text-align: justify;\">Eixos tem\u00e1ticos<\/h3>\n<p style=\"text-align: justify;\">A forma\u00e7\u00e3o vai trabalhar com dois eixos tem\u00e1ticos: a contribui\u00e7\u00e3o da CNBB \u00e0 a\u00e7\u00e3o evangelizadora da Igreja no Brasil analisando os assuntos internos das Comiss\u00f5es Episcopais e Regionais, trabalhos pastorais e org\u00e2nicos feitos em perspectiva sinodal. Tamb\u00e9m ser\u00e1 oportunidade de tratar do processo de cria\u00e7\u00e3o da entidade, da eclesiologia que lhe subjaz e da sua contribui\u00e7\u00e3o para os rumos da Igreja no Brasil. A proposta \u00e9 realizar uma abordagem hist\u00f3rico-teol\u00f3gico-pastoral, enfocando a contribui\u00e7\u00e3o da Confer\u00eancia na recep\u00e7\u00e3o do Conc\u00edlio Vaticano II.<\/p>\n<p style=\"text-align: justify;\">O semin\u00e1rio tamb\u00e9m ser\u00e1 a ocasi\u00e3o para os participantes terem contato com o registro hist\u00f3rico das mudan\u00e7as que a institui\u00e7\u00e3o passou \u00e0 medida do tempo, como mudan\u00e7a das pr\u00e1ticas e organiza\u00e7\u00e3o da a\u00e7\u00e3o evangelizadora, mudan\u00e7a da sede da Confer\u00eancia Episcopal do Rio de Janeiro para Bras\u00edlia, adapta\u00e7\u00f5es aos avan\u00e7os tecnol\u00f3gicos e novas pr\u00e1ticas de gest\u00e3o, por exemplo. Por fim, o semin\u00e1rio tamb\u00e9m trar\u00e1 a oportunidade de se analisar o di\u00e1logo da Confer\u00eancia com a sociedade, perpassando pelos aspectos pol\u00edtico, social, institucional.<\/p>\n<p style=\"text-align: justify;\">As inscri\u00e7\u00f5es podem ser feitas a partir desta sexta-feira, 20 de maio, at\u00e9 o dia 10 de julho. Desde que se inscrevam no prazo, o Semin\u00e1rio ser\u00e1 realizado de modo gratuito para bispos, assessores nacionais e secret\u00e1rios executivos regionais. Para os demais participantes, o investimento \u00e9 R$ 100,00. Clique aqui para realizar a inscri\u00e7\u00e3o.<\/p>\n<h3 style=\"text-align: justify;\"><span data-contrast=\"auto\">A programa\u00e7\u00e3o:<\/span><\/h3>\n<p style=\"text-align: justify;\">\n<p style=\"text-align: justify;\"><strong>26\/07\/22 \u2013 (ter\u00e7a-feira) \u2013 09:00 \u00e0s 12:00<\/strong><span data-ccp-props=\"{&quot;201341983&quot;:0,&quot;335551550&quot;:6,&quot;335551620&quot;:6,&quot;335559739&quot;:160,&quot;335559740&quot;:259}\"><strong>\u00a0<\/strong><br \/>\n<\/span><span data-contrast=\"auto\">8h30 \u2013 Abertura da Sala Virtual<\/span><span data-ccp-props=\"{&quot;201341983&quot;:0,&quot;335551550&quot;:6,&quot;335551620&quot;:6,&quot;335559739&quot;:160,&quot;335559740&quot;:259}\"><br \/>\n<\/span><span data-contrast=\"auto\">9h00 \u2013 Ambienta\u00e7\u00e3o e Ora\u00e7\u00e3o inicial<\/span><span data-ccp-props=\"{&quot;201341983&quot;:0,&quot;335551550&quot;:6,&quot;335551620&quot;:6,&quot;335559739&quot;:160,&quot;335559740&quot;:259}\"><br \/>\n<\/span><span data-contrast=\"auto\">9h10 \u2013 Abertura e Acolhida<\/span><span data-ccp-props=\"{&quot;201341983&quot;:0,&quot;335551550&quot;:6,&quot;335551620&quot;:6,&quot;335559739&quot;:160,&quot;335559740&quot;:259}\"><br \/>\n<\/span><span data-contrast=\"auto\">9h40 \u2013 Comunica\u00e7\u00f5es e Rea\u00e7\u00f5es<\/span><span data-ccp-props=\"{&quot;201341983&quot;:0,&quot;335551550&quot;:6,&quot;335551620&quot;:6,&quot;335559739&quot;:160,&quot;335559740&quot;:259}\">\u00a0<\/span><\/p>\n<p style=\"text-align: justify;\"><span data-contrast=\"auto\"><strong><em>CNBB, VATICANO II E PER\u00cdODO DE EXCE\u00c7\u00c3O\u00a0<\/em><br \/>\n<\/strong><br \/>\n<\/span><span data-contrast=\"auto\">Palavra aberta para rea\u00e7\u00f5es<\/span><span data-ccp-props=\"{&quot;201341983&quot;:0,&quot;335551550&quot;:6,&quot;335551620&quot;:6,&quot;335559739&quot;:160,&quot;335559740&quot;:259}\"><br \/>\n<\/span><span data-contrast=\"auto\">11h00 \u2013 Devolu\u00e7\u00e3o da palavra aos assessores para pontuar alguns temas.<\/span><span data-ccp-props=\"{&quot;201341983&quot;:0,&quot;335551550&quot;:6,&quot;335551620&quot;:6,&quot;335559739&quot;:160,&quot;335559740&quot;:259}\"><br \/>\n<\/span><span data-contrast=\"auto\">11h50 \u2013 Ora\u00e7\u00e3o de encerramento e orienta\u00e7\u00f5es para a parte da tarde.<br \/>\n12h00 \u2013 Encerramento<\/span><span data-ccp-props=\"{&quot;201341983&quot;:0,&quot;335551550&quot;:6,&quot;335551620&quot;:6,&quot;335559739&quot;:160,&quot;335559740&quot;:259}\">\u00a0<\/span><\/p>\n<p style=\"text-align: justify;\"><strong>26\/07\/22 \u2013 (ter\u00e7a-feira) \u2013 14:00 \u00e0s 17:00<br \/>\n<\/strong><span data-contrast=\"auto\">13h30 \u2013 Abertura da Sala Virtual<\/span><span data-ccp-props=\"{&quot;201341983&quot;:0,&quot;335551550&quot;:6,&quot;335551620&quot;:6,&quot;335559739&quot;:160,&quot;335559740&quot;:259}\"><br \/>\n<\/span><span data-contrast=\"auto\">14h00 \u2013 Sistematiza\u00e7\u00e3o da manh\u00e3<\/span><span data-ccp-props=\"{&quot;201341983&quot;:0,&quot;335551550&quot;:6,&quot;335551620&quot;:6,&quot;335559739&quot;:160,&quot;335559740&quot;:259}\"><br \/>\n<\/span><span data-contrast=\"auto\">14h15 \u2013 Divis\u00e3o dos trabalhos entre os participantes, com indica\u00e7\u00e3o de relatores15h15 \u2013 Plen\u00e1rio com Relat\u00f3rio dos Grupos Tem\u00e1ticos<\/span><span data-ccp-props=\"{&quot;201341983&quot;:0,&quot;335551550&quot;:6,&quot;335551620&quot;:6,&quot;335559739&quot;:160,&quot;335559740&quot;:259}\"><br \/>\n<\/span><span data-contrast=\"auto\">16h30 \u2013 Sistematiza\u00e7\u00e3o<\/span><span data-ccp-props=\"{&quot;201341983&quot;:0,&quot;335551550&quot;:6,&quot;335551620&quot;:6,&quot;335559739&quot;:160,&quot;335559740&quot;:259}\"><br \/>\n<\/span><span data-contrast=\"auto\">16h50 \u2013 Ora\u00e7\u00e3o de encerramento e orienta\u00e7\u00f5es para o dia seguinte.\u00a0<\/span><span data-ccp-props=\"{&quot;201341983&quot;:0,&quot;335551550&quot;:6,&quot;335551620&quot;:6,&quot;335559739&quot;:160,&quot;335559740&quot;:259}\">\u00a0<\/span><\/p>\n<p style=\"text-align: justify;\"><em><strong>27\/07\/22 \u2013 (quarta-feira) \u2013 09:00 \u00e0s 12:00<\/strong><\/em><span data-ccp-props=\"{&quot;201341983&quot;:0,&quot;335551550&quot;:6,&quot;335551620&quot;:6,&quot;335559739&quot;:160,&quot;335559740&quot;:259}\"><em><strong>\u00a0<\/strong><\/em><br \/>\n<\/span><span data-contrast=\"auto\">8h30 \u2013 Abertura da Sala Virtual<\/span><span data-ccp-props=\"{&quot;201341983&quot;:0,&quot;335551550&quot;:6,&quot;335551620&quot;:6,&quot;335559739&quot;:160,&quot;335559740&quot;:259}\"><br \/>\n<\/span><span data-contrast=\"auto\">9h00 \u2013 Ambienta\u00e7\u00e3o e Ora\u00e7\u00e3o inicial<\/span><span data-ccp-props=\"{&quot;201341983&quot;:0,&quot;335551550&quot;:6,&quot;335551620&quot;:6,&quot;335559739&quot;:160,&quot;335559740&quot;:259}\"><br \/>\n<\/span><span data-contrast=\"auto\">9h10 \u2013 Abertura e Acolhida<\/span><span data-ccp-props=\"{&quot;201341983&quot;:0,&quot;335551550&quot;:6,&quot;335551620&quot;:6,&quot;335559739&quot;:160,&quot;335559740&quot;:259}\"><br \/>\n<\/span><span data-contrast=\"auto\">9h40 \u2013 Comunica\u00e7\u00f5es e Rea\u00e7\u00f5es<\/span><span data-ccp-props=\"{&quot;201341983&quot;:0,&quot;335551550&quot;:6,&quot;335551620&quot;:6,&quot;335559739&quot;:160,&quot;335559740&quot;:259}\">\u00a0<\/span><\/p>\n<p style=\"text-align: justify;\"><em><strong>CNBB E A CONSTRU\u00c7\u00c3O DA DEMOCRACIA<\/strong><\/em><span data-ccp-props=\"{&quot;201341983&quot;:0,&quot;335551550&quot;:6,&quot;335551620&quot;:6,&quot;335559739&quot;:160,&quot;335559740&quot;:259}\"><em><strong>\u00a0<\/strong><\/em><br \/>\n<\/span><span data-contrast=\"auto\"><br \/>\nPalavra aberta para rea\u00e7\u00f5es<\/span><span data-ccp-props=\"{&quot;201341983&quot;:0,&quot;335551550&quot;:6,&quot;335551620&quot;:6,&quot;335559739&quot;:160,&quot;335559740&quot;:259}\"><br \/>\n<\/span><span data-contrast=\"auto\">11h00 \u2013 Devolu\u00e7\u00e3o da palavra aos assessores para pontuar alguns temas. 11h50 \u2013 Ora\u00e7\u00e3o de encerramento e orienta\u00e7\u00f5es para a parte da tarde.<\/span><span data-ccp-props=\"{&quot;201341983&quot;:0,&quot;335551550&quot;:6,&quot;335551620&quot;:6,&quot;335559739&quot;:160,&quot;335559740&quot;:259}\"><br \/>\n<\/span><span data-contrast=\"auto\">12h00 \u2013 Encerramento<\/span><span data-ccp-props=\"{&quot;201341983&quot;:0,&quot;335551550&quot;:6,&quot;335551620&quot;:6,&quot;335559739&quot;:160,&quot;335559740&quot;:259}\">\u00a0<\/span><\/p>\n<p style=\"text-align: justify;\"><em><strong>27\/07\/22 \u2013 (quarta-feira) 14:00 \u00e0s 17:00<\/strong><\/em><br \/>\n13h30 \u2013 Abertura da Sala Virtual<br \/>\n14h00 \u2013 Sistematiza\u00e7\u00e3o da manh\u00e3<br \/>\n14h15 \u2013 Divis\u00e3o dos trabalhos entre os participantes, com indica\u00e7\u00e3o de relatores<br \/>\n15h15 \u2013 Plen\u00e1rio com Relat\u00f3rio dos Grupos Tem\u00e1ticos<br \/>\n16h30 \u2013 Sistematiza\u00e7\u00e3o<br \/>\n16h50 \u2013 Ora\u00e7\u00e3o de encerramento e orienta\u00e7\u00f5es para o dia seguinte.<\/p>\n<p style=\"text-align: justify;\"><em><strong>28\/07\/22 \u2013 (quinta-feira) \u2013 09:00 \u00e0s 12:00<\/strong><\/em><br \/>\n8h30 \u2013 Abertura da Sala Virtual<br \/>\n9h00 \u2013 Ambienta\u00e7\u00e3o e Ora\u00e7\u00e3o inicial<br \/>\n9h10 \u2013 Abertura e Acolhida<br \/>\n9h40 \u2013 Comunica\u00e7\u00f5es e Rea\u00e7\u00f5es<\/p>\n<p style=\"text-align: justify;\"><em><strong>CAMPANHA DA FRATERNIDADE E PERSPECTIVAS PASTORAIS<br \/>\n<\/strong><\/em><br \/>\nPalavra aberta para rea\u00e7\u00f5es<br \/>\n11h00 \u2013 Devolu\u00e7\u00e3o da palavra aos painelistas para pontuar alguns temas.<br \/>\n11h50 \u2013 Ora\u00e7\u00e3o de encerramento e orienta\u00e7\u00f5es para a parte da tarde.<br \/>\n12h00 \u2013 Encerramento<\/p>\n<p style=\"text-align: justify;\"><strong><em>28\/07\/22 \u2013 (quinta-feira) \u2013 14:00 \u00e0s 17:00<\/em><\/strong><br \/>\n13h30 \u2013 Abertura da Sala Virtual<br \/>\n14h00 \u2013 Sistematiza\u00e7\u00e3o da manh\u00e3<br \/>\n14h15 \u2013 Divis\u00e3o dos trabalhos entre os participantes, com indica\u00e7\u00e3o de relatores<br \/>\n15h15 \u2013 Plen\u00e1rio com Relat\u00f3rio dos Grupos Tem\u00e1ticos<br \/>\n16h30 \u2013 Sistematiza\u00e7\u00e3o e encaminhamentos finais. 16h50 \u2013 Celebra\u00e7\u00e3o de encerramento e agradecimentos. 28\/07\/22 \u2013 (quinta-feira) \u2013 20h \u2013 Painel Geral (YouTube): aberto ao p\u00fablico<\/p>\n<h3 style=\"text-align: justify;\"><\/h3>\n<h3 style=\"text-align: justify;\"><span data-contrast=\"auto\">Hist\u00f3ria: CNBB 70 anos<\/span><span data-ccp-props=\"{&quot;201341983&quot;:0,&quot;335551550&quot;:6,&quot;335551620&quot;:6,&quot;335559739&quot;:160,&quot;335559740&quot;:259}\"><br \/>\n<\/span><\/h3>\n<p style=\"text-align: justify;\"><span data-contrast=\"auto\">Criada em 14 de outubro de 1952, a Confer\u00eancia Nacional dos Bispos do Brasil (CNBB) tem in\u00edcio nas ideias de maior articula\u00e7\u00e3o da Igreja no Brasil e na mobiliza\u00e7\u00e3o de dom Helder C\u00e2mara ao apresentar o projeto da entidade ao ent\u00e3o Monsenhor Giovani Montini, secret\u00e1rio de Estado do Vaticano, que anos depois foi eleito Papa Paulo VI.\u00a0<\/span><span data-ccp-props=\"{&quot;201341983&quot;:0,&quot;335551550&quot;:6,&quot;335551620&quot;:6,&quot;335559739&quot;:160,&quot;335559740&quot;:259}\">\u00a0<\/span><\/p>\n<p style=\"text-align: justify;\"><span data-contrast=\"auto\">\u00a0reuni\u00e3o de instala\u00e7\u00e3o da Confer\u00eancia Episcopal foi realizada no pal\u00e1cio S\u00e3o Joaquim, no Rio de Janeiro, onde ocorreu tamb\u00e9m a elei\u00e7\u00e3o da comiss\u00e3o permanente encarregada de dirigir a entidade, constitu\u00edda por dom Alfredo Vicente Scherer, dom M\u00e1rio de Miranda Vilas Boas e dom Ant\u00f4nio Morais de Almeida J\u00fanior. Dom Helder C\u00e2mara, ent\u00e3o bispo auxiliar do Rio de Janeiro e idealizador da confer\u00eancia, foi designado secret\u00e1rio-geral, e o cardeal Carlos Carmelo de Vasconcelos Motta, ent\u00e3o arcebispo de S\u00e3o Paulo, foi eleito o primeiro presidente da entidade, fun\u00e7\u00e3o que exerceu por dois mandatos.<\/span><\/p>\n<h3 style=\"text-align: justify;\">Hot site CNBB 70 anos<\/h3>\n<p style=\"text-align: justify;\">Para celebrar esse momento, a CNBB lan\u00e7ou o hot site\u00a0<a href=\"https:\/\/www.cnbb.org.br\/70anos\">CNBB 70 anos<\/a><\/p>\n","protected":false},"excerpt":{"rendered":"<p>A Confer\u00eancia Nacional dos Bispos do Brasil (CNBB), por meio do Instituto Nacional de Pastoral Padre Alberto Antoniazzi (INAPAZ), realiza de 26 a 28 de julho deste ano, o\u00a0\u2018Semin\u00e1rio CNBB 70 anos\u2019. O evento ser\u00e1 realizado em formato virtual, das 9h \u00e0s 17h, com intervalo para almo\u00e7o e vai contar com um time de especialistas. [&hellip;]<\/p>\n","protected":false},"author":1,"featured_media":74101,"comment_status":"open","ping_status":"closed","sticky":false,"template":"","format":"standard","meta":{"footnotes":""},"categories":[7],"tags":[],"class_list":["post-74100","post","type-post","status-publish","format-standard","has-post-thumbnail","hentry","category-cnbb"],"_links":{"self":[{"href":"https:\/\/catolicanet.net\/wp-cnet\/wp-json\/wp\/v2\/posts\/74100","targetHints":{"allow":["GET"]}}],"collection":[{"href":"https:\/\/catolicanet.net\/wp-cnet\/wp-json\/wp\/v2\/posts"}],"about":[{"href":"https:\/\/catolicanet.net\/wp-cnet\/wp-json\/wp\/v2\/types\/post"}],"author":[{"embeddable":true,"href":"https:\/\/catolicanet.net\/wp-cnet\/wp-json\/wp\/v2\/users\/1"}],"replies":[{"embeddable":true,"href":"https:\/\/catolicanet.net\/wp-cnet\/wp-json\/wp\/v2\/comments?post=74100"}],"version-history":[{"count":1,"href":"https:\/\/catolicanet.net\/wp-cnet\/wp-json\/wp\/v2\/posts\/74100\/revisions"}],"predecessor-version":[{"id":74102,"href":"https:\/\/catolicanet.net\/wp-cnet\/wp-json\/wp\/v2\/posts\/74100\/revisions\/74102"}],"wp:featuredmedia":[{"embeddable":true,"href":"https:\/\/catolicanet.net\/wp-cnet\/wp-json\/wp\/v2\/media\/74101"}],"wp:attachment":[{"href":"https:\/\/catolicanet.net\/wp-cnet\/wp-json\/wp\/v2\/media?parent=74100"}],"wp:term":[{"taxonomy":"category","embeddable":true,"href":"https:\/\/catolicanet.net\/wp-cnet\/wp-json\/wp\/v2\/categories?post=74100"},{"taxonomy":"post_tag","embeddable":true,"href":"https:\/\/catolicanet.net\/wp-cnet\/wp-json\/wp\/v2\/tags?post=74100"}],"curies":[{"name":"wp","href":"https:\/\/api.w.org\/{rel}","templated":true}]}}