{"id":74060,"date":"2022-05-27T09:13:18","date_gmt":"2022-05-27T12:13:18","guid":{"rendered":"https:\/\/catolicanet.net\/wp-cnet\/?p=74060"},"modified":"2022-05-27T17:15:07","modified_gmt":"2022-05-27T20:15:07","slug":"santa-se-e-mongolia-30-anos-de-relacoes-diplomaticas","status":"publish","type":"post","link":"https:\/\/catolicanet.net\/wp-cnet\/santa-se-e-mongolia-30-anos-de-relacoes-diplomaticas\/","title":{"rendered":"Santa S\u00e9 e Mong\u00f3lia, 30 anos de rela\u00e7\u00f5es diplom\u00e1ticas"},"content":{"rendered":"<figure class=\"article__image\"><span class=\"didascalia_img\">Dom Giorgio Marengo, prefeito apost\u00f3lico de Ulan Bator, capital da Mong\u00f3lia, junto com um budista\u00a0 (Afmc (Archivio fotografico Missioni Consolata))<\/span><\/figure>\n<div class=\"article__meta \" data-mediatype=\"\">\n<div class=\"article__subTitle\" style=\"text-align: justify;\">Hoje come\u00e7ou a primeira visita oficial ao Vaticano de uma representa\u00e7\u00e3o de budistas provenientes da Mong\u00f3lia depois de 30 anos do in\u00edcio da presen\u00e7a da Igreja Cat\u00f3lica e das rela\u00e7\u00f5es diplom\u00e1ticas. O Prefeito Apost\u00f3lico Giorgio Marengo fala de uma comunidade semelhante \u00e0 dos Atos dos Ap\u00f3stolos. O Evangelho, afirma, \u00e9 feito para ser testemunhado e oferecido com coragem e humildade<\/div>\n<div class=\"title__separator\" style=\"text-align: justify;\"><\/div>\n<div class=\"article__text \">\n<p style=\"text-align: justify;\">Tiziana Campisi e Amedeo Lomonaco \u2013 Vatican News<\/p>\n<p style=\"text-align: justify;\">S\u00e3o dois dias cheios de compromissos para a delega\u00e7\u00e3o budista da Mong\u00f3lia, hoje (27) e amanh\u00e3, em sua primeira visita oficial ao Vaticano, por ocasi\u00e3o do 30\u00ba anivers\u00e1rio da presen\u00e7a da Igreja Cat\u00f3lica no pa\u00eds asi\u00e1tico e do 30\u00ba anivers\u00e1rio do estabelecimento de rela\u00e7\u00f5es diplom\u00e1ticas entre a Santa S\u00e9 e a Mong\u00f3lia. Pela manh\u00e3, a delega\u00e7\u00e3o foi recebida pelo Pontif\u00edcio Conselho para o Di\u00e1logo Inter-religioso, enquanto \u00e0 tarde est\u00e1 prevista a visita aos Museus do Vaticano.<\/p>\n<p style=\"text-align: justify;\">Atualmente vivem cerca de 1400 cat\u00f3licos na Mong\u00f3lia, divididos em oito par\u00f3quias.\u00a0<b>Dom Giorgio Marengo<\/b>, Prefeito Apost\u00f3lico de Ulaanbaatar, capital do pa\u00eds, define a presen\u00e7a da representa\u00e7\u00e3o budista em Roma como &#8220;um passo importante&#8221; para o di\u00e1logo inter-religioso:<\/p>\n<p style=\"text-align: justify;\"><i>Nos dias 27 e 28 de maio, a primeira visita de uma delega\u00e7\u00e3o budista da Mong\u00f3lia no Vaticano, mais um passo no di\u00e1logo inter-religioso&#8230;<\/i><\/p>\n<p style=\"text-align: justify;\">Sim, exatamente, estamos muito felizes com este evento, no qual estamos trabalhando h\u00e1 quase dois anos com a grande coopera\u00e7\u00e3o e grande apoio do Pontif\u00edcio Conselho para o Di\u00e1logo Inter-religioso. Na realidade outros importantes expoentes budistas da Mong\u00f3lia j\u00e1 vieram ao Vaticano, mas n\u00e3o eram visitas oficiais, enquanto que esta \u00e9 a primeira vez que uma delega\u00e7\u00e3o vem com o desejo expresso de se encontrar com o Santo Padre. Portanto, trata-se de um cap\u00edtulo importante do di\u00e1logo inter-religioso, ao qual a Igreja d\u00e1 muita aten\u00e7\u00e3o na Mong\u00f3lia.<\/p>\n<p style=\"text-align: justify;\"><i>A visita ao Vaticano ocorre no 30\u00ba anivers\u00e1rio da presen\u00e7a da Igreja Cat\u00f3lica no pa\u00eds asi\u00e1tico. Como podemos tecer, atrav\u00e9s de palavras e imagens, o fio condutor destas tr\u00eas d\u00e9cadas?<\/i><\/p>\n<p style=\"text-align: justify;\">\u00c9 uma aventura muito bela, interessante, guiada pelo Esp\u00edrito, como nos primeiros s\u00e9culos da Igreja. Gostamos da imagem de uma Igreja que se assemelha \u00e0 dos Atos dos Ap\u00f3stolos. Existem poucos pa\u00edses no mundo onde os crist\u00e3os membros de nossas comunidades s\u00e3o de primeira ou segunda gera\u00e7\u00e3o. \u00c9 uma aventura do Esp\u00edrito e de grande entusiasmo mission\u00e1rio, que teve como protagonista, durante pelo menos duas destas d\u00e9cadas, ou mesmo para as tr\u00eas, o falecido Bispo Wenceslaus Padilla, que foi o verdadeiro fundador desta Igreja, juntamente com seus coirm\u00e3os, e depois com as outras obras e for\u00e7as mission\u00e1rias que se uniram. Portanto, eu diria que a primeira d\u00e9cada foi caracterizada pelo pioneirismo mission\u00e1rio deste grande mission\u00e1rio do primeiro grupo, que come\u00e7ou a evangeliza\u00e7\u00e3o ap\u00f3s o fim do regime comunista, que havia condicionado severamente a liberdade religiosa neste pa\u00eds da \u00c1sia Central. A primeira d\u00e9cada foi marcada por estes pequenos, mas muito significativos passos, especialmente no campo da promo\u00e7\u00e3o humana. A segunda d\u00e9cada, talvez, poderia ser descrita como um dos primeiros estabelecimentos e o nascimento das primeiras comunidades crist\u00e3s e o in\u00edcio de alguns caminhos de f\u00e9 por parte da popula\u00e7\u00e3o local. A terceira d\u00e9cada \u00e9 simbolizada pela ordena\u00e7\u00e3o do primeiro sacerdote mongol, em 2016, e levamos esta imagem dentro de n\u00f3s como um grande dom do Esp\u00edrito para esta Igreja que est\u00e1 nascendo. Junto com ele, hoje temos um segundo sacerdote local, que foi ordenado em outubro do ano passado. Portanto, a visita nestes dias tem como protagonistas, certamente, nossos amigos budistas, mas tamb\u00e9m os dois padres mong\u00f3is que est\u00e3o vindo ao Vaticano pela primeira vez.<\/p>\n<p style=\"text-align: justify;\"><i>\u00c9 tamb\u00e9m o 30\u00ba anivers\u00e1rio do estabelecimento de rela\u00e7\u00f5es diplom\u00e1ticas entre a Santa S\u00e9 e a Mong\u00f3lia. Hoje, quais s\u00e3o os temas centrais dessas rela\u00e7\u00f5es?<\/i><\/p>\n<p style=\"text-align: justify;\">Os temas s\u00e3o sobretudo os de um aumento desta rela\u00e7\u00e3o positiva de di\u00e1logo, de colabora\u00e7\u00e3o, que esperamos que conduza a passos concretos que tamb\u00e9m ajudem o estatuto legal da Igreja na Mong\u00f3lia e confirmem e aumentem a m\u00fatua colabora\u00e7\u00e3o que sempre foi muito positiva nestes anos.<\/p>\n<p style=\"text-align: justify;\"><i>A Mong\u00f3lia \u00e9 um pa\u00eds que se estende entre imponentes cadeias de montanhas ao norte e \u00e1ridas extens\u00f5es ao sul. Trinta por cento da popula\u00e7\u00e3o \u00e9 n\u00f4made. Quais s\u00e3o os desafios pastorais em um territ\u00f3rio onde h\u00e1 cerca de 1400 batizados, em uma popula\u00e7\u00e3o total de mais de 3 milh\u00f5es de pessoas?<\/i><\/p>\n<p style=\"text-align: justify;\">Tentei resumir quais poderiam ser as prioridades pastorais na carta que compartilhei com os mission\u00e1rios e os fi\u00e9is mong\u00f3is. Um primeiro desafio \u00e9 o da profundidade, justamente para ajudar as pessoas que deram este passo t\u00e3o importante a aprofundar a sua f\u00e9 e torn\u00e1-la cada vez mais ligada \u00e0 vida di\u00e1ria. Isto implica um grande esfor\u00e7o de aten\u00e7\u00e3o, de acompanhamento, das pessoas que j\u00e1 fazem parte de nossas comunidades. Um segundo aspecto \u00e9 o desafio da comunh\u00e3o e da fraternidade, tanto entre n\u00f3s mission\u00e1rios de v\u00e1rias congrega\u00e7\u00f5es que trabalham no territ\u00f3rio quanto entre as pr\u00f3prias comunidades crist\u00e3s, justamente porque, apesar de sermos poucos, sentimos cada vez mais a necessidade de estarmos em sintonia nos caminhos do Evangelho. E tamb\u00e9m porque a comunh\u00e3o \u00e9 um sinal da presen\u00e7a do Senhor entre n\u00f3s. Um terceiro aspecto \u00e9 o an\u00fancio e o testemunho que deve marcar esta nossa Igreja, que \u00e9, em sua maioria, voltada para o exterior, sendo uma pequena realidade: nunca podemos esquecer que n\u00e3o podemos parar ou nos desencorajarmos, porque o Evangelho \u00e9 feito para ser vivido e testemunhado, e oferecido com coragem e humildade.<\/p>\n<\/div>\n<\/div>\n","protected":false},"excerpt":{"rendered":"<p>Dom Giorgio Marengo, prefeito apost\u00f3lico de Ulan Bator, capital da Mong\u00f3lia, junto com um budista\u00a0 (Afmc (Archivio fotografico Missioni Consolata)) Hoje come\u00e7ou a primeira visita oficial ao Vaticano de uma representa\u00e7\u00e3o de budistas provenientes da Mong\u00f3lia depois de 30 anos do in\u00edcio da presen\u00e7a da Igreja Cat\u00f3lica e das rela\u00e7\u00f5es diplom\u00e1ticas. O Prefeito Apost\u00f3lico Giorgio [&hellip;]<\/p>\n","protected":false},"author":1,"featured_media":74061,"comment_status":"open","ping_status":"closed","sticky":false,"template":"","format":"standard","meta":{"footnotes":""},"categories":[3],"tags":[],"class_list":["post-74060","post","type-post","status-publish","format-standard","has-post-thumbnail","hentry","category-vaticano"],"_links":{"self":[{"href":"https:\/\/catolicanet.net\/wp-cnet\/wp-json\/wp\/v2\/posts\/74060","targetHints":{"allow":["GET"]}}],"collection":[{"href":"https:\/\/catolicanet.net\/wp-cnet\/wp-json\/wp\/v2\/posts"}],"about":[{"href":"https:\/\/catolicanet.net\/wp-cnet\/wp-json\/wp\/v2\/types\/post"}],"author":[{"embeddable":true,"href":"https:\/\/catolicanet.net\/wp-cnet\/wp-json\/wp\/v2\/users\/1"}],"replies":[{"embeddable":true,"href":"https:\/\/catolicanet.net\/wp-cnet\/wp-json\/wp\/v2\/comments?post=74060"}],"version-history":[{"count":1,"href":"https:\/\/catolicanet.net\/wp-cnet\/wp-json\/wp\/v2\/posts\/74060\/revisions"}],"predecessor-version":[{"id":74062,"href":"https:\/\/catolicanet.net\/wp-cnet\/wp-json\/wp\/v2\/posts\/74060\/revisions\/74062"}],"wp:featuredmedia":[{"embeddable":true,"href":"https:\/\/catolicanet.net\/wp-cnet\/wp-json\/wp\/v2\/media\/74061"}],"wp:attachment":[{"href":"https:\/\/catolicanet.net\/wp-cnet\/wp-json\/wp\/v2\/media?parent=74060"}],"wp:term":[{"taxonomy":"category","embeddable":true,"href":"https:\/\/catolicanet.net\/wp-cnet\/wp-json\/wp\/v2\/categories?post=74060"},{"taxonomy":"post_tag","embeddable":true,"href":"https:\/\/catolicanet.net\/wp-cnet\/wp-json\/wp\/v2\/tags?post=74060"}],"curies":[{"name":"wp","href":"https:\/\/api.w.org\/{rel}","templated":true}]}}