{"id":74025,"date":"2022-05-26T09:20:29","date_gmt":"2022-05-26T12:20:29","guid":{"rendered":"https:\/\/catolicanet.net\/wp-cnet\/?p=74025"},"modified":"2022-05-26T12:23:17","modified_gmt":"2022-05-26T15:23:17","slug":"o-papa-a-sinodalidade-deve-nos-levar-a-viver-intensamente-a-comunhao-eclesial","status":"publish","type":"post","link":"https:\/\/catolicanet.net\/wp-cnet\/o-papa-a-sinodalidade-deve-nos-levar-a-viver-intensamente-a-comunhao-eclesial\/","title":{"rendered":"O Papa: a sinodalidade deve nos levar a viver intensamente a comunh\u00e3o eclesial"},"content":{"rendered":"<p style=\"text-align: justify;\">O Papa durante a mensagem de v\u00eddeo para a Pontif\u00edcia Comiss\u00e3o para a Am\u00e9rica Latina<\/p>\n<div class=\"article__subTitle\" style=\"text-align: justify;\">Na mensagem de v\u00eddeo por ocasi\u00e3o da plen\u00e1ria da Pontif\u00edcia Comiss\u00e3o para a Am\u00e9rica Latina, Francisco explicou que &#8220;a sinodalidade \u00e9 a dimens\u00e3o din\u00e2mica, a dimens\u00e3o hist\u00f3rica da comunh\u00e3o eclesial fundada pela comunh\u00e3o trinit\u00e1ria, que ao apreciar o sensus fidei de todo o santo fiel Povo de Deus, a colegialidade apost\u00f3lica e a unidade com o sucessor de Pedro, deve incentivar a convers\u00e3o e a reforma da Igreja em todos os n\u00edveis&#8221;.<\/div>\n<div class=\"title__separator\" style=\"text-align: justify;\"><\/div>\n<div class=\"article__text \">\n<p style=\"text-align: justify;\"><b>Mariangela Jaguraba &#8211; Vatican News<\/b><\/p>\n<p style=\"text-align: justify;\">Foi divulgada, nesta quinta-feira (26\/05), a mensagem de v\u00eddeo do Papa Francisco por ocasi\u00e3o da plen\u00e1ria da Pontif\u00edcia Comiss\u00e3o para a Am\u00e9rica Latina (PCAL) que teve in\u00edcio na ter\u00e7a-feira, 24, e prossegue at\u00e9 sexta-feira, 27 de maio.<\/p>\n<div style=\"text-align: justify;\">\n<div class=\"article__embed article__embed--unwrap article__embed--dark\">\n<div class=\"article__innerTitle\">Ou\u00e7a e compartilhe<\/div>\n<div>\n<audio class=\"wp-audio-shortcode\" id=\"audio-74025-1\" preload=\"none\" style=\"width: 100%;\" controls=\"controls\"><source type=\"audio\/mpeg\" src=\"https:\/\/media.vaticannews.va\/media\/audio\/s1\/2022\/05\/26\/16\/136580933_F136580933.mp3?_=1\" \/><a href=\"https:\/\/media.vaticannews.va\/media\/audio\/s1\/2022\/05\/26\/16\/136580933_F136580933.mp3\">https:\/\/media.vaticannews.va\/media\/audio\/s1\/2022\/05\/26\/16\/136580933_F136580933.mp3<\/a><\/audio>\n<\/div>\n<\/div>\n<\/div>\n<p style=\"text-align: justify;\">Francisco manifestou satisfa\u00e7\u00e3o pelo fato de o organismo se reunir ap\u00f3s a pausa prolongada causada pela pandemia. Antes da convoca\u00e7\u00e3o do S\u00ednodo sobre a Sinodalidade na Igreja, o Papa desejava que os membros da Pontif\u00edcia Comiss\u00e3o para a Am\u00e9rica Latina pudessem &#8220;dialogar sobre esse tema, uma vez que a experi\u00eancia da Igreja na Am\u00e9rica Latina foi expressa, ap\u00f3s o Conc\u00edlio Vaticano II, com alguns elementos marcadamente sinodais&#8221;.<\/p>\n<h2 style=\"text-align: justify;\">Reaprender a caminhar juntos<\/h2>\n<p style=\"text-align: justify;\">Segundo Francisco, a &#8220;comunh\u00e3o&#8221; e a &#8220;participa\u00e7\u00e3o&#8221; foram as categorias-chave para a compreens\u00e3o e implementa\u00e7\u00e3o da III Confer\u00eancia Geral do Episcopado Latino-Americano, realizada em Puebla, e a &#8220;convers\u00e3o pastoral&#8221; foi um conceito relevante na IV Confer\u00eancia Geral de Santo Domingo que depois adquiriria ainda mais centralidade na V Confer\u00eancia Geral de Aparecida.<\/p>\n<p style=\"text-align: justify;\">&#8220;Al\u00e9m dos documentos, \u00e9 a pr\u00f3pria realidade pastoral da Igreja Latino-Americana que me incentiva a pensar nela como uma experi\u00eancia na qual a sinodalidade h\u00e1 muito se enraizou&#8221;, disse o Papa, acrescentando:<\/p>\n<p style=\"text-align: justify;\"><i>Estou convencido de que, de forma avan\u00e7ada, a Igreja na Am\u00e9rica Latina e no Caribe fez um &#8220;percurso caminhando&#8221;, ou seja, demonstrou que uma interpreta\u00e7\u00e3o correta dos ensinamentos do Conc\u00edlio implica reaprender a caminhar juntos diante dos desafios ou problemas pastorais e sociais inerentes \u00e0 mudan\u00e7a de \u00e9poca. Digo &#8220;reaprender&#8221; porque para caminharmos juntos \u00e9 sempre importante manter o pensamento incompleto. Tenho alergia a pensamentos j\u00e1 completos e fechados.<\/i><\/p>\n<p style=\"text-align: justify;\">&#8220;Quando se pensa que se sabe tudo, o dom n\u00e3o pode ser recebido. Quando se pensa que sabemos tudo, o dom n\u00e3o nos educa porque n\u00e3o pode entrar no cora\u00e7\u00e3o. Em outras palavras, n\u00e3o h\u00e1 nada mais perigoso para a sinodalidade do que pensar que j\u00e1 sabemos tudo. O dom \u00e9 o Esp\u00edrito Santo, que n\u00e3o se imp\u00f5e \u00e0 for\u00e7a, mas gentilmente convoca suavemente o nosso afeto e nossa liberdade para nos modelar com paci\u00eancia e ternura, a fim de assumirmos a forma de unidade e comunh\u00e3o que Ele deseja em nossas rela\u00e7\u00f5es&#8221;, disse ainda Francisco, reiterando que a Igreja \u00e9 &#8220;um povo reunido em virtude da unidade do Pai, do Filho e do Esp\u00edrito Santo.&#8221;<\/p>\n<h2 style=\"text-align: justify;\">Incentivar a convers\u00e3o e a reforma da Igreja<\/h2>\n<p style=\"text-align: justify;\"><i>Assim, a palavra &#8220;sinodalidade&#8221; n\u00e3o designa um m\u00e9todo mais ou menos democr\u00e1tico e muito menos &#8220;populista&#8221; de ser Igreja. Estes s\u00e3o desvios. A sinodalidade n\u00e3o \u00e9 uma moda organizacional ou um projeto de reinven\u00e7\u00e3o humana do povo de Deus. A sinodalidade \u00e9 a dimens\u00e3o din\u00e2mica, a dimens\u00e3o hist\u00f3rica da comunh\u00e3o eclesial fundada pela comunh\u00e3o trinit\u00e1ria, que ao apreciar o sensus fidei de todo o santo fiel Povo de Deus, a colegialidade apost\u00f3lica e a unidade com o sucessor de Pedro, deve incentivar a convers\u00e3o e a reforma da Igreja em todos os n\u00edveis.<\/i><\/p>\n<p style=\"text-align: justify;\">A seguir, o Papa disse que PCAL \u00e9 chamada a ser um organismo de servi\u00e7o que colabora para que todos na Am\u00e9rica Latina e no Caribe entrem no estilo sinodal de ser Igreja, &#8220;na qual o Esp\u00edrito Santo \u00e9 o protagonista, e n\u00e3o n\u00f3s&#8221;.<\/p>\n<h2 style=\"text-align: justify;\">PCAL, promover a sinodalidade da forma mais ampla poss\u00edvel<\/h2>\n<p style=\"text-align: justify;\">&#8220;A PCAL \u00e9 um servi\u00e7o, \u00e9 uma diakonia, que deve mostrar o afeto e a aten\u00e7\u00e3o que o Papa tem em rela\u00e7\u00e3o \u00e0 regi\u00e3o.\u00a0<i>Diakonia<\/i>, servi\u00e7o, que ajuda os diversos Dicast\u00e9rios a agir de forma sin\u00e9rgica, entendendo melhor a realidade social e eclesial da Am\u00e9rica Latina.\u00a0<i>Diakonia<\/i>\u00a0que, em nome do Papa, acompanha a caminhada de organismos como o CELAM (Conselho Episcopal Latino-americano) e a CEAMA (Confer\u00eancia Eclesial da Amaz\u00f4nia), e pastoral hisp\u00e2nica nos Estados Unidos e Canad\u00e1, em comunh\u00e3o com a Igreja universal&#8221;, sublinhou ainda Francisco, ressaltando que a PCAL &#8220;\u00e9 um organismo da C\u00faria Romana, parte integrante do Dicast\u00e9rio para os Bispos, que tem dois leigos como secret\u00e1rios \u2013 um homem e uma mulher agora. N\u00e3o nos esque\u00e7amos de que o clericalismo \u00e9 uma pervers\u00e3o &#8220;quietista&#8221;.&#8221;<\/p>\n<p style=\"text-align: justify;\">Segundo o Papa, a PCAL &#8220;deve promover a verdadeira sinodalidade da forma mais ampla poss\u00edvel. A comunh\u00e3o sem sinodalidade pode facilmente se prestar a um certo fixismo e centralismo indesej\u00e1veis. A sinodalidade sem comunh\u00e3o pode se tornar populismo eclesi\u00e1stico. A sinodalidade deve nos levar a viver mais intensamente a comunh\u00e3o eclesial, na qual a diversidade de carismas, voca\u00e7\u00f5es e minist\u00e9rios se integram harmoniosamente animados pelo mesmo batismo, que nos torna filhos no Filho&#8221;. &#8220;Tomemos cuidado com o protagonismo&#8221;, disse ainda o Papa e animemos &#8220;processos que permitam ao Povo de Deus, que caminha na hist\u00f3ria, a participar cada vez mais na responsabilidade comum de que todos n\u00f3s temos que ser Igreja&#8221;. &#8220;Somos todos o povo de Deus. Somos todos disc\u00edpulos chamados a aprender e seguir o Senhor. Somos todos correspons\u00e1veis pelo bem comum e pela santidade da Igreja&#8221;, concluiu.<\/p>\n<\/div>\n","protected":false},"excerpt":{"rendered":"<p>O Papa durante a mensagem de v\u00eddeo para a Pontif\u00edcia Comiss\u00e3o para a Am\u00e9rica Latina Na mensagem de v\u00eddeo por ocasi\u00e3o da plen\u00e1ria da Pontif\u00edcia Comiss\u00e3o para a Am\u00e9rica Latina, Francisco explicou que &#8220;a sinodalidade \u00e9 a dimens\u00e3o din\u00e2mica, a dimens\u00e3o hist\u00f3rica da comunh\u00e3o eclesial fundada pela comunh\u00e3o trinit\u00e1ria, que ao apreciar o sensus fidei [&hellip;]<\/p>\n","protected":false},"author":1,"featured_media":74026,"comment_status":"open","ping_status":"closed","sticky":false,"template":"","format":"standard","meta":{"footnotes":""},"categories":[3],"tags":[],"class_list":["post-74025","post","type-post","status-publish","format-standard","has-post-thumbnail","hentry","category-vaticano"],"_links":{"self":[{"href":"https:\/\/catolicanet.net\/wp-cnet\/wp-json\/wp\/v2\/posts\/74025","targetHints":{"allow":["GET"]}}],"collection":[{"href":"https:\/\/catolicanet.net\/wp-cnet\/wp-json\/wp\/v2\/posts"}],"about":[{"href":"https:\/\/catolicanet.net\/wp-cnet\/wp-json\/wp\/v2\/types\/post"}],"author":[{"embeddable":true,"href":"https:\/\/catolicanet.net\/wp-cnet\/wp-json\/wp\/v2\/users\/1"}],"replies":[{"embeddable":true,"href":"https:\/\/catolicanet.net\/wp-cnet\/wp-json\/wp\/v2\/comments?post=74025"}],"version-history":[{"count":1,"href":"https:\/\/catolicanet.net\/wp-cnet\/wp-json\/wp\/v2\/posts\/74025\/revisions"}],"predecessor-version":[{"id":74027,"href":"https:\/\/catolicanet.net\/wp-cnet\/wp-json\/wp\/v2\/posts\/74025\/revisions\/74027"}],"wp:featuredmedia":[{"embeddable":true,"href":"https:\/\/catolicanet.net\/wp-cnet\/wp-json\/wp\/v2\/media\/74026"}],"wp:attachment":[{"href":"https:\/\/catolicanet.net\/wp-cnet\/wp-json\/wp\/v2\/media?parent=74025"}],"wp:term":[{"taxonomy":"category","embeddable":true,"href":"https:\/\/catolicanet.net\/wp-cnet\/wp-json\/wp\/v2\/categories?post=74025"},{"taxonomy":"post_tag","embeddable":true,"href":"https:\/\/catolicanet.net\/wp-cnet\/wp-json\/wp\/v2\/tags?post=74025"}],"curies":[{"name":"wp","href":"https:\/\/api.w.org\/{rel}","templated":true}]}}