{"id":74010,"date":"2022-05-25T10:07:06","date_gmt":"2022-05-25T13:07:06","guid":{"rendered":"https:\/\/catolicanet.net\/wp-cnet\/?p=74010"},"modified":"2022-05-25T18:08:12","modified_gmt":"2022-05-25T21:08:12","slug":"secretario-geral-da-cnbb-celebra-missa-na-10a-jornada-da-infancia-e-adolescencia-missionaria","status":"publish","type":"post","link":"https:\/\/catolicanet.net\/wp-cnet\/secretario-geral-da-cnbb-celebra-missa-na-10a-jornada-da-infancia-e-adolescencia-missionaria\/","title":{"rendered":"SECRET\u00c1RIO-GERAL DA CNBB CELEBRA MISSA NA 10\u00aa JORNADA DA INF\u00c2NCIA E ADOLESC\u00caNCIA MISSION\u00c1RIA"},"content":{"rendered":"<p style=\"text-align: justify;\">Neste domingo, 29 de maio, o secret\u00e1rio-geral da Confer\u00eancia Nacional dos Bispos do Brasil (CNBB), dom Joel Portella Amado, vai presidir a missa da 10\u00aa Jornada Nacional da IAM, a partir das 11h. A celebra\u00e7\u00e3o eucar\u00edstica ser\u00e1 transmitida pela da Rede Vida de Televis\u00e3o diretamente da capela da sede nacional das Pontif\u00edcias Obras Mission\u00e1rias (POM), em Bras\u00edlia.<\/p>\n<h3 style=\"text-align: justify;\"><img loading=\"lazy\" decoding=\"async\" class=\"wp-image-913848 alignright lazyloaded\" src=\"https:\/\/eadn-wc02-718006.nxedge.io\/cdn\/wp-content\/uploads\/2022\/05\/WhatsApp-Image-2022-05-25-at-11.26.53-300x300.jpeg\" sizes=\"auto, (max-width: 331px) 100vw, 331px\" srcset=\"https:\/\/eadn-wc02-718006.nxedge.io\/cdn\/wp-content\/uploads\/2022\/05\/WhatsApp-Image-2022-05-25-at-11.26.53-300x300.jpeg 300w, https:\/\/eadn-wc02-718006.nxedge.io\/cdn\/wp-content\/uploads\/2022\/05\/WhatsApp-Image-2022-05-25-at-11.26.53-1024x1024.jpeg 1024w, https:\/\/eadn-wc02-718006.nxedge.io\/cdn\/wp-content\/uploads\/2022\/05\/WhatsApp-Image-2022-05-25-at-11.26.53-150x150.jpeg 150w, https:\/\/eadn-wc02-718006.nxedge.io\/cdn\/wp-content\/uploads\/2022\/05\/WhatsApp-Image-2022-05-25-at-11.26.53-768x768.jpeg 768w, https:\/\/eadn-wc02-718006.nxedge.io\/cdn\/wp-content\/uploads\/2022\/05\/WhatsApp-Image-2022-05-25-at-11.26.53-800x800.jpeg 800w, https:\/\/eadn-wc02-718006.nxedge.io\/cdn\/wp-content\/uploads\/2022\/05\/WhatsApp-Image-2022-05-25-at-11.26.53-500x500.jpeg 500w, https:\/\/eadn-wc02-718006.nxedge.io\/cdn\/wp-content\/uploads\/2022\/05\/WhatsApp-Image-2022-05-25-at-11.26.53.jpeg 1080w\" alt=\"\" width=\"331\" height=\"331\" data-srcset=\"https:\/\/eadn-wc02-718006.nxedge.io\/cdn\/wp-content\/uploads\/2022\/05\/WhatsApp-Image-2022-05-25-at-11.26.53-300x300.jpeg 300w, https:\/\/eadn-wc02-718006.nxedge.io\/cdn\/wp-content\/uploads\/2022\/05\/WhatsApp-Image-2022-05-25-at-11.26.53-1024x1024.jpeg 1024w, https:\/\/eadn-wc02-718006.nxedge.io\/cdn\/wp-content\/uploads\/2022\/05\/WhatsApp-Image-2022-05-25-at-11.26.53-150x150.jpeg 150w, https:\/\/eadn-wc02-718006.nxedge.io\/cdn\/wp-content\/uploads\/2022\/05\/WhatsApp-Image-2022-05-25-at-11.26.53-768x768.jpeg 768w, https:\/\/eadn-wc02-718006.nxedge.io\/cdn\/wp-content\/uploads\/2022\/05\/WhatsApp-Image-2022-05-25-at-11.26.53-800x800.jpeg 800w, https:\/\/eadn-wc02-718006.nxedge.io\/cdn\/wp-content\/uploads\/2022\/05\/WhatsApp-Image-2022-05-25-at-11.26.53-500x500.jpeg 500w, https:\/\/eadn-wc02-718006.nxedge.io\/cdn\/wp-content\/uploads\/2022\/05\/WhatsApp-Image-2022-05-25-at-11.26.53.jpeg 1080w\" data-src=\"https:\/\/eadn-wc02-718006.nxedge.io\/cdn\/wp-content\/uploads\/2022\/05\/WhatsApp-Image-2022-05-25-at-11.26.53-300x300.jpeg\" data-sizes=\"(max-width: 331px) 100vw, 331px\" \/>Celebra\u00e7\u00e3o acontece nas Dioceses de todo o Brasil<\/h3>\n<p style=\"text-align: justify;\">A Jornada Nacional \u00e9 permanente na agenda anual da IAM no Brasil. Com o tema \u201cTestemunhando Jesus Cristo at\u00e9 os confins da terra\u201d, as crian\u00e7as e adolescentes realizam a consagra\u00e7\u00e3o \u00e0 Obra durante a celebra\u00e7\u00e3o em suas comunidades, assumindo p\u00fablica e solenemente a decis\u00e3o de ser mission\u00e1rio e mission\u00e1ria. Os s\u00edmbolos oficiais da consagra\u00e7\u00e3o s\u00e3o o len\u00e7o com o boton da IAM.<\/p>\n<p style=\"text-align: justify;\">As crian\u00e7as e adolescentes da Obra da IAM, comprometeram-se a rezar \u201cuma Ave Maria por dia, e oferecer uma moedinha por m\u00eas\u201d para ajudar as crian\u00e7as e adolescentes mais necessitados do mundo. Durante a celebra\u00e7\u00e3o da Jornada Nacional, acontece a apresenta\u00e7\u00e3o do Cofrinho Mission\u00e1rio na prociss\u00e3o das oferendas. Posteriormente o valor do cofrinho ser\u00e1 contado e enviado \u00e0s POM.<\/p>\n<p style=\"text-align: justify;\">A cada ano, a coordena\u00e7\u00e3o nacional escolhe um continente que receber\u00e1 as doa\u00e7\u00f5es arrecadas. Em 2022, o Cofrinho Mission\u00e1rio vai ajudar projetos sociais e de evangeliza\u00e7\u00e3o para as crian\u00e7as do Continente da Oceania.<\/p>\n<pre>Com informa\u00e7\u00f5es das <a href=\"https:\/\/www.pom.org.br\/iam-celebra-sua-10a-jornada-nacional-com-missa-transmitida-pela-tv\/\" target=\"_blank\" rel=\"noopener\"><strong><em>Pontif\u00edcias Obras Mission\u00e1rias (POM)<\/em><\/strong><\/a><\/pre>\n","protected":false},"excerpt":{"rendered":"<p>Neste domingo, 29 de maio, o secret\u00e1rio-geral da Confer\u00eancia Nacional dos Bispos do Brasil (CNBB), dom Joel Portella Amado, vai presidir a missa da 10\u00aa Jornada Nacional da IAM, a partir das 11h. A celebra\u00e7\u00e3o eucar\u00edstica ser\u00e1 transmitida pela da Rede Vida de Televis\u00e3o diretamente da capela da sede nacional das Pontif\u00edcias Obras Mission\u00e1rias (POM), [&hellip;]<\/p>\n","protected":false},"author":1,"featured_media":74011,"comment_status":"open","ping_status":"closed","sticky":false,"template":"","format":"standard","meta":{"footnotes":""},"categories":[7],"tags":[],"class_list":["post-74010","post","type-post","status-publish","format-standard","has-post-thumbnail","hentry","category-cnbb"],"_links":{"self":[{"href":"https:\/\/catolicanet.net\/wp-cnet\/wp-json\/wp\/v2\/posts\/74010","targetHints":{"allow":["GET"]}}],"collection":[{"href":"https:\/\/catolicanet.net\/wp-cnet\/wp-json\/wp\/v2\/posts"}],"about":[{"href":"https:\/\/catolicanet.net\/wp-cnet\/wp-json\/wp\/v2\/types\/post"}],"author":[{"embeddable":true,"href":"https:\/\/catolicanet.net\/wp-cnet\/wp-json\/wp\/v2\/users\/1"}],"replies":[{"embeddable":true,"href":"https:\/\/catolicanet.net\/wp-cnet\/wp-json\/wp\/v2\/comments?post=74010"}],"version-history":[{"count":1,"href":"https:\/\/catolicanet.net\/wp-cnet\/wp-json\/wp\/v2\/posts\/74010\/revisions"}],"predecessor-version":[{"id":74012,"href":"https:\/\/catolicanet.net\/wp-cnet\/wp-json\/wp\/v2\/posts\/74010\/revisions\/74012"}],"wp:featuredmedia":[{"embeddable":true,"href":"https:\/\/catolicanet.net\/wp-cnet\/wp-json\/wp\/v2\/media\/74011"}],"wp:attachment":[{"href":"https:\/\/catolicanet.net\/wp-cnet\/wp-json\/wp\/v2\/media?parent=74010"}],"wp:term":[{"taxonomy":"category","embeddable":true,"href":"https:\/\/catolicanet.net\/wp-cnet\/wp-json\/wp\/v2\/categories?post=74010"},{"taxonomy":"post_tag","embeddable":true,"href":"https:\/\/catolicanet.net\/wp-cnet\/wp-json\/wp\/v2\/tags?post=74010"}],"curies":[{"name":"wp","href":"https:\/\/api.w.org\/{rel}","templated":true}]}}