{"id":73988,"date":"2022-05-21T09:11:20","date_gmt":"2022-05-21T12:11:20","guid":{"rendered":"https:\/\/catolicanet.net\/wp-cnet\/?p=73988"},"modified":"2022-05-24T16:12:13","modified_gmt":"2022-05-24T19:12:13","slug":"no-espirito-santo-viver-no-amor-e-na-paz-de-cristo","status":"publish","type":"post","link":"https:\/\/catolicanet.net\/wp-cnet\/no-espirito-santo-viver-no-amor-e-na-paz-de-cristo\/","title":{"rendered":"No Esp\u00edrito Santo viver no amor e na paz de Cristo!"},"content":{"rendered":"<p style=\"text-align: justify;\">Na liturgia do 6\u00ba. Domingo da P\u00e1scoa sobressai a promessa de Jesus de acompanhar de forma permanente a caminhada da sua comunidade em marcha pela hist\u00f3ria: n\u00e3o estamos sozinhos; Jesus ressuscitado vai sempre ao nosso lado.<\/p>\n<p style=\"text-align: justify;\">Estamos nos aproximando do auge do Tempo Pascal, com as celebra\u00e7\u00f5es da Ascens\u00e3o de Jesus e de Pentecostes, a doa\u00e7\u00e3o do Divino Esp\u00edrito Santo e da Paz sobre aqueles que pertencem ao Senhor.<\/p>\n<p style=\"text-align: justify;\">No Evangelho(Jo 14,23-29), Jesus diz aos disc\u00edpulos como se h\u00e3o-de manter em comunh\u00e3o com Ele e reafirma a sua presen\u00e7a e a sua assist\u00eancia atrav\u00e9s do \u201cpar\u00e1clito\u201d \u2013 o Esp\u00edrito Santo. A liturgia hodierna concentra-se na medita\u00e7\u00e3o das promessas de Jesus, concretizadas em Pentecostes. O Senhor, \u00e0s v\u00e9speras de sua morte e Ressurrei\u00e7\u00e3o, exorta \u00e0 obedi\u00eancia da sua Palavra, sinal de amor \u00e0 sua Pessoa e ao Pai. Jesus promete, relembrado o que j\u00e1 havia dito: \u201cquem guardar sua palavra\u201d ser\u00e1 amado pelo Pai e ser\u00e1 morada tanto do Pai quanto do Filho. Al\u00e9m disso, o Pai enviar\u00e1 o Esp\u00edrito Santo Defensor para recordar \u2013 trazer de novo ao cora\u00e7\u00e3o \u2013 aos disc\u00edpulos todos os ensinamentos do Mestre. Jesus deixa e d\u00e1, desde j\u00e1, a sua paz, a verdadeira paz, diferente da Pax Romana \u2013 paz for\u00e7ada pelas armas. Os disc\u00edpulos podem se alegrar, a Paix\u00e3o e a Morte n\u00e3o ser\u00e3o o fim. A morte violenta n\u00e3o exterminar\u00e1 a paz oferecida por Jesus. Ele \u201cfoi\u201d, mas voltar\u00e1 para os plenificar na paz e na alegria, preenchendo-os da vida divina quando se manifestar ressuscitado e insuflar-lhes o Esp\u00edrito Santo(Jo 20,19-23). N\u00e3o esque\u00e7amos que, hoje, os disc\u00edpulos somos n\u00f3s. Recebamos com f\u00e9 os dons da paz, da alegria e do Esp\u00edrito que o Senhor nos concede permanentemente.<\/p>\n<p style=\"text-align: justify;\">A primeira leitura(At 15,1-2.22.29) apresenta-nos a Igreja de Jesus a confrontar-se com os desafios dos novos tempos. Alguns membros da comunidade de Jerusal\u00e9m queriam impor aos crist\u00e3os gregos de Antioquia as mesmas normas dos judeus da comunidade m\u00e3e. Isso provocou diverg\u00eancias, que foram solucionadas com o chamado Conc\u00edlio de Jerusal\u00e9m, que foi uma reuni\u00e3o com alguns membros de cada comunidade. Resolveram o problema com di\u00e1logo, que \u00e9 fundamental, nas fam\u00edlias e nas comunidades crist\u00e3s, para a supera\u00e7\u00e3o dos conflitos. \u00a0Animados pelo Esp\u00edrito, os batizados aprendem a discernir o essencial do acess\u00f3rio e atualizam a proposta central do Evangelho, de forma que a mensagem libertadora de Jesus possa ser acolhida por todos os povos.<\/p>\n<p style=\"text-align: justify;\">Na segunda leitura(Ap 21,10-14.22-23), apresenta-se mais uma vez a meta final da caminhada da Igreja: a \u201cJerusal\u00e9m messi\u00e2nica\u201d, essa cidade nova da comunh\u00e3o com Deus, da vida plena, da felicidade total. A \u201cJerusal\u00e9m celeste\u201d \u00e9 descrita, nesse trecho, com imagens ricas de significado. Ela desce do c\u00e9u, \u00e9 dom de Deus; tem doze portas, est\u00e1 aberta para acolher os povos dos quatro cantos da terra; sua muralha \u00e9 s\u00edmbolo de prote\u00e7\u00e3o; n\u00e3o tem templo, nela j\u00e1 n\u00e3o h\u00e1 necessidade de media\u00e7\u00f5es para chegar a Deus, que ali est\u00e1 plenamente presente e \u00e9 o sol que brilha para todos. O sonho dessa \u201ccidade\u201d pode tornar-se realidade na medida em que o projeto de Jesus seja presen\u00e7a plena nas comunidades eclesiais.<\/p>\n<p style=\"text-align: justify;\">No Esp\u00edrito Santo somos convidados a viver no amor e na paz de Cristo! Por isso, o amor e a Palavra de Deus andam de m\u00e3os dadas. Jesus parte, mas nos garante a presen\u00e7a do Esp\u00edrito Santo, o Defensor, que nos ajudar\u00e1 a entender as propostas do Mestre de Nazar\u00e9. As comunidades e cada fiel s\u00e3o morada do pr\u00f3prio Deus. Para isso exige-se a viv\u00eancia do amor e a acolhida da paz que Ele mesmo oferece.<\/p>\n","protected":false},"excerpt":{"rendered":"<p>Na liturgia do 6\u00ba. Domingo da P\u00e1scoa sobressai a promessa de Jesus de acompanhar de forma permanente a caminhada da sua comunidade em marcha pela hist\u00f3ria: n\u00e3o estamos sozinhos; Jesus ressuscitado vai sempre ao nosso lado. Estamos nos aproximando do auge do Tempo Pascal, com as celebra\u00e7\u00f5es da Ascens\u00e3o de Jesus e de Pentecostes, a [&hellip;]<\/p>\n","protected":false},"author":10,"featured_media":55817,"comment_status":"open","ping_status":"closed","sticky":false,"template":"","format":"standard","meta":{"footnotes":""},"categories":[9],"tags":[],"class_list":["post-73988","post","type-post","status-publish","format-standard","has-post-thumbnail","hentry","category-artigos"],"_links":{"self":[{"href":"https:\/\/catolicanet.net\/wp-cnet\/wp-json\/wp\/v2\/posts\/73988","targetHints":{"allow":["GET"]}}],"collection":[{"href":"https:\/\/catolicanet.net\/wp-cnet\/wp-json\/wp\/v2\/posts"}],"about":[{"href":"https:\/\/catolicanet.net\/wp-cnet\/wp-json\/wp\/v2\/types\/post"}],"author":[{"embeddable":true,"href":"https:\/\/catolicanet.net\/wp-cnet\/wp-json\/wp\/v2\/users\/10"}],"replies":[{"embeddable":true,"href":"https:\/\/catolicanet.net\/wp-cnet\/wp-json\/wp\/v2\/comments?post=73988"}],"version-history":[{"count":1,"href":"https:\/\/catolicanet.net\/wp-cnet\/wp-json\/wp\/v2\/posts\/73988\/revisions"}],"predecessor-version":[{"id":73989,"href":"https:\/\/catolicanet.net\/wp-cnet\/wp-json\/wp\/v2\/posts\/73988\/revisions\/73989"}],"wp:featuredmedia":[{"embeddable":true,"href":"https:\/\/catolicanet.net\/wp-cnet\/wp-json\/wp\/v2\/media\/55817"}],"wp:attachment":[{"href":"https:\/\/catolicanet.net\/wp-cnet\/wp-json\/wp\/v2\/media?parent=73988"}],"wp:term":[{"taxonomy":"category","embeddable":true,"href":"https:\/\/catolicanet.net\/wp-cnet\/wp-json\/wp\/v2\/categories?post=73988"},{"taxonomy":"post_tag","embeddable":true,"href":"https:\/\/catolicanet.net\/wp-cnet\/wp-json\/wp\/v2\/tags?post=73988"}],"curies":[{"name":"wp","href":"https:\/\/api.w.org\/{rel}","templated":true}]}}