{"id":73986,"date":"2022-05-21T09:09:29","date_gmt":"2022-05-21T12:09:29","guid":{"rendered":"https:\/\/catolicanet.net\/wp-cnet\/?p=73986"},"modified":"2022-05-24T16:10:58","modified_gmt":"2022-05-24T19:10:58","slug":"sexto-domingo-da-pascoa-5","status":"publish","type":"post","link":"https:\/\/catolicanet.net\/wp-cnet\/sexto-domingo-da-pascoa-5\/","title":{"rendered":"SEXTO DOMINGO DA P\u00c1SCOA"},"content":{"rendered":"<p style=\"text-align: center;\"><em>\u201cMas o Defensor, o Esp\u00edrito Santo, que o Pai enviar\u00e1 em meu nome, ele vos ensinar\u00e1 tudo e vos recordar\u00e1 tudo o que eu vos tenho dito.\u201d (Jo 14,26)<\/em><em>\u00a0\u00a0\u00a0\u00a0\u00a0\u00a0\u00a0\u00a0 <\/em><\/p>\n<p style=\"text-align: justify;\"><em>\u00a0\u00a0\u00a0\u00a0\u00a0\u00a0\u00a0\u00a0 <\/em>O Sexto Domingo da P\u00e1scoa demonstra-nos que n\u00e3o estamos desamparados, que a Sublime presen\u00e7a de Deus permanece em nosso meio atrav\u00e9s do Par\u00e1clito, o Esp\u00edrito Santo, Terceira Pessoa da Sant\u00edssima Trindade. Afinal, a presen\u00e7a do Esp\u00edrito Santo \u00e9 o sinal de esperan\u00e7a e fortalecimento a cada um que espera \u00c0quele que subiu aos C\u00e9us e, um dia, voltar\u00e1.<\/p>\n<p style=\"text-align: justify;\">\u00a0\u00a0\u00a0\u00a0\u00a0\u00a0\u00a0\u00a0 O Evangelho de Jo\u00e3o <em>(Jo 14,23-29),<\/em> Jesus exorta aos seus disc\u00edpulos a permanecerem na vigil\u00e2ncia da Boa Nova, observando os des\u00edgnios de Deus. Al\u00e9m disto, Jesus enfatizou que o retorno \u00e0 Casa do Pai \u00e9 necess\u00e1rio para que o Par\u00e1clito possa vir e fortalec\u00ea-los na miss\u00e3o, pois <em>\u201co Defensor, o Esp\u00edrito Santo, que o Pai enviar\u00e1 em meu nome, ele vos ensinar\u00e1 tudo e vos recordar\u00e1 tudo o que eu vos tenho dito\u201d (Jo 14,26).<\/em><\/p>\n<p style=\"text-align: justify;\">\u00a0\u00a0\u00a0\u00a0\u00a0\u00a0\u00a0\u00a0 A Primeira Leitura extra\u00edda dos Atos dos Ap\u00f3stolos <em>(At 15,1-2.22-29), <\/em>a Igreja primitiva confronta-se com os desafios dos novos tempos, principalmente, com os costumes provenientes da religi\u00e3o judaica daqueles crist\u00e3os convertidos provenientes dessa, com os pag\u00e3os rec\u00e9m-convertidos ao cristianismo. Ora, assim como Jesus prometeu aos seus disc\u00edpulos, o Esp\u00edrito Santo iria ensinar e discerni-los para aquilo que, de fato, \u00e9 proveniente do Evangelho, <em>\u201cporque decidimos, o Esp\u00edrito Santo e n\u00f3s, n\u00e3o vos impor nenhum fardo\u201d (cf. At 15,28ab).<\/em><\/p>\n<p style=\"text-align: justify;\">\u00a0\u00a0\u00a0\u00a0\u00a0\u00a0\u00a0\u00a0 E a Segunda Leitura dada do Livro do Apocalipse de S\u00e3o Jo\u00e3o <em>(Ap 21,10-14.22-23),<\/em> Jo\u00e3o relata, novamente, a conclus\u00e3o de todo curso da Hist\u00f3ria da Salva\u00e7\u00e3o, a Jerusal\u00e9m celeste, a Cidade Santa, onde a gl\u00f3ria de Deus estar\u00e1 presente no meio dos fi\u00e9is, conforme os dizeres de S\u00e3o Jo\u00e3o: <em>\u201cN\u00e3o vi templo na cidade, pois o seu Templo \u00e9 o pr\u00f3prio Senhor, o Deus Todo-poderoso, e o Cordeiro. A cidade n\u00e3o precisa de sol, nem de lua que a iluminem, pois a gl\u00f3ria de Deus \u00e9 a sua luz e a sua l\u00e2mpada \u00e9 o Cordeiro\u201d (cf. Ap 21,22-23).<\/em><\/p>\n<p style=\"text-align: justify;\"><em>\u00a0\u00a0\u00a0\u00a0\u00a0\u00a0\u00a0\u00a0 <\/em>Fortificados pela Liturgia deste Sexto Domingo da P\u00e1scoa, sigamos movidos pela A\u00e7\u00e3o do Esp\u00edrito Santo, o Defensor, que nos orienta atrav\u00e9s do discernimento pelos dons que s\u00e3o emanados do Amor Deus. Assim, <em>\u201cque na terra se conhe\u00e7a o Seu caminho e a Sua salva\u00e7\u00e3o por entre os povos\u201d (Sl 66,3).<\/em><\/p>\n<p style=\"text-align: justify;\"><em>\u00a0<\/em><\/p>\n<p style=\"text-align: justify;\"><em>Sauda\u00e7\u00f5es em Cristo Ressuscitado! Aleluia!<\/em><\/p>\n<p style=\"text-align: justify;\"><strong>\u00a0<\/strong><\/p>\n","protected":false},"excerpt":{"rendered":"<p>\u201cMas o Defensor, o Esp\u00edrito Santo, que o Pai enviar\u00e1 em meu nome, ele vos ensinar\u00e1 tudo e vos recordar\u00e1 tudo o que eu vos tenho dito.\u201d (Jo 14,26)\u00a0\u00a0\u00a0\u00a0\u00a0\u00a0\u00a0\u00a0 \u00a0\u00a0\u00a0\u00a0\u00a0\u00a0\u00a0\u00a0 O Sexto Domingo da P\u00e1scoa demonstra-nos que n\u00e3o estamos desamparados, que a Sublime presen\u00e7a de Deus permanece em nosso meio atrav\u00e9s do Par\u00e1clito, o Esp\u00edrito [&hellip;]<\/p>\n","protected":false},"author":10,"featured_media":55817,"comment_status":"open","ping_status":"closed","sticky":false,"template":"","format":"standard","meta":{"footnotes":""},"categories":[9],"tags":[],"class_list":["post-73986","post","type-post","status-publish","format-standard","has-post-thumbnail","hentry","category-artigos"],"_links":{"self":[{"href":"https:\/\/catolicanet.net\/wp-cnet\/wp-json\/wp\/v2\/posts\/73986","targetHints":{"allow":["GET"]}}],"collection":[{"href":"https:\/\/catolicanet.net\/wp-cnet\/wp-json\/wp\/v2\/posts"}],"about":[{"href":"https:\/\/catolicanet.net\/wp-cnet\/wp-json\/wp\/v2\/types\/post"}],"author":[{"embeddable":true,"href":"https:\/\/catolicanet.net\/wp-cnet\/wp-json\/wp\/v2\/users\/10"}],"replies":[{"embeddable":true,"href":"https:\/\/catolicanet.net\/wp-cnet\/wp-json\/wp\/v2\/comments?post=73986"}],"version-history":[{"count":1,"href":"https:\/\/catolicanet.net\/wp-cnet\/wp-json\/wp\/v2\/posts\/73986\/revisions"}],"predecessor-version":[{"id":73987,"href":"https:\/\/catolicanet.net\/wp-cnet\/wp-json\/wp\/v2\/posts\/73986\/revisions\/73987"}],"wp:featuredmedia":[{"embeddable":true,"href":"https:\/\/catolicanet.net\/wp-cnet\/wp-json\/wp\/v2\/media\/55817"}],"wp:attachment":[{"href":"https:\/\/catolicanet.net\/wp-cnet\/wp-json\/wp\/v2\/media?parent=73986"}],"wp:term":[{"taxonomy":"category","embeddable":true,"href":"https:\/\/catolicanet.net\/wp-cnet\/wp-json\/wp\/v2\/categories?post=73986"},{"taxonomy":"post_tag","embeddable":true,"href":"https:\/\/catolicanet.net\/wp-cnet\/wp-json\/wp\/v2\/tags?post=73986"}],"curies":[{"name":"wp","href":"https:\/\/api.w.org\/{rel}","templated":true}]}}