{"id":73925,"date":"2022-05-20T10:23:52","date_gmt":"2022-05-20T13:23:52","guid":{"rendered":"https:\/\/catolicanet.net\/wp-cnet\/?p=73925"},"modified":"2022-05-20T17:24:53","modified_gmt":"2022-05-20T20:24:53","slug":"a-sua-mae-chamou-a-policia-quando-ela-foi-para-o-convento-hoje-o-seu-trabalho-e-famoso","status":"publish","type":"post","link":"https:\/\/catolicanet.net\/wp-cnet\/a-sua-mae-chamou-a-policia-quando-ela-foi-para-o-convento-hoje-o-seu-trabalho-e-famoso\/","title":{"rendered":"A sua m\u00e3e chamou a pol\u00edcia quando ela foi para o convento; hoje o seu trabalho \u00e9 famoso"},"content":{"rendered":"<h2 class=\"subtitle\" style=\"text-align: justify;\">A hist\u00f3ria da Irm\u00e3 Paola D&#8217;Auria \u00e9 tempestuosa, mas hoje ela \u00e9 reconhecida em toda a It\u00e1lia pelo seu trabalho caritativo<\/h2>\n<p style=\"text-align: justify;\">Ahist\u00f3ria vocacional da Irm\u00e3 Paola D\u2019Auria \u00e9 no m\u00ednimo tempestuosa, incluindo a interven\u00e7\u00e3o da pol\u00edcia. Hoje, ela \u00e9 famosa em toda a It\u00e1lia, tanto pelo seu trabalho caritativo como por aparecer regularmente num programa de entretenimento desportivo televisivo h\u00e1 12 anos, expressando o seu apoio entusi\u00e1stico a um clube de futebol romano, o Lazio. Este \u00faltimo fato pode parecer deslocado a algumas pessoas, mas ajudou a dar-lhe uma plataforma para falar sobre a vida crist\u00e3.<\/p>\n<div class=\"wp-block-aleteia-heading3\" style=\"text-align: justify;\">\n<h3>A \u201chist\u00f3ria da origem\u201d da Irm\u00e3 Paola<\/h3>\n<\/div>\n<p style=\"text-align: justify;\">Num programa de televis\u00e3o italiano chamado \u201cHoje \u00e9 um outro dia\u201d (\u201cOggi \u00e8 un altro giorno\u201d), Ir. Paola revisitou recentemente as etapas da sua vida que a levaram a tornar-se religiosa. O jornal\u00a0<em>Il Sussidiario<\/em>\u00a0partilhou algumas das suas palavras nessa ocasi\u00e3o.<\/p>\n<blockquote class=\"wp-block-quote\"><p>\u201cA minha m\u00e3e enviou-me para estudar em Roma\u201d, relata a Ir. Paola. \u201cA certa altura, tive este desejo [de me tornar uma religiosa] porque estava a estudar com as religiosas. Um dia vi-as a correr para cima e para baixo das escadas, muito nervosas porque a superiora estava a chegar. Ela era uma mulher pequena, que tinha deixado o seu pa\u00eds, a Eslov\u00e9nia, porque os comunistas tinham fechado todas as casas das irm\u00e3s. Quando vi isto e vi a sua humildade, decidi tornar-me uma religiosa\u201d.<\/p><\/blockquote>\n<div class=\"wp-block-aleteia-heading3\" style=\"text-align: justify;\">\n<h3>Vestida de noiva<\/h3>\n<\/div>\n<p style=\"text-align: justify;\">Quando se tornou freira, na altura da profiss\u00e3o dos votos, foi dif\u00edcil para a Ir. Paola devido \u00e0 falta de apoio da sua fam\u00edlia. \u201cVesti-me como uma noiva\u201d, diz ela, como \u00e9 tradi\u00e7\u00e3o em algumas comunidades religiosas; fazer os votos religiosos \u00e9 visto como se tornar uma noiva espiritual de Cristo.<\/p>\n<p style=\"text-align: justify;\">Naquele momento de alegria, ela estava sozinha. \u201cHavia familiares de todas as raparigas que estavam a se tornar irm\u00e3s, mas eu n\u00e3o tinha ningu\u00e9m comigo. Eu estava t\u00e3o triste. Entrei na igreja e depois de toda a cerim\u00f3nia, recebi o telefonema da pol\u00edcia.<\/p>\n<div id=\"aleteia-welcome\" style=\"text-align: justify;\"><\/div>\n<p style=\"text-align: justify;\">A m\u00e3e da Ir. Paola, que se opunha \u00e0 sua voca\u00e7\u00e3o e n\u00e3o pensava que a sua filha fosse adequada \u00e0 vida religiosa, n\u00e3o s\u00f3 n\u00e3o tinha l\u00e1 estado para a apoiar como tinha ido \u00e0 pol\u00edcia e denunciado as religiosas, acusando-as de manterem a sua filha contra a sua vontade.<\/p>\n<div class=\"nativo-inread\" style=\"text-align: justify;\"><\/div>\n<p style=\"text-align: justify;\">\u201cA pol\u00edcia veio buscar-me, porque eu tinha 20 anos de idade e era menor na altura\u201d, explica a Ir. Paola. A certa altura, a sua m\u00e3e foi at\u00e9 protestar fora do convento, atirando pedras \u00e0s janelas.<\/p>\n<p style=\"text-align: justify;\">Ir. Paola contou \u00e0 sua entrevistadora de TV, Serena Bertone:<\/p>\n<blockquote class=\"wp-block-quote\"><p>\u201cCom as irm\u00e3s, fui ao tribunal para os julgamentos pertinentes. Nesses corredores encontrei alguns jovens que iriam ser interrogados pelo juiz e eles apontaram para mim, perguntando-me o que tinha feito para l\u00e1 estar. Eu, ainda novi\u00e7a, tinha medo daqueles a quem estava chamada a ajudar. Este fato colocou-me em crise e, ap\u00f3s a minha profiss\u00e3o de votos, tentei imediatamente ir visitar os reclusos na pris\u00e3o Regina Coeli, em Roma.\u201d<\/p><\/blockquote>\n<div class=\"wp-block-aleteia-heading3\" style=\"text-align: justify;\">\n<h3>Voca\u00e7\u00e3o<\/h3>\n<\/div>\n<p style=\"text-align: justify;\">Felizmente, a Ir. Paola perseverou na sua voca\u00e7\u00e3o. Ela passou a dar testemunho publicamente atrav\u00e9s da sua presen\u00e7a nos meios de comunica\u00e7\u00e3o social, o que chamou a aten\u00e7\u00e3o n\u00e3o s\u00f3 para o seu entusiasmo pelo esporte, mas tamb\u00e9m para o seu extenso trabalho com os pobres. Numa entrevista ao rep\u00f3rter Roberto Zichittella, de Famiglia Cristiana, ela descreveu como cumpre a sua miss\u00e3o:<\/p>\n<blockquote class=\"wp-block-quote\"><p>\u201cDe manh\u00e3 ensino as crian\u00e7as na escola do Sagrado Cora\u00e7\u00e3o (\u2026). Depois tomo conta de tr\u00eas abrigos. Um alberga mulheres v\u00edtimas de viol\u00eancia, outro alberga crian\u00e7as e adolescentes solit\u00e1rios, o terceiro trabalha como centro de idosos durante o dia, enquanto \u00e0 noite se transforma numa sopa dos pobres. Al\u00e9m disso, sou volunt\u00e1rio quase todos os dias na pris\u00e3o Regina Coeli, enquanto todos os domingos vou com o cami\u00e3o de solidariedade \u00e0 periferia de Roma para distribuir comida e roupa \u00e0s pessoas mais necessitadas.\u201d<\/p><\/blockquote>\n<div class=\"wp-block-aleteia-heading3\" style=\"text-align: justify;\">\n<h3>Reconhecimento<\/h3>\n<\/div>\n<p style=\"text-align: justify;\">O seu trabalho teve um tal impacto que lhe foi concedida a Ordem de M\u00e9rito da Rep\u00fablica Italiana, numa cerim\u00f3nia a 2 de Junho de 2021, \u00e0 qual o Presidente de It\u00e1lia presidiu. Ela respondeu \u00e0 not\u00edcia com humildade e bom humor. Famiglia Cristiana relatou na altura que, quando lhe foi dada a not\u00edcia por telefone, ela respondeu: \u201cO que significa isto? Est\u00e3o a fazer de mim um cavaleiro? V\u00e3o me dar um cavalo? Eu fa\u00e7o coisas muito normais que toda a gente faz\u2026\u201d<\/p>\n<p style=\"text-align: justify;\">Mais do que nunca, o mundo precisa do testemunho de servos dedicados de Deus que podem usar os meios de comunica\u00e7\u00e3o social para divulgar o Evangelho, tanto direta como indiretamente. Pode ser dif\u00edcil para os pais aceitarem quando um dos seus filhos deseja abra\u00e7ar uma voca\u00e7\u00e3o religiosa, mas como a Ir. Paola nos mostra, esse sacrif\u00edcio pode levar a um impacto positivo que nunca ter\u00edamos imaginado.<\/p>\n","protected":false},"excerpt":{"rendered":"<p>A hist\u00f3ria da Irm\u00e3 Paola D&#8217;Auria \u00e9 tempestuosa, mas hoje ela \u00e9 reconhecida em toda a It\u00e1lia pelo seu trabalho caritativo Ahist\u00f3ria vocacional da Irm\u00e3 Paola D\u2019Auria \u00e9 no m\u00ednimo tempestuosa, incluindo a interven\u00e7\u00e3o da pol\u00edcia. Hoje, ela \u00e9 famosa em toda a It\u00e1lia, tanto pelo seu trabalho caritativo como por aparecer regularmente num programa [&hellip;]<\/p>\n","protected":false},"author":1,"featured_media":73926,"comment_status":"open","ping_status":"closed","sticky":false,"template":"","format":"standard","meta":{"footnotes":""},"categories":[4],"tags":[],"class_list":["post-73925","post","type-post","status-publish","format-standard","has-post-thumbnail","hentry","category-cotidiano"],"_links":{"self":[{"href":"https:\/\/catolicanet.net\/wp-cnet\/wp-json\/wp\/v2\/posts\/73925","targetHints":{"allow":["GET"]}}],"collection":[{"href":"https:\/\/catolicanet.net\/wp-cnet\/wp-json\/wp\/v2\/posts"}],"about":[{"href":"https:\/\/catolicanet.net\/wp-cnet\/wp-json\/wp\/v2\/types\/post"}],"author":[{"embeddable":true,"href":"https:\/\/catolicanet.net\/wp-cnet\/wp-json\/wp\/v2\/users\/1"}],"replies":[{"embeddable":true,"href":"https:\/\/catolicanet.net\/wp-cnet\/wp-json\/wp\/v2\/comments?post=73925"}],"version-history":[{"count":1,"href":"https:\/\/catolicanet.net\/wp-cnet\/wp-json\/wp\/v2\/posts\/73925\/revisions"}],"predecessor-version":[{"id":73927,"href":"https:\/\/catolicanet.net\/wp-cnet\/wp-json\/wp\/v2\/posts\/73925\/revisions\/73927"}],"wp:featuredmedia":[{"embeddable":true,"href":"https:\/\/catolicanet.net\/wp-cnet\/wp-json\/wp\/v2\/media\/73926"}],"wp:attachment":[{"href":"https:\/\/catolicanet.net\/wp-cnet\/wp-json\/wp\/v2\/media?parent=73925"}],"wp:term":[{"taxonomy":"category","embeddable":true,"href":"https:\/\/catolicanet.net\/wp-cnet\/wp-json\/wp\/v2\/categories?post=73925"},{"taxonomy":"post_tag","embeddable":true,"href":"https:\/\/catolicanet.net\/wp-cnet\/wp-json\/wp\/v2\/tags?post=73925"}],"curies":[{"name":"wp","href":"https:\/\/api.w.org\/{rel}","templated":true}]}}