{"id":73922,"date":"2022-05-20T10:21:44","date_gmt":"2022-05-20T13:21:44","guid":{"rendered":"https:\/\/catolicanet.net\/wp-cnet\/?p=73922"},"modified":"2022-05-20T17:22:39","modified_gmt":"2022-05-20T20:22:39","slug":"por-quanto-tempo-um-padre-pode-ficar-em-uma-paroquia","status":"publish","type":"post","link":"https:\/\/catolicanet.net\/wp-cnet\/por-quanto-tempo-um-padre-pode-ficar-em-uma-paroquia\/","title":{"rendered":"Por quanto tempo um padre pode ficar em uma par\u00f3quia?"},"content":{"rendered":"<h2 class=\"subtitle\" style=\"text-align: justify;\">E em que casos acontecem as transfer\u00eancias dos sacerdotes?<\/h2>\n<p style=\"text-align: justify;\">Quando s\u00e3o anunciadas as tarefas sacerdotais a cada ano, muitos se perguntam: por quanto tempo um padre pode ficar em uma par\u00f3quia?<\/p>\n<p style=\"text-align: justify;\">O\u00a0<a href=\"https:\/\/www.vatican.va\/archive\/cod-iuris-canonici\/portuguese\/codex-iuris-canonici_po.pdf\" target=\"_blank\" rel=\"noopener\">C\u00f3digo de Direito Can\u00f4nico<\/a>\u00a0incentiva a estabilidade de um p\u00e1roco, mas diz que os padres devem ser designados a uma par\u00f3quia por um per\u00edodo \u201cindeterminado\u201d de tempo.<\/p>\n<blockquote class=\"wp-block-quote\"><p>\u201cImporta que o p\u00e1roco goze de estabilidade, e por isso seja nomeado por tempo indeterminado; s\u00f3 pode ser nomeado pelo Bispo diocesano por um prazo determinado, se isto tiver sido admitido pela Confer\u00eancia episcopal, mediante decreto.\u201d<\/p>\n<p><cite>C\u00e2n. 522 <\/cite><\/p><\/blockquote>\n<div class=\"wp-block-aleteia-heading3\" style=\"text-align: justify;\">\n<h3>As transfer\u00eancias<\/h3>\n<\/div>\n<p style=\"text-align: justify;\">As transfer\u00eancias dos padres de uma par\u00f3quia para outra podem acontecer \u2013 e s\u00e3o de fato, comuns. Essas mudan\u00e7as ocorrem pelos mais variados motivos, uma vez que a din\u00e2mica da vida da Igreja Cat\u00f3lica e as necessidades pastorais exigem sempre novas decis\u00f5es. O importante a destacar \u00e9 que essas decis\u00f5es n\u00e3o s\u00e3o um gesto de arbitrariedade do bispo.<\/p>\n<p style=\"text-align: justify;\">As mudan\u00e7as, geralmente, s\u00e3o avaliadas por um conselho formado por bispos e padres, o Conselho Presbiteral, e demandam longas conversas. Por\u00e9m \u00e9 importante elencar que as transfer\u00eancias de padres fazem parte da autoridade episcopal.<\/p>\n<div id=\"aleteia-welcome\" style=\"text-align: justify;\"><\/div>\n<p style=\"text-align: justify;\">Ainda sobre as transfer\u00eancias, o C\u00f3digo de Direito Can\u00f4nico ressalta:<\/p>\n<blockquote class=\"wp-block-quote\"><p>\u201cSe o bem das almas ou a necessidade ou a utilidade da Igreja exigirem que o p\u00e1roco seja transferido da sua par\u00f3quia, que rege com fruto, para outra par\u00f3quia ou para outro of\u00edcio, o Bispo proponha-lhe por escrito a transfer\u00eancia e aconselhe-o a que aceda por amor de Deus e das almas.\u201d<\/p>\n<p><cite>C\u00e2n. 1748<\/cite><\/p><\/blockquote>\n<div class=\"nativo-inread\" style=\"text-align: justify;\"><\/div>\n<p style=\"text-align: justify;\">Resumindo: a escolha do sacerdote para cada par\u00f3quia, o tempo em que ele l\u00e1 permanecer\u00e1 e suas transfer\u00eancias cabem ao bispo local e tentam responder \u00e0s demandas pastorais de cada comunidade.<\/p>\n","protected":false},"excerpt":{"rendered":"<p>E em que casos acontecem as transfer\u00eancias dos sacerdotes? Quando s\u00e3o anunciadas as tarefas sacerdotais a cada ano, muitos se perguntam: por quanto tempo um padre pode ficar em uma par\u00f3quia? O\u00a0C\u00f3digo de Direito Can\u00f4nico\u00a0incentiva a estabilidade de um p\u00e1roco, mas diz que os padres devem ser designados a uma par\u00f3quia por um per\u00edodo \u201cindeterminado\u201d [&hellip;]<\/p>\n","protected":false},"author":1,"featured_media":73923,"comment_status":"open","ping_status":"closed","sticky":false,"template":"","format":"standard","meta":{"footnotes":""},"categories":[4],"tags":[],"class_list":["post-73922","post","type-post","status-publish","format-standard","has-post-thumbnail","hentry","category-cotidiano"],"_links":{"self":[{"href":"https:\/\/catolicanet.net\/wp-cnet\/wp-json\/wp\/v2\/posts\/73922","targetHints":{"allow":["GET"]}}],"collection":[{"href":"https:\/\/catolicanet.net\/wp-cnet\/wp-json\/wp\/v2\/posts"}],"about":[{"href":"https:\/\/catolicanet.net\/wp-cnet\/wp-json\/wp\/v2\/types\/post"}],"author":[{"embeddable":true,"href":"https:\/\/catolicanet.net\/wp-cnet\/wp-json\/wp\/v2\/users\/1"}],"replies":[{"embeddable":true,"href":"https:\/\/catolicanet.net\/wp-cnet\/wp-json\/wp\/v2\/comments?post=73922"}],"version-history":[{"count":1,"href":"https:\/\/catolicanet.net\/wp-cnet\/wp-json\/wp\/v2\/posts\/73922\/revisions"}],"predecessor-version":[{"id":73924,"href":"https:\/\/catolicanet.net\/wp-cnet\/wp-json\/wp\/v2\/posts\/73922\/revisions\/73924"}],"wp:featuredmedia":[{"embeddable":true,"href":"https:\/\/catolicanet.net\/wp-cnet\/wp-json\/wp\/v2\/media\/73923"}],"wp:attachment":[{"href":"https:\/\/catolicanet.net\/wp-cnet\/wp-json\/wp\/v2\/media?parent=73922"}],"wp:term":[{"taxonomy":"category","embeddable":true,"href":"https:\/\/catolicanet.net\/wp-cnet\/wp-json\/wp\/v2\/categories?post=73922"},{"taxonomy":"post_tag","embeddable":true,"href":"https:\/\/catolicanet.net\/wp-cnet\/wp-json\/wp\/v2\/tags?post=73922"}],"curies":[{"name":"wp","href":"https:\/\/api.w.org\/{rel}","templated":true}]}}