{"id":73894,"date":"2022-05-18T10:16:25","date_gmt":"2022-05-18T13:16:25","guid":{"rendered":"https:\/\/catolicanet.net\/wp-cnet\/?p=73894"},"modified":"2022-05-18T13:17:12","modified_gmt":"2022-05-18T16:17:12","slug":"descoberta-nova-oracao-de-sao-francisco-de-assis","status":"publish","type":"post","link":"https:\/\/catolicanet.net\/wp-cnet\/descoberta-nova-oracao-de-sao-francisco-de-assis\/","title":{"rendered":"Descoberta nova ora\u00e7\u00e3o de S\u00e3o Francisco de Assis"},"content":{"rendered":"<h2 class=\"subtitle\" style=\"text-align: justify;\">A ora\u00e7\u00e3o \u00e9 uma invoca\u00e7\u00e3o ao Rei pac\u00edfico e tamb\u00e9m uma exorta\u00e7\u00e3o aos homens de boa vontade para serem agentes da paz<\/h2>\n<p style=\"text-align: justify;\">A<em>Frate Francesco.\u00a0Rivista di cultura francescana<\/em>\u00a0(N.88 do ano 2022, pp. 7-35 \u2013 Frate Francesco \u2013 rivista \u00b7 Centro Culturale Aracoeli), atrav\u00e9s do Padre\u00a0Aleksander Horowski, do\u00a0Instituto Hist\u00f3rico dos Capuchinhos, publicou uma nova ora\u00e7\u00e3o atribu\u00edda a S\u00e3o Francisco de Assis.<\/p>\n<p style=\"text-align: justify;\">Ap\u00f3s uma apresenta\u00e7\u00e3o detalhada e antes de editar o texto original em latim com a tradu\u00e7\u00e3o em italiano, o referido pesquisador escreve:<\/p>\n<blockquote class=\"wp-block-quote\"><p>\u201c\u00c0 luz destes elementos, juntamente com os resultados das fontes e do l\u00e9xico da <em>Oratio<\/em>, podemos considerar esta ora\u00e7\u00e3o \u2013 at\u00e9 prova em contr\u00e1rio \u2013 como um texto de Francisco suficientemente corroborado (p.30)\u201d.<\/p><\/blockquote>\n<p style=\"text-align: justify;\">A nova ora\u00e7\u00e3o de\u00a0S\u00e3o Francisco\u00a0\u00e9 uma invoca\u00e7\u00e3o ao Rei pac\u00edfico, mas tamb\u00e9m uma exorta\u00e7\u00e3o aos homens de boa vontade para serem agentes da paz. Confira:<\/p>\n<blockquote class=\"wp-block-quote\"><p>\u201cV\u00f3s, filhos dos homens,<\/p>\n<div id=\"aleteia-welcome\"><\/div>\n<p>louvai o Senhor da gl\u00f3ria sobre todas as coisas,<\/p>\n<p>magnificai-o e exaltai-o grandemente!<\/p>\n<p>E glorificai-o para todo o sempre,<\/p>\n<p>para que toda honra e gl\u00f3ria nas alturas seja<\/p>\n<p>para Deus, o criador todo-poderoso,<\/p>\n<p>e na terra haja paz para os homens de boa vontade!<\/p>\n<p>Magn\u00edfico \u00e9 este Rei pac\u00edfico, acima de todos os reis<\/p>\n<p>De todo o universo,<\/p>\n<p>Senhor Deus, nosso Criador,<\/p>\n<p>Redentor e Salvador,<\/p>\n<p>Conselheiro e nosso admir\u00e1vel Legislador.\u201d<\/p><\/blockquote>\n<p style=\"text-align: justify;\"><em>Por Il Cattolico (<a href=\"https:\/\/www.ilcattolico.it\/rassegna-stampa-cattolica\/formazione-e-catechesi\/scoperta-una-nuova-preghiera-di-san-francesco-d-assisi.html\" target=\"_blank\" rel=\"noopener\">Clique aqui<\/a>\u00a0para ler o artigo original)<\/em><\/p>\n","protected":false},"excerpt":{"rendered":"<p>A ora\u00e7\u00e3o \u00e9 uma invoca\u00e7\u00e3o ao Rei pac\u00edfico e tamb\u00e9m uma exorta\u00e7\u00e3o aos homens de boa vontade para serem agentes da paz AFrate Francesco.\u00a0Rivista di cultura francescana\u00a0(N.88 do ano 2022, pp. 7-35 \u2013 Frate Francesco \u2013 rivista \u00b7 Centro Culturale Aracoeli), atrav\u00e9s do Padre\u00a0Aleksander Horowski, do\u00a0Instituto Hist\u00f3rico dos Capuchinhos, publicou uma nova ora\u00e7\u00e3o atribu\u00edda a [&hellip;]<\/p>\n","protected":false},"author":1,"featured_media":73895,"comment_status":"open","ping_status":"closed","sticky":false,"template":"","format":"standard","meta":{"footnotes":""},"categories":[4],"tags":[],"class_list":["post-73894","post","type-post","status-publish","format-standard","has-post-thumbnail","hentry","category-cotidiano"],"_links":{"self":[{"href":"https:\/\/catolicanet.net\/wp-cnet\/wp-json\/wp\/v2\/posts\/73894","targetHints":{"allow":["GET"]}}],"collection":[{"href":"https:\/\/catolicanet.net\/wp-cnet\/wp-json\/wp\/v2\/posts"}],"about":[{"href":"https:\/\/catolicanet.net\/wp-cnet\/wp-json\/wp\/v2\/types\/post"}],"author":[{"embeddable":true,"href":"https:\/\/catolicanet.net\/wp-cnet\/wp-json\/wp\/v2\/users\/1"}],"replies":[{"embeddable":true,"href":"https:\/\/catolicanet.net\/wp-cnet\/wp-json\/wp\/v2\/comments?post=73894"}],"version-history":[{"count":1,"href":"https:\/\/catolicanet.net\/wp-cnet\/wp-json\/wp\/v2\/posts\/73894\/revisions"}],"predecessor-version":[{"id":73896,"href":"https:\/\/catolicanet.net\/wp-cnet\/wp-json\/wp\/v2\/posts\/73894\/revisions\/73896"}],"wp:featuredmedia":[{"embeddable":true,"href":"https:\/\/catolicanet.net\/wp-cnet\/wp-json\/wp\/v2\/media\/73895"}],"wp:attachment":[{"href":"https:\/\/catolicanet.net\/wp-cnet\/wp-json\/wp\/v2\/media?parent=73894"}],"wp:term":[{"taxonomy":"category","embeddable":true,"href":"https:\/\/catolicanet.net\/wp-cnet\/wp-json\/wp\/v2\/categories?post=73894"},{"taxonomy":"post_tag","embeddable":true,"href":"https:\/\/catolicanet.net\/wp-cnet\/wp-json\/wp\/v2\/tags?post=73894"}],"curies":[{"name":"wp","href":"https:\/\/api.w.org\/{rel}","templated":true}]}}