{"id":73866,"date":"2022-05-18T09:25:25","date_gmt":"2022-05-18T12:25:25","guid":{"rendered":"https:\/\/catolicanet.net\/wp-cnet\/?p=73866"},"modified":"2022-05-18T12:30:35","modified_gmt":"2022-05-18T15:30:35","slug":"o-papa-a-vitima-tem-o-direito-de-protestar-diante-do-misterio-do-mal","status":"publish","type":"post","link":"https:\/\/catolicanet.net\/wp-cnet\/o-papa-a-vitima-tem-o-direito-de-protestar-diante-do-misterio-do-mal\/","title":{"rendered":"O Papa: a v\u00edtima tem o direito de protestar, diante do mist\u00e9rio do mal"},"content":{"rendered":"<div class=\"article__subTitle\" style=\"text-align: justify;\">&#8220;Em certos momentos da hist\u00f3ria, estes ac\u00famulos de fardos parecem que chegam todos juntos. Isto foi o que aconteceu nos \u00faltimos anos com a pandemia da Covid-19 e o que est\u00e1 acontecendo agora com a guerra na Ucr\u00e2nia&#8221;, disse Francisco na catequese da Audi\u00eancia Geral.<\/div>\n<div class=\"title__separator\" style=\"text-align: justify;\"><\/div>\n<div class=\"article__text \">\n<p style=\"text-align: justify;\"><b>Mariangela Jaguraba &#8211; Vatican News<\/b><\/p>\n<p style=\"text-align: justify;\">O Papa Francisco deu continuidade ao ciclo de catequeses sobre a velhice, na Audi\u00eancia Geral desta quarta-feira (18\/05), realizada na Pra\u00e7a S\u00e3o Pedro, que teve como tema &#8220;J\u00f3. A prova\u00e7\u00e3o da f\u00e9, a b\u00ean\u00e7\u00e3o da espera&#8221;.<\/p>\n<div style=\"text-align: justify;\">\n<div class=\"article__embed article__embed--unwrap article__embed--dark\">\n<div class=\"article__innerTitle\">Ou\u00e7a e compartilhe<\/div>\n<div>\n<!--[if lt IE 9]><script>document.createElement('audio');<\/script><![endif]-->\n<audio class=\"wp-audio-shortcode\" id=\"audio-73866-1\" preload=\"none\" style=\"width: 100%;\" controls=\"controls\"><source type=\"audio\/mpeg\" src=\"https:\/\/media.vaticannews.va\/media\/audio\/s1\/2022\/05\/18\/13\/136570928_F136570928.mp3?_=1\" \/><a href=\"https:\/\/media.vaticannews.va\/media\/audio\/s1\/2022\/05\/18\/13\/136570928_F136570928.mp3\">https:\/\/media.vaticannews.va\/media\/audio\/s1\/2022\/05\/18\/13\/136570928_F136570928.mp3<\/a><\/audio>\n<\/div>\n<\/div>\n<\/div>\n<p style=\"text-align: justify;\">J\u00f3 &#8220;n\u00e3o aceita uma \u201ccaricatura\u201d de Deus, mas grita o seu protesto perante o mal, at\u00e9 que Deus responda e revele o seu rosto. Deus por fim responde, como sempre de um modo surpreendente: mostra a J\u00f3 a sua gl\u00f3ria, mas sem o esmagar, pelo contr\u00e1rio, com soberana ternura&#8221;.<\/p>\n<p style=\"text-align: justify;\">&#8220;J\u00f3 que perde tudo na vida, perde a riqueza, perde sua fam\u00edlia, perde seu filho e perde a sa\u00fade e permanece ali, ferido&#8221;, em di\u00e1logo com seus amigos. &#8220;Quando Deus finalmente toma a palavra, J\u00f3 \u00e9 elogiado porque compreendeu\u00a0<i>o mist\u00e9rio da ternura de Deus escondida por tr\u00e1s do seu sil\u00eancio<\/i>. Deus repreende os amigos de J\u00f3 que presumiam saber tudo, sobre Deus e sobre a dor, e, vindos para consolar J\u00f3, acabaram por julg\u00e1-lo com os seus esquemas preconcebidos. Deus nos preserve deste hip\u00f3crita e presun\u00e7oso pietismo! Que Deus nos preserve da religiosidade moralista e da religiosidade de preceitos que nos d\u00e1 uma certa presun\u00e7\u00e3o e nos leva ao farisa\u00edsmo e \u00e0 hipocrisia&#8221;, disse o Papa.<\/p>\n<h2 style=\"text-align: justify;\">Pessoas esmagadas por uma soma de males<\/h2>\n<p style=\"text-align: justify;\">Segundo Francisco, &#8220;o ponto de virada da convers\u00e3o da f\u00e9 ocorre no \u00e1pice do desabafo de J\u00f3, onde ele diz: \u00abEu sei que o meu redentor est\u00e1 vivo e que no fim se levantar\u00e1 acima do p\u00f3. Mesmo com a pele aos peda\u00e7os e em carne viva, eu verei a Deus. Eu mesmo o verei, e n\u00e3o outro; eu o verei com os meus pr\u00f3prios olhos\u00bb. Podemos interpret\u00e1-lo assim: &#8220;Meu Deus, eu sei que voc\u00ea n\u00e3o \u00e9 o Perseguidor. O meu Deus vir\u00e1 e me far\u00e1 justi\u00e7a.&#8221; \u00c9 a f\u00e9 simples na ressurrei\u00e7\u00e3o de Deus, a f\u00e9 simples em Jesus Cristo, a f\u00e9 simples que o Senhor sempre nos espera e vir\u00e1&#8221;.<\/p>\n<div style=\"text-align: justify;\">\n<div class=\"article__embed article__embed--unwrap article__embed--dark\">\n<div class=\"embed-container\">\n<p><iframe loading=\"lazy\" title=\"Audi\u00eancia Geral  18 de maio de 2022 Papa Francisco\" width=\"696\" height=\"392\" src=\"https:\/\/www.youtube.com\/embed\/w6QsFluOLBM?feature=oembed\" frameborder=\"0\" allow=\"accelerometer; autoplay; clipboard-write; encrypted-media; gyroscope; picture-in-picture\" allowfullscreen><\/iframe><\/p>\n<\/div>\n<div class=\"article__innerTitle\">Veja o v\u00eddeo integral da Audi\u00eancia Geral<\/div>\n<\/div>\n<\/div>\n<p style=\"text-align: justify;\"><i>A par\u00e1bola no livro de J\u00f3 representa de forma dram\u00e1tica e exemplar o que na realidade acontece na vida. Ou seja, que sobre uma pessoa, uma fam\u00edlia ou um povo recaem prova\u00e7\u00f5es demasiado pesadas, desproporcionais<b>\u00a0<\/b>em rela\u00e7\u00e3o \u00e0 pequenez e \u00e0 fragilidade humana. Na vida frequentemente, como se costuma dizer, \u201cchove no molhado\u201d. E algumas pessoas s\u00e3o esmagadas por uma soma de males que parece verdadeiramente excessiva e injusta.<\/i><\/p>\n<h2 style=\"text-align: justify;\">Direito da v\u00edtima de protestar<\/h2>\n<p style=\"text-align: justify;\">&#8220;Todos n\u00f3s conhecemos pessoas assim. Ficamos impressionados com o seu grito, mas tamb\u00e9m muitas vezes nos admiramos com a firmeza da sua f\u00e9 e amor&#8221;, disse Francisco, acrescentando:<\/p>\n<p style=\"text-align: justify;\"><i>Penso nos pais de crian\u00e7as com defici\u00eancias graves. Voc\u00eas j\u00e1 pensaram nos pais de crian\u00e7as com defici\u00eancias graves? A vida inteira! Penso tamb\u00e9m naqueles que vivem com uma enfermidade permanente ou no familiar que est\u00e1 ao lado. Situa\u00e7\u00f5es muitas vezes agravadas pela escassez de recursos econ\u00f4micos.<\/i><\/p>\n<div style=\"text-align: justify;\">\n<div class=\"article__embed article__embed--border embed_style\">\n<blockquote><p>\u201cEm certos momentos da hist\u00f3ria, estes ac\u00famulos de fardos parecem que chegam todos juntos. Isto foi o que aconteceu nos \u00faltimos anos com a pandemia da Covid-19 e o que est\u00e1 acontecendo agora com a guerra na Ucr\u00e2nia.\u201d<\/p><\/blockquote>\n<\/div>\n<\/div>\n<p style=\"text-align: justify;\">&#8220;Podemos justificar estes \u201cexcessos\u201d como uma racionalidade superior da natureza e da hist\u00f3ria? Podemos aben\u00e7o\u00e1-los religiosamente como uma resposta justificada \u00e0 culpa das v\u00edtimas, que os mereceram? N\u00e3o podemos.\u00a0<b>Existe uma esp\u00e9cie de direito da v\u00edtima de protestar, diante do mist\u00e9rio do mal, um direito que Deus concede a todos, afinal \u00e9 Ele pr\u00f3prio que inspira<\/b>&#8220;, disse ainda o Papa.<\/p>\n<h2 style=\"text-align: justify;\">Enfrentar o excesso do mal<\/h2>\n<p style=\"text-align: justify;\">Por fim, o Papa disse que &#8220;os idosos viram muitas coisas na vida! E tamb\u00e9m viram a inconsist\u00eancia das promessas dos homens. Homens de leis, homens de ci\u00eancia, tamb\u00e9m homens de religi\u00e3o, que confundem o perseguidor com a v\u00edtima, imputando a esta toda a responsabilidade pela sua dor&#8221;.<\/p>\n<p style=\"text-align: justify;\">Os idosos que &#8220;<i>convertem o ressentimento pela perda na tenacidade pela expectativa da promessa de Deus<\/i>, s\u00e3o uma defesa insubstitu\u00edvel para a comunidade enfrentar o excesso do mal&#8221;.<\/p>\n<p style=\"text-align: justify;\">O Papa convidou a olhar para os idosos, para as idosas com amor, os idosos que sofreram muito na vida, aprenderam muito tamb\u00e9m na vida e no final possuem aquela paz, disse o Papa, &#8220;quase m\u00edstica, ou seja, a paz do encontro com Deus&#8221;, concluiu.<\/p>\n<\/div>\n","protected":false},"excerpt":{"rendered":"<p>&#8220;Em certos momentos da hist\u00f3ria, estes ac\u00famulos de fardos parecem que chegam todos juntos. Isto foi o que aconteceu nos \u00faltimos anos com a pandemia da Covid-19 e o que est\u00e1 acontecendo agora com a guerra na Ucr\u00e2nia&#8221;, disse Francisco na catequese da Audi\u00eancia Geral. Mariangela Jaguraba &#8211; Vatican News O Papa Francisco deu continuidade [&hellip;]<\/p>\n","protected":false},"author":1,"featured_media":73867,"comment_status":"open","ping_status":"closed","sticky":false,"template":"","format":"standard","meta":{"footnotes":""},"categories":[13,3],"tags":[],"class_list":["post-73866","post","type-post","status-publish","format-standard","has-post-thumbnail","hentry","category-featured","category-vaticano"],"_links":{"self":[{"href":"https:\/\/catolicanet.net\/wp-cnet\/wp-json\/wp\/v2\/posts\/73866","targetHints":{"allow":["GET"]}}],"collection":[{"href":"https:\/\/catolicanet.net\/wp-cnet\/wp-json\/wp\/v2\/posts"}],"about":[{"href":"https:\/\/catolicanet.net\/wp-cnet\/wp-json\/wp\/v2\/types\/post"}],"author":[{"embeddable":true,"href":"https:\/\/catolicanet.net\/wp-cnet\/wp-json\/wp\/v2\/users\/1"}],"replies":[{"embeddable":true,"href":"https:\/\/catolicanet.net\/wp-cnet\/wp-json\/wp\/v2\/comments?post=73866"}],"version-history":[{"count":2,"href":"https:\/\/catolicanet.net\/wp-cnet\/wp-json\/wp\/v2\/posts\/73866\/revisions"}],"predecessor-version":[{"id":73869,"href":"https:\/\/catolicanet.net\/wp-cnet\/wp-json\/wp\/v2\/posts\/73866\/revisions\/73869"}],"wp:featuredmedia":[{"embeddable":true,"href":"https:\/\/catolicanet.net\/wp-cnet\/wp-json\/wp\/v2\/media\/73867"}],"wp:attachment":[{"href":"https:\/\/catolicanet.net\/wp-cnet\/wp-json\/wp\/v2\/media?parent=73866"}],"wp:term":[{"taxonomy":"category","embeddable":true,"href":"https:\/\/catolicanet.net\/wp-cnet\/wp-json\/wp\/v2\/categories?post=73866"},{"taxonomy":"post_tag","embeddable":true,"href":"https:\/\/catolicanet.net\/wp-cnet\/wp-json\/wp\/v2\/tags?post=73866"}],"curies":[{"name":"wp","href":"https:\/\/api.w.org\/{rel}","templated":true}]}}