{"id":73807,"date":"2022-05-12T09:57:08","date_gmt":"2022-05-12T12:57:08","guid":{"rendered":"https:\/\/catolicanet.net\/wp-cnet\/?p=73807"},"modified":"2022-05-12T16:59:13","modified_gmt":"2022-05-12T19:59:13","slug":"assim-charles-de-foucauld-rezava-a-maria-faca-como-ele","status":"publish","type":"post","link":"https:\/\/catolicanet.net\/wp-cnet\/assim-charles-de-foucauld-rezava-a-maria-faca-como-ele\/","title":{"rendered":"Assim Charles de Foucauld rezava a Maria. Fa\u00e7a como ele!"},"content":{"rendered":"<h2 class=\"subtitle\" style=\"text-align: justify;\">Todo m\u00eas de Maio, tradicionalmente dedicado \u00e0 Virgem Maria, ele rezava com uma intensidade impressionante e tinha esperan\u00e7a em algo grandioso<\/h2>\n<p style=\"text-align: justify;\">Ligado a Maria desde a morte da sua pr\u00f3pria m\u00e3e quando tinha apenas 6 anos de idade, Charles de Foucauld costumava dizer nas suas medita\u00e7\u00f5es que era necess\u00e1rio seguir os passos de Nossa Senhora para desfrutar da presen\u00e7a do Cristo ressuscitado.<\/p>\n<p style=\"text-align: justify;\">Todos os anos, quando se aproximava o m\u00eas de Maio, ele esperava que este tempo tradicionalmente dedicado \u00e0 Virgem lhe permitisse experimentar uma nova convers\u00e3o. E ele esperava ansiosamente por isso, t\u00e3o miser\u00e1vel que se sentia aos olhos de Deus.<\/p>\n<p style=\"text-align: justify;\">Nada lhe parecia suficiente para rezar a Maria: invoca\u00e7\u00f5es, louvores, ter\u00e7os, atos de consagra\u00e7\u00e3o\u2026 Descubra todas as formas de devo\u00e7\u00e3o mariana praticadas por Charles de Foucauld, especialmente no m\u00eas de Maio. E aproveite para fazer algumas delas e obter grandes benef\u00edcios.<\/p>\n<div class=\"wp-block-aleteia-heading3\" style=\"text-align: justify;\">\n<h3>1. PEDIR QUE NOSSA SENHORA DO PERP\u00c9TUO SOCORRO NOS CARREGUE<\/h3>\n<\/div>\n<p style=\"text-align: justify;\">Consciente da sua pobreza espiritual, Charles de Foucauld colocou-se sob a prote\u00e7\u00e3o de Nossa Senhora do Perp\u00e9tuo Socorro em 1893. Ao invocar incessantemente o seu nome, ele esperava que ela obtivesse do seu Filho ressuscitado o perd\u00e3o de Deus para ele e para todos os homens. Foi de fato desde o Natal de 1893, quando ele estava espiritualmente perdido, que instintivamente come\u00e7ou a procurar a sua ajuda, porque temia as artimanhas do Maligno. Invocando especialmente o Cora\u00e7\u00e3o de Nossa Senhora do Perp\u00e9tuo Socorro, ele pediu-lhe que o carregasse nos seus bra\u00e7os, pois ela tinha carregado Jesus quando era crian\u00e7a:<\/p>\n<blockquote class=\"wp-block-quote\"><p>\u201c\u00d3 M\u00e3e do Perp\u00e9tuo Socorro, ajuda-me, guarda-me, para que eu possa ser obediente ao teu Filho\u201d.<\/p><\/blockquote>\n<div id=\"aleteia-welcome\" style=\"text-align: justify;\"><\/div>\n<p style=\"text-align: justify;\">Esta ora\u00e7\u00e3o permitiu-lhe olhar para todos os acontecimentos da sua vida como se estivessem a ter lugar sob o olhar de Maria.<\/p>\n<div class=\"wp-block-aleteia-heading3\" style=\"text-align: justify;\">\n<h3>2. SUPERAR A SOLID\u00c3O COM O ROS\u00c1RIO<\/h3>\n<\/div>\n<div class=\"nativo-inread\" style=\"text-align: justify;\"><\/div>\n<p style=\"text-align: justify;\">Nos seus escritos espirituais, Charles de Foucauld declarou v\u00e1rias vezes que o Ros\u00e1rio tinha-se tornado a sua arma na luta contra o mal. Ajudou-o a superar a sua solid\u00e3o, que por vezes era dif\u00edcil de suportar. Gra\u00e7as \u00e0 ora\u00e7\u00e3o do ter\u00e7o, sentiu que estava acompanhado interiormente por Deus. O religioso gostava particularmente dos mist\u00e9rios gloriosos que, disse ele, enchiam-no de felicidade. Enquanto os recitava, Chales ficava imerso na contempla\u00e7\u00e3o refor\u00e7ada pela beleza do Saara que o rodeava. Por esta raz\u00e3o, ele aconselhou todos aqueles que estavam tristes ou desanimados a rezar os mist\u00e9rios gloriosos, a fim de experimentar uma alegria reconfortante.<\/p>\n<p style=\"text-align: justify;\">Para os convencer, ele at\u00e9 representou graficamente todos os mist\u00e9rios do ros\u00e1rio. No centro de uma pequena caixa de papel\u00e3o, marcou um cora\u00e7\u00e3o sobre o qual h\u00e1 uma cruz ascendente com a inscri\u00e7\u00e3o: Jesus-Caritas. Deste cora\u00e7\u00e3o, h\u00e1 quinze raios indicando quinze virtudes, acompanhados de um pequeno coment\u00e1rio. Por exemplo: Pureza \u2013 I. Anuncia\u00e7\u00e3o. Deus encarnou em Maria; Solid\u00e3o \u2013 II. Ascens\u00e3o. A convers\u00e3o est\u00e1 no C\u00e9u. A nossa vida est\u00e1 escondida em Deus com Jesus\u2026; O amor de Deus \u2013 III. Pentecostes. O Esp\u00edrito de Amor est\u00e1 \u00e0 porta e bate para reinar em n\u00f3s para sempre; Esperan\u00e7a \u2013 V. A Coroa\u00e7\u00e3o da Sant\u00edssima Virgem no C\u00e9u. Com a ajuda da nossa M\u00e3e, a esperan\u00e7a tamb\u00e9m existe neste dia rumo ao C\u00e9u.<\/p>\n<div class=\"wp-block-aleteia-heading3\" style=\"text-align: justify;\">\n<h3>3. COLOCAR-SE \u00c0 DISPOSI\u00c7\u00c3O DE MARIA<\/h3>\n<\/div>\n<p style=\"text-align: justify;\">Charles de Foucauld queria estar completamente dispon\u00edvel para Maria. Nas suas notas espirituais recolhidas em \u201cVoyageur de la nuit\u201d, ele explica isto em tr\u00eas atos:<\/p>\n<blockquote class=\"wp-block-quote\"><p>1 \u2013 Pretendo manter dentro de mim a vontade de dar a Maria tudo o que tenho para oferecer: as minhas obras, as minhas ora\u00e7\u00f5es, os meus sofrimentos, tudo o que me satisfaz, toda a minha vida espiritual, a fim de me entregar finalmente a Jesus. Vou unir-me a Maria, vou dar tudo a Maria, atrav\u00e9s de Maria e em Maria.<\/p>\n<p>2 \u2013 Darei toda a minha vida apost\u00f3lica e a minha vida espiritual a Maria.<\/p>\n<p>3 \u2013 Serei transformado em Maria: trabalharei para me transformar em Maria, para me tornar noutra Maria viva e atuante; serei transformado nela e dar-lhe-ei os meus pensamentos, os meus desejos, as minhas palavras, as minhas obras, os meus sofrimentos, toda a minha vida e morte.<\/p><\/blockquote>\n<div class=\"wp-block-aleteia-heading3\" style=\"text-align: justify;\">\n<h3>4. FAZER UM ATO DE CONSAGRA\u00c7\u00c3O A MARIA<\/h3>\n<\/div>\n<p style=\"text-align: justify;\">A festa da Apresenta\u00e7\u00e3o do Senhor, que marca o fim da \u00e9poca natal\u00edcia, foi a ocasi\u00e3o para Charles de Foucauld oferecer a sua vida pelos povos do Saara. Como ele pr\u00f3prio disse, este presente sacrificial seria em v\u00e3o sem a intercess\u00e3o de Maria. Ele queria que ela o guiasse, que o protegesse de si mesmo, que lhe desse a gra\u00e7a de invocar o seu nome sem cessar, para que ele soubesse seguir \u201ca fragr\u00e2ncia de Cristo\u201d. Nas suas \u201cConsid\u00e9rations sur les f\u00eates de l\u2019ann\u00e9e\u201d, Foucauld nota o encorajamento da pr\u00f3pria Virgem Maria:<\/p>\n<p style=\"text-align: justify;\">\u201cInvocai-me no sofrimento, na fraqueza, nos momentos de pregui\u00e7a, ajudar-vos-ei sempre que pedirdes. Meditai no Evangelho para imitares o teu irm\u00e3o: vem, serve, imita, v\u00ea-lo-\u00e1s agora e na eternidade, v\u00ea-lo-\u00e1s na medida em que o amas. Seja corajoso! Ama-me!\u201d<\/p>\n<div class=\"wp-block-aleteia-heading3\" style=\"text-align: justify;\">\n<h3>5. RECITAR O ANGELUS COM A ORA\u00c7\u00c3O DE SANTA CATARINA LABOUR\u00c9<\/h3>\n<\/div>\n<p style=\"text-align: justify;\">O culto mariano de Foucauld estava ligado \u00e0 piedade popular. \u00c9 por isso que gostava de recitar o Angelus como a ora\u00e7\u00e3o de Santa Catarina Labour\u00e9:<\/p>\n<blockquote class=\"wp-block-quote\"><p>\u201c\u00d3 Maria concebida sem pecado,<br \/>\nrogai por n\u00f3s que recorremos a V\u00f3s.\u201d<\/p><\/blockquote>\n<p style=\"text-align: justify;\">No m\u00eas de Maio, ele gostava de citar a letra de uma conhecida can\u00e7\u00e3o francesa:<\/p>\n<blockquote class=\"wp-block-quote\">\n<p style=\"text-align: justify;\">\u201c\u00c9 o m\u00eas de Maria<br \/>\n\u00c9 o m\u00eas mais bonito<br \/>\nPara a amada Virgem,<br \/>\nCantemos uma nova can\u00e7\u00e3o,<br \/>\nVamos adornar o santu\u00e1rio<br \/>\nCom as nossas mais belas flores<br \/>\nVamos oferecer \u00e0 nossa M\u00e3e<br \/>\nOs nossos louvores e os nossos cora\u00e7\u00f5es.\u201d<\/p>\n<\/blockquote>\n","protected":false},"excerpt":{"rendered":"<p>Todo m\u00eas de Maio, tradicionalmente dedicado \u00e0 Virgem Maria, ele rezava com uma intensidade impressionante e tinha esperan\u00e7a em algo grandioso Ligado a Maria desde a morte da sua pr\u00f3pria m\u00e3e quando tinha apenas 6 anos de idade, Charles de Foucauld costumava dizer nas suas medita\u00e7\u00f5es que era necess\u00e1rio seguir os passos de Nossa Senhora [&hellip;]<\/p>\n","protected":false},"author":1,"featured_media":73808,"comment_status":"open","ping_status":"closed","sticky":false,"template":"","format":"standard","meta":{"footnotes":""},"categories":[4],"tags":[],"class_list":["post-73807","post","type-post","status-publish","format-standard","has-post-thumbnail","hentry","category-cotidiano"],"_links":{"self":[{"href":"https:\/\/catolicanet.net\/wp-cnet\/wp-json\/wp\/v2\/posts\/73807","targetHints":{"allow":["GET"]}}],"collection":[{"href":"https:\/\/catolicanet.net\/wp-cnet\/wp-json\/wp\/v2\/posts"}],"about":[{"href":"https:\/\/catolicanet.net\/wp-cnet\/wp-json\/wp\/v2\/types\/post"}],"author":[{"embeddable":true,"href":"https:\/\/catolicanet.net\/wp-cnet\/wp-json\/wp\/v2\/users\/1"}],"replies":[{"embeddable":true,"href":"https:\/\/catolicanet.net\/wp-cnet\/wp-json\/wp\/v2\/comments?post=73807"}],"version-history":[{"count":1,"href":"https:\/\/catolicanet.net\/wp-cnet\/wp-json\/wp\/v2\/posts\/73807\/revisions"}],"predecessor-version":[{"id":73809,"href":"https:\/\/catolicanet.net\/wp-cnet\/wp-json\/wp\/v2\/posts\/73807\/revisions\/73809"}],"wp:featuredmedia":[{"embeddable":true,"href":"https:\/\/catolicanet.net\/wp-cnet\/wp-json\/wp\/v2\/media\/73808"}],"wp:attachment":[{"href":"https:\/\/catolicanet.net\/wp-cnet\/wp-json\/wp\/v2\/media?parent=73807"}],"wp:term":[{"taxonomy":"category","embeddable":true,"href":"https:\/\/catolicanet.net\/wp-cnet\/wp-json\/wp\/v2\/categories?post=73807"},{"taxonomy":"post_tag","embeddable":true,"href":"https:\/\/catolicanet.net\/wp-cnet\/wp-json\/wp\/v2\/tags?post=73807"}],"curies":[{"name":"wp","href":"https:\/\/api.w.org\/{rel}","templated":true}]}}