{"id":73746,"date":"2022-05-05T09:37:31","date_gmt":"2022-05-05T12:37:31","guid":{"rendered":"https:\/\/catolicanet.net\/wp-cnet\/?p=73746"},"modified":"2022-05-05T14:38:58","modified_gmt":"2022-05-05T17:38:58","slug":"papa-francisco-aparece-de-cadeira-de-rodas-em-audiencia-no-vaticano","status":"publish","type":"post","link":"https:\/\/catolicanet.net\/wp-cnet\/papa-francisco-aparece-de-cadeira-de-rodas-em-audiencia-no-vaticano\/","title":{"rendered":"Papa Francisco aparece de cadeira de rodas em audi\u00eancia no Vaticano"},"content":{"rendered":"<h2 class=\"subtitle\" style=\"text-align: justify;\">\u00c9 a primeira vez que o Santo Padre aparece de cadeira de rodas depois de anunciar que est\u00e1 com ligamento rompido no joelho; Pont\u00edfice recebeu inje\u00e7\u00e3o para melhorar dores e articula\u00e7\u00e3o<\/h2>\n<p style=\"text-align: justify;\">OPapa Francisco apareceu em uma cadeira de rodas em uma audi\u00eancia com um grupo de l\u00edderes de ordens religiosas femininas na manh\u00e3 desta quinta-feira, 5 de maio. Uma delas postou uma foto da reuni\u00e3o em sua conta no Twitter.<\/p>\n<p style=\"text-align: justify;\">Na fotografia, o pont\u00edfice aparece com um grande sorriso no rosto, o que contrasta com algumas das\u00a0<a href=\"https:\/\/www.instagram.com\/tv\/CdJvcAslxjV\/?igshid=YmMyMTA2M2Y=\" target=\"_blank\" rel=\"noopener\">fei\u00e7\u00f5es de dor vistas<\/a>\u00a0nas \u00faltimas semanas, quando ele ficava de p\u00e9.<\/p>\n<figure class=\"wp-block-embed is-type-rich is-provider-twitter wp-block-embed-twitter\" data-original=\"false\">\n<div class=\"wp-block-embed__wrapper\" style=\"text-align: justify;\">\n<div class=\"twitter-tweet twitter-tweet-rendered\"><iframe id=\"twitter-widget-0\" class=\"\" title=\"Twitter Tweet\" src=\"https:\/\/platform.twitter.com\/embed\/Tweet.html?creatorScreenName=aleteiapt&amp;dnt=true&amp;embedId=twitter-widget-0&amp;features=eyJ0ZndfZXhwZXJpbWVudHNfY29va2llX2V4cGlyYXRpb24iOnsiYnVja2V0IjoxMjA5NjAwLCJ2ZXJzaW9uIjpudWxsfSwidGZ3X3NwYWNlX2NhcmQiOnsiYnVja2V0Ijoib2ZmIiwidmVyc2lvbiI6bnVsbH19&amp;frame=false&amp;hideCard=false&amp;hideThread=false&amp;id=1522145778780839938&amp;lang=pt&amp;origin=https%3A%2F%2Fpt.aleteia.org%2F2022%2F05%2F05%2Fpapa-francisco-aparece-de-cadeira-de-rodas-em-audiencia-no-vaticano%2F&amp;sessionId=10bd28efe8a7869661868d279f376f7208223312&amp;siteScreenName=aleteiapt&amp;theme=light&amp;widgetsVersion=c8fe9736dd6fb%3A1649830956492&amp;width=550px\" frameborder=\"0\" scrolling=\"no\" allowfullscreen=\"allowfullscreen\" data-tweet-id=\"1522145778780839938\" data-mce-fragment=\"1\"><\/iframe><\/div>\n<p>&nbsp;<\/p>\n<\/div>\n<p style=\"text-align: justify;\">De fato, Francisco est\u00e1 com um ligamento rompido no joelho e, segundo uma fonte do Vaticano, ele recebeu uma inje\u00e7\u00e3o \u2013 e n\u00e3o uma infiltra\u00e7\u00e3o, como foi dito pela primeira vez \u2013 na \u00faltima ter\u00e7a-feira.<\/p>\n<p style=\"text-align: justify;\">Em entrevista ao jornal\u00a0<em>Corriere della Ser<\/em>a, o Santo Padre chegou a afirmar: \u201cTenho um ligamento rompido no joelho, farei uma opera\u00e7\u00e3o com infiltra\u00e7\u00f5es e veremos. Estou assim h\u00e1 muito tempo, n\u00e3o posso caminhar. Antigamente os papas costumavam usar a cadeira gestat\u00f3ria. \u00c9 preciso tamb\u00e9m um pouco de dor, de humilha\u00e7\u00e3o.\u201d<\/p>\n<div class=\"wp-block-aleteia-heading3\" style=\"text-align: justify;\">\n<h3>Cancelamentos e ajustes de compromissos<\/h3>\n<\/div>\n<p style=\"text-align: justify;\">Nas \u00faltimas semanas, a participa\u00e7\u00e3o de Francisco em muitos eventos foi ajustada ou at\u00e9 mesmo foi cancelada. O pont\u00edfice senta-se o m\u00e1ximo poss\u00edvel durante os compromissos e n\u00e3o presidiu certas missas. Em uma audi\u00eancia no dia 30 de abril, ele explicou que seu m\u00e9dico lhe havia pedido para n\u00e3o andar mais.<\/p>\n<div class=\"block-image-copyrigth-wrap\" style=\"text-align: justify;\">\n<figure class=\"wp-block-image size-large\"><img loading=\"lazy\" decoding=\"async\" class=\"wp-image-444779\" src=\"https:\/\/wp.pt.aleteia.org\/wp-content\/uploads\/sites\/5\/2022\/05\/VATICAN-POPE-FRANCIS-AUDIENCE-May-04-2022-Antoine-Mekary-ALETEIA-AM_2923.jpg?w=720\" sizes=\"auto, (max-width: 2000px) 100vw, 2000px\" srcset=\"https:\/\/wp.pt.aleteia.org\/wp-content\/uploads\/sites\/5\/2022\/05\/VATICAN-POPE-FRANCIS-AUDIENCE-May-04-2022-Antoine-Mekary-ALETEIA-AM_2923.jpg 2000w, https:\/\/wp.pt.aleteia.org\/wp-content\/uploads\/sites\/5\/2022\/05\/VATICAN-POPE-FRANCIS-AUDIENCE-May-04-2022-Antoine-Mekary-ALETEIA-AM_2923.jpg?resize=150,100 150w, https:\/\/wp.pt.aleteia.org\/wp-content\/uploads\/sites\/5\/2022\/05\/VATICAN-POPE-FRANCIS-AUDIENCE-May-04-2022-Antoine-Mekary-ALETEIA-AM_2923.jpg?resize=300,200 300w, https:\/\/wp.pt.aleteia.org\/wp-content\/uploads\/sites\/5\/2022\/05\/VATICAN-POPE-FRANCIS-AUDIENCE-May-04-2022-Antoine-Mekary-ALETEIA-AM_2923.jpg?resize=768,513 768w, https:\/\/wp.pt.aleteia.org\/wp-content\/uploads\/sites\/5\/2022\/05\/VATICAN-POPE-FRANCIS-AUDIENCE-May-04-2022-Antoine-Mekary-ALETEIA-AM_2923.jpg?resize=1024,684 1024w, https:\/\/wp.pt.aleteia.org\/wp-content\/uploads\/sites\/5\/2022\/05\/VATICAN-POPE-FRANCIS-AUDIENCE-May-04-2022-Antoine-Mekary-ALETEIA-AM_2923.jpg?resize=1536,1025 1536w, https:\/\/wp.pt.aleteia.org\/wp-content\/uploads\/sites\/5\/2022\/05\/VATICAN-POPE-FRANCIS-AUDIENCE-May-04-2022-Antoine-Mekary-ALETEIA-AM_2923.jpg?resize=620,414 620w, https:\/\/wp.pt.aleteia.org\/wp-content\/uploads\/sites\/5\/2022\/05\/VATICAN-POPE-FRANCIS-AUDIENCE-May-04-2022-Antoine-Mekary-ALETEIA-AM_2923.jpg?resize=360,240 360w, https:\/\/wp.pt.aleteia.org\/wp-content\/uploads\/sites\/5\/2022\/05\/VATICAN-POPE-FRANCIS-AUDIENCE-May-04-2022-Antoine-Mekary-ALETEIA-AM_2923.jpg?resize=1140,760 1140w, https:\/\/wp.pt.aleteia.org\/wp-content\/uploads\/sites\/5\/2022\/05\/VATICAN-POPE-FRANCIS-AUDIENCE-May-04-2022-Antoine-Mekary-ALETEIA-AM_2923.jpg?resize=375,250 375w, https:\/\/wp.pt.aleteia.org\/wp-content\/uploads\/sites\/5\/2022\/05\/VATICAN-POPE-FRANCIS-AUDIENCE-May-04-2022-Antoine-Mekary-ALETEIA-AM_2923.jpg?resize=630,421 630w, https:\/\/wp.pt.aleteia.org\/wp-content\/uploads\/sites\/5\/2022\/05\/VATICAN-POPE-FRANCIS-AUDIENCE-May-04-2022-Antoine-Mekary-ALETEIA-AM_2923.jpg?resize=266,177 266w\" alt=\"VATICAN-POPE-FRANCIS-AUDIENCE-May-04-2022-Antoine-Mekary-ALETEIA-AM_2923.jpg\" width=\"2000\" height=\"1335\" \/><figcaption>Papa Francisco sobe parte da Pra\u00e7a S\u00e3o Pedro de papam\u00f3vel; antes, costumava fazer o trajeto a p\u00e9<\/figcaption><\/figure>\n<div class=\"copyright-text\"><a href=\"https:\/\/www.instagram.com\/antoine.mekary\/\" target=\"_blank\" rel=\"noopener\">Antoine Mekary | ALETEIA<\/a><\/div>\n<\/div>\n<div id=\"aleteia-welcome\" style=\"text-align: justify;\"><\/div>\n<p style=\"text-align: justify;\">Uma fonte do Vaticano disse \u00e0 ag\u00eancia I.MEDIA que o pont\u00edfice pode j\u00e1 ter usado uma cadeira de rodas nos \u00faltimos dias e pode ter que us\u00e1-la novamente em breve. Por enquanto, nenhum cancelamento de eventos com o papa est\u00e1 sendo considerado.<\/p>\n<p style=\"text-align: justify;\">Esta n\u00e3o \u00e9 a primeira vez que o pont\u00edfice \u00e9 obrigado a usar uma cadeira de rodas. Ele teve que usar este meio de transporte por alguns dias ap\u00f3s sua\u00a0<a href=\"https:\/\/pt.aleteia.org\/2021\/07\/04\/papa-francisco-passa-bem-apos-cirurgia-no-intestino\/\" target=\"_self\" rel=\"noopener\">opera\u00e7\u00e3o do c\u00f3lon<\/a>\u00a0em julho de 2021.<\/p>\n<\/figure>\n","protected":false},"excerpt":{"rendered":"<p>\u00c9 a primeira vez que o Santo Padre aparece de cadeira de rodas depois de anunciar que est\u00e1 com ligamento rompido no joelho; Pont\u00edfice recebeu inje\u00e7\u00e3o para melhorar dores e articula\u00e7\u00e3o OPapa Francisco apareceu em uma cadeira de rodas em uma audi\u00eancia com um grupo de l\u00edderes de ordens religiosas femininas na manh\u00e3 desta quinta-feira, [&hellip;]<\/p>\n","protected":false},"author":1,"featured_media":73747,"comment_status":"open","ping_status":"closed","sticky":false,"template":"","format":"standard","meta":{"footnotes":""},"categories":[4],"tags":[],"class_list":["post-73746","post","type-post","status-publish","format-standard","has-post-thumbnail","hentry","category-cotidiano"],"_links":{"self":[{"href":"https:\/\/catolicanet.net\/wp-cnet\/wp-json\/wp\/v2\/posts\/73746","targetHints":{"allow":["GET"]}}],"collection":[{"href":"https:\/\/catolicanet.net\/wp-cnet\/wp-json\/wp\/v2\/posts"}],"about":[{"href":"https:\/\/catolicanet.net\/wp-cnet\/wp-json\/wp\/v2\/types\/post"}],"author":[{"embeddable":true,"href":"https:\/\/catolicanet.net\/wp-cnet\/wp-json\/wp\/v2\/users\/1"}],"replies":[{"embeddable":true,"href":"https:\/\/catolicanet.net\/wp-cnet\/wp-json\/wp\/v2\/comments?post=73746"}],"version-history":[{"count":1,"href":"https:\/\/catolicanet.net\/wp-cnet\/wp-json\/wp\/v2\/posts\/73746\/revisions"}],"predecessor-version":[{"id":73748,"href":"https:\/\/catolicanet.net\/wp-cnet\/wp-json\/wp\/v2\/posts\/73746\/revisions\/73748"}],"wp:featuredmedia":[{"embeddable":true,"href":"https:\/\/catolicanet.net\/wp-cnet\/wp-json\/wp\/v2\/media\/73747"}],"wp:attachment":[{"href":"https:\/\/catolicanet.net\/wp-cnet\/wp-json\/wp\/v2\/media?parent=73746"}],"wp:term":[{"taxonomy":"category","embeddable":true,"href":"https:\/\/catolicanet.net\/wp-cnet\/wp-json\/wp\/v2\/categories?post=73746"},{"taxonomy":"post_tag","embeddable":true,"href":"https:\/\/catolicanet.net\/wp-cnet\/wp-json\/wp\/v2\/tags?post=73746"}],"curies":[{"name":"wp","href":"https:\/\/api.w.org\/{rel}","templated":true}]}}