{"id":73731,"date":"2022-05-04T09:15:21","date_gmt":"2022-05-04T12:15:21","guid":{"rendered":"https:\/\/catolicanet.net\/wp-cnet\/?p=73731"},"modified":"2022-05-05T14:19:09","modified_gmt":"2022-05-05T17:19:09","slug":"papa-francisco-nomeia-novo-bispo-da-diocese-de-iguatu-no-ceara","status":"publish","type":"post","link":"https:\/\/catolicanet.net\/wp-cnet\/papa-francisco-nomeia-novo-bispo-da-diocese-de-iguatu-no-ceara\/","title":{"rendered":"PAPA FRANCISCO NOMEIA NOVO BISPO DA DIOCESE DE IGUATU, NO CEAR\u00c1"},"content":{"rendered":"<p style=\"text-align: justify;\">O Papa Francisco nomeou, nesta quarta-feira, 4 de maio, o novo bispo da diocese de Iguatu (CE).\u00a0<em><strong>Padre Geraldo Freire Soares<\/strong><\/em>, mission\u00e1rio redentorista, ir\u00e1 assumir o governo pastoral da Igreja Particular vacante desde o ano passado. Atualmente, ele \u00e9 p\u00e1roco da par\u00f3quia do Sant\u00edssimo Redentor, na diocese de Penedo (AL), e formador da comunidade Redentorista, em Arapiraca (AL).<\/p>\n<p style=\"text-align: justify;\">Padre Geraldo Freire Soares ir\u00e1 suceder a\u00a0<a href=\"https:\/\/www.cnbb.org.br\/renuncia-dom-edson-de-castro-homem-bispo-de-iguatu-ce\/\">dom Edson de Castro Homem, que teve o pedido de ren\u00fancia aceito pelo Papa Francisco em 24 de fevereiro de 2021<\/a>. Ser\u00e1 o quinto bispo de Iguatu.<\/p>\n<h3 style=\"text-align: justify;\">Dados biogr\u00e1ficos<\/h3>\n<p style=\"text-align: justify;\">Nascido no dia 6 de janeiro de 1967, na cidade de Sert\u00e2nia (PE), diocese de Pesqueira, padre Geraldo Freire Soares \u00e9 filho de Jos\u00e9 Generoso Freire e Judite Freire Soares. \u00c9 o terceiro de 10 irm\u00e3os.<\/p>\n<p style=\"text-align: justify;\">Ap\u00f3s a conclus\u00e3o do antigo gin\u00e1sio, fez curso t\u00e9cnico em contabilidade e, na sequ\u00eancia, cursou Licenciatura Plena em Matem\u00e1tica. Depois de conclu\u00eddo o curso superior, em 1991, decidiu participar dos encontros vocacionais da Congrega\u00e7\u00e3o do Sant\u00edssimo Redentor \u2013 Redentoristas. Havia o desejo desde o final do curso ginasial, mas s\u00f3 concretizado em 1992.<\/p>\n<p style=\"text-align: justify;\">No dia 05 de fevereiro de 1993, conduzido pelo seu p\u00e1roco, o mission\u00e1rio redentorista holand\u00eas padre Estev\u00e3o Kuijpers, iniciou sua caminhada formativa no aspirantado, em Garanhuns (PE). No ano seguinte, 1984, foi para o postulantado, no Recife (PE), fazendo complementa\u00e7\u00e3o de disciplinas do curso de filosofia, no Instituto Salesiano (INSAF). No ano de 1995, fez o noviciado na cidade de Tiet\u00ea (SP). A primeira profiss\u00e3o religiosa ocorreu no dia 11 de fevereiro de 1996, na igreja matriz de Nossa Senhora do Perp\u00e9tuo Socorro, em Garanhuns.<\/p>\n<p style=\"text-align: justify;\">Iniciou os estudos de Teologia no Instituto Franciscano de Teologia (Ifto), em Olinda (PE). Em 1997, foi transferido para a Prov\u00edncia de S\u00e3o Paulo para continuar os estudos no Instituto Teol\u00f3gico S\u00e3o Paulo (Itesp). No dia 11 de fevereiro de 1999, na igreja matriz de Nossa Senhora do Perp\u00e9tuo Socorro, Madalena, Recife, fez sua consagra\u00e7\u00e3o perp\u00e9tua na Congrega\u00e7\u00e3o do Sant\u00edssimo Redentor. Terminados os estudos em S\u00e3o Paulo, retornou para a Vice Prov\u00edncia no ano de 2000, morando na comunidade de Campina Grande (PB).<\/p>\n<p style=\"text-align: justify;\">A ordena\u00e7\u00e3o diaconal foi celebrada no dia 07 de abril de 2000, na igreja matriz de Nossa Senhora do Perp\u00e9tuo Socorro, Garanhuns, presidida pelo ent\u00e3o bispo de Garanhuns, dom Irineu Scherer. No dia 1\u00ba de julho de 2000, na par\u00f3quia de S\u00e3o Jos\u00e9, em Cruzeiro do Nordeste, onde residem atualmente seus pais onde, Geraldo foi ordenado presb\u00edtero pelas m\u00e3os do ent\u00e3o bispo diocesano de Pesqueira, dom Bernardino Marchi\u00f3.<\/p>\n<p style=\"text-align: justify;\">Em seu minist\u00e9rio sacerdotal, atuou em Campina Grande (PB); foi ec\u00f4nomo da vice prov\u00edncia do Recife; conselheiro provincial, de 2002 a 2004; e reitor do Aspirantado Redentorista, entre 2003 e 2004. No dia 20 de novembro de 2004, foi eleito superior provincial da Vice Prov\u00edncia do Recife, sendo reeleito em 2007. Terminado o mandato, foi transferido, em 2011, para Arapiraca, com a miss\u00e3o de reitor do Aspirantado Redentorista e coordenador da \u00c1rea Pastoral Cristo Redentor. No dia 08 de fevereiro de 2013, toma posse como Administrador paroquial na Par\u00f3quia do Sagrado Cora\u00e7\u00e3o de Jesus, na arquidiocese de Natal (RN). Foi nomeado, em 2014, pelo arcebispo de Natal, dom Jaime Vieira Rocha, como vig\u00e1rio episcopal para a Vida Religiosa.<\/p>\n<p style=\"text-align: justify;\">Em novembro de 2014, foi eleito, pela terceira vez, superior provincial da Vice Prov\u00edncia do Recife. Em outubro de 2018, foi nomeado pelo arcebispo de Aracaju (SE), dom Jo\u00e3o Costa, como administrador paroquial, na par\u00f3quia Nossa Senhora Aparecida. Em fevereiro de 2019, tomou posse como p\u00e1roco na Par\u00f3quia do Sant\u00edssimo Redentor, na diocese de Penedo, em Arapiraca (AL), fun\u00e7\u00e3o que exerce atualmente, junto com a de superior da comunidade Religiosa Redentorista e formativa de Arapiraca. \u00c9 tamb\u00e9m Membro do Conselho Presbiteral da diocese de Penedo.<\/p>\n<p style=\"text-align: justify;\">\n<p style=\"text-align: justify;\">\n<blockquote>\n<h2 style=\"text-align: justify;\">Sauda\u00e7\u00e3o da CNBB ao Monsenhor Geraldo Freire Soares<\/h2>\n<h2 style=\"text-align: justify;\"><\/h2>\n<p style=\"text-align: justify;\">Estimado Monsenhor Geraldo Freire Soares,<\/p>\n<p style=\"text-align: justify;\">A Confer\u00eancia Nacional dos Bispos do Brasil (CNBB) recebe com alegria a sua nomea\u00e7\u00e3o como novo bispo da Diocese de Iguatu, no Cear\u00e1. Agradecemos ao Papa Francisco por mais esta nomea\u00e7\u00e3o que fortalecer\u00e1 a presen\u00e7a da Igreja no regional Nordeste 1 de nossa Confer\u00eancia Episcopal, tamb\u00e9m enriquecida com mais um membro.<\/p>\n<p style=\"text-align: justify;\">Em seus mais de vinte anos de minist\u00e9rio presbiteral, o senhor tem oferecido uma bonita contribui\u00e7\u00e3o para a Igreja no Nordeste brasileiro, de forma especial no horizonte da dinamiza\u00e7\u00e3o da vida religiosa, dentro da Congrega\u00e7\u00e3o do Sant\u00edssimo Redentor.<\/p>\n<p style=\"text-align: justify;\">Permita-nos, portanto, oferecer uma reflex\u00e3o do Papa Francisco a respeito do fundador de sua congrega\u00e7\u00e3o, o doutor da Igreja Santo Afonso Maria de Lig\u00f3rio, para iluminar seu minist\u00e9rio episcopal:<\/p>\n<p style=\"text-align: justify;\">\u201cA exemplo de Afonso, convido [\u2026] a entrar em rela\u00e7\u00e3o viva com os membros do povo de Deus, e a olhar para a exist\u00eancia do seu ponto de vista, para compreender as dificuldades reais que encontram e para ajudar a curar as feridas, pois somente a verdadeira fraternidade \u00absabe ver\u00a0 a grandeza sagrada do pr\u00f3ximo, sabe descobrir Deus em cada ser humano, sabe tolerar os transtornos da conviv\u00eancia agarrando-se ao amor de Deus, sabe abrir o cora\u00e7\u00e3o ao amor divino para procurar a felicidade dos outros como a procura o seu Pai bom\u00bb (EG, 92)\u201d.<\/p>\n<p style=\"text-align: justify;\">Nossa Senhora Aparecida, Padroeira do Brasil, te acompanhe em sua nova miss\u00e3o, junto da prote\u00e7\u00e3o do padroeiro diocesano, S\u00e3o Jos\u00e9, guardi\u00e3o do Redentor.<\/p>\n<p style=\"text-align: justify;\">Em Cristo,<\/p>\n<p style=\"text-align: justify;\"><strong>Dom Walmor Oliveira de Azevedo<\/strong><br \/>\nArcebispo de Belo Horizonte (MG)<br \/>\nPresidente da CNBB<\/p>\n<p style=\"text-align: justify;\"><strong>Dom Jaime Spengler<\/strong><br \/>\nArcebispo de Porto Alegre (RS)<br \/>\nPrimeiro Vice-Presidente da CNBB<\/p>\n<p style=\"text-align: justify;\"><strong>Dom M\u00e1rio Ant\u00f4nio da Silva<\/strong><br \/>\nArcebispo de Cuiab\u00e1 (MT)<br \/>\nSegundo Vice-Presidente da CNBB<\/p>\n<p style=\"text-align: justify;\"><strong>Dom Joel Portella Amado<br \/>\n<\/strong>Bispo auxiliar da arquidiocese de S\u00e3o Sebasti\u00e3o do Rio de Janeiro (RJ)<br \/>\nSecret\u00e1rio-geral da CNBB<\/p>\n<\/blockquote>\n","protected":false},"excerpt":{"rendered":"<p>O Papa Francisco nomeou, nesta quarta-feira, 4 de maio, o novo bispo da diocese de Iguatu (CE).\u00a0Padre Geraldo Freire Soares, mission\u00e1rio redentorista, ir\u00e1 assumir o governo pastoral da Igreja Particular vacante desde o ano passado. Atualmente, ele \u00e9 p\u00e1roco da par\u00f3quia do Sant\u00edssimo Redentor, na diocese de Penedo (AL), e formador da comunidade Redentorista, em [&hellip;]<\/p>\n","protected":false},"author":1,"featured_media":73732,"comment_status":"open","ping_status":"closed","sticky":false,"template":"","format":"standard","meta":{"footnotes":""},"categories":[7],"tags":[],"class_list":["post-73731","post","type-post","status-publish","format-standard","has-post-thumbnail","hentry","category-cnbb"],"_links":{"self":[{"href":"https:\/\/catolicanet.net\/wp-cnet\/wp-json\/wp\/v2\/posts\/73731","targetHints":{"allow":["GET"]}}],"collection":[{"href":"https:\/\/catolicanet.net\/wp-cnet\/wp-json\/wp\/v2\/posts"}],"about":[{"href":"https:\/\/catolicanet.net\/wp-cnet\/wp-json\/wp\/v2\/types\/post"}],"author":[{"embeddable":true,"href":"https:\/\/catolicanet.net\/wp-cnet\/wp-json\/wp\/v2\/users\/1"}],"replies":[{"embeddable":true,"href":"https:\/\/catolicanet.net\/wp-cnet\/wp-json\/wp\/v2\/comments?post=73731"}],"version-history":[{"count":1,"href":"https:\/\/catolicanet.net\/wp-cnet\/wp-json\/wp\/v2\/posts\/73731\/revisions"}],"predecessor-version":[{"id":73733,"href":"https:\/\/catolicanet.net\/wp-cnet\/wp-json\/wp\/v2\/posts\/73731\/revisions\/73733"}],"wp:featuredmedia":[{"embeddable":true,"href":"https:\/\/catolicanet.net\/wp-cnet\/wp-json\/wp\/v2\/media\/73732"}],"wp:attachment":[{"href":"https:\/\/catolicanet.net\/wp-cnet\/wp-json\/wp\/v2\/media?parent=73731"}],"wp:term":[{"taxonomy":"category","embeddable":true,"href":"https:\/\/catolicanet.net\/wp-cnet\/wp-json\/wp\/v2\/categories?post=73731"},{"taxonomy":"post_tag","embeddable":true,"href":"https:\/\/catolicanet.net\/wp-cnet\/wp-json\/wp\/v2\/tags?post=73731"}],"curies":[{"name":"wp","href":"https:\/\/api.w.org\/{rel}","templated":true}]}}