{"id":73685,"date":"2022-05-03T10:08:37","date_gmt":"2022-05-03T13:08:37","guid":{"rendered":"https:\/\/catolicanet.net\/wp-cnet\/?p=73685"},"modified":"2022-05-03T14:09:49","modified_gmt":"2022-05-03T17:09:49","slug":"resenha-de-imprensa-o-papa-francisco-e-a-igreja-sinodal","status":"publish","type":"post","link":"https:\/\/catolicanet.net\/wp-cnet\/resenha-de-imprensa-o-papa-francisco-e-a-igreja-sinodal\/","title":{"rendered":"Resenha de Imprensa: O Papa Francisco e a Igreja Sinodal"},"content":{"rendered":"<h2 class=\"subtitle\" style=\"text-align: justify;\">O essencial para voc\u00ea se manter informado. Todos os dias, Aleteia oferece uma sele\u00e7\u00e3o de artigos escritos pela imprensa internacional sobre a Igreja e as principais quest\u00f5es que preocupam os cat\u00f3licos em todo o mundo. As opini\u00f5es e pontos de vista expressos nestes artigos n\u00e3o s\u00e3o dos editores<\/h2>\n<blockquote class=\"wp-block-quote\"><p><strong>Ter\u00e7a-feira 3 de Maio de 2022<\/strong><\/p>\n<p>1 \u2013 O Papa Francisco e a Igreja Sinodal<br \/>\n2 \u2013 Enquanto embaixadores fogem de Kiev, o diplomata do Papa permanece<br \/>\n3 \u2013 Dez dias de repouso total e uma infiltra\u00e7\u00e3o no joelho para Francisco<br \/>\n4 \u2013 Freiras cat\u00f3licas afro-americanas: uma hist\u00f3ria fascinante h\u00e1 muito negligenciada<br \/>\n5 \u2013 Uma c\u00f3pia da \u201cWicked Bible\u201d que incita ao adult\u00e9rio encontrado na Nova Zel\u00e2ndia<\/p><\/blockquote>\n<hr class=\"wp-block-separator\" \/>\n<div class=\"wp-block-aleteia-heading3\" style=\"text-align: justify;\">\n<h3>1 \u2013 O Papa Francisco e a Igreja Sinodal<\/h3>\n<\/div>\n<p style=\"text-align: justify;\">Uma reuni\u00e3o dos comit\u00e9s sinodais sobre sinodalidade \u2013 evento este, o S\u00ednodo, que o Papa Francisco convocou para 2023 \u2013 realizou-se na semana passada em Roma. O seu objetivo era estabelecer um caminho comum, falar uns com os outros e come\u00e7ar a concretizar este S\u00ednodo que supostamente dar\u00e1 um novo rosto \u00e0 Igreja: um rosto sinodal. De fato, em Praedicate Evangelium, a nova Constitui\u00e7\u00e3o que regula as tarefas e fun\u00e7\u00f5es da C\u00faria Romana, o S\u00ednodo j\u00e1 n\u00e3o \u00e9 definido como um S\u00ednodo dos Bispos, mas simplesmente como um S\u00ednodo. Ou seja, uma reuni\u00e3o sinodal que pode ser considerada mais como uma assembleia de fi\u00e9is do que como um verdadeiro \u00f3rg\u00e3o de governo. O Papa Francisco est\u00e1 assim a implementar o que sempre quis: um \u201cestado permanente de s\u00ednodo\u201d. No entanto, algumas quest\u00f5es surgem naturalmente. Ser\u00e1 que o Papa Francisco conseguir\u00e1 ter uma Igreja verdadeiramente sinodal e de escuta, ou ser\u00e1 que as suas inten\u00e7\u00f5es ir\u00e3o colidir com uma realidade que ele ajudou a construir? Tantas perguntas permanecem sem resposta, especialmente quando conhecemos as consequ\u00eancias do s\u00ednodo alem\u00e3o, que foram, no m\u00ednimo, \u201cagitadoras\u201d\u2026<\/p>\n<p style=\"text-align: justify;\"><a href=\"http:\/\/www.mondayvatican.com\/vatican\/pope-francis-and-the-synodal-church\" target=\"_blank\" rel=\"noreferrer noopener\"><em>Monday Vatican<\/em><\/a>, ingl\u00eas<\/p>\n<hr class=\"wp-block-separator\" \/>\n<div class=\"wp-block-aleteia-heading3\" style=\"text-align: justify;\">\n<h3>2 \u2013 Enquanto embaixadores fogem de Kiev, o diplomata do Papa permanece<\/h3>\n<\/div>\n<p style=\"text-align: justify;\">A amea\u00e7a de bombardeamentos russos tinha levado muitas embaixadas a abandonar a capital em meados de Fevereiro e a mudarem-se para a Ucr\u00e2nia ocidental. A Santa S\u00e9 tem mantido a sua representa\u00e7\u00e3o diplom\u00e1tica em Kiev. \u201cOs bispos e padres permanecem com o povo. Fico com o povo porque faz parte da minha identidade\u201d, disse o arcebispo Visvaldas Kulbokas, o n\u00fancio apost\u00f3lico lituano, que viveu pessoalmente o sistema sovi\u00e9tico quando era crian\u00e7a. Quando trabalhava na Nunciatura em Moscou, agiu como tradutor durante as conversa\u00e7\u00f5es entre o Papa Francisco e Vladimir Putin. Agora em Kiev, com os seus cinco funcion\u00e1rios que permanecem com ele no contexto da guerra, procurou ajudar a evacuar residentes e funcion\u00e1rios de v\u00e1rios orfanatos pr\u00f3ximos da linha da frente. As suas tentativas de prestar ajuda humanit\u00e1ria em Mariupol, em conjunto com um bispo ortodoxo, falharam face \u00e0 firmeza dos soldados russos. Tamb\u00e9m confessa ter chorado quando acompanhou o Cardeal Krajewski na Sexta-feira Santa \u00e0s valas comuns em Butcha e Borodianka, onde foram enterradas v\u00edtimas de massacres.<\/p>\n<div id=\"aleteia-welcome\" style=\"text-align: justify;\"><\/div>\n<p style=\"text-align: justify;\"><a href=\"https:\/\/ilsismografo.blogspot.com\/2022\/05\/ucraina-as-ambassadors-left-town-popes.html\" target=\"_blank\" rel=\"noreferrer noopener\"><em>New York Times<\/em><\/a><em>,<\/em>\u00a0ingl\u00eas<\/p>\n<hr class=\"wp-block-separator\" \/>\n<div class=\"wp-block-aleteia-heading3\" style=\"text-align: justify;\">\n<h3>3 \u2013 Dez dias de repouso total e uma infiltra\u00e7\u00e3o no joelho para Francisco<\/h3>\n<\/div>\n<p style=\"text-align: justify;\">Embora o joelho do Papa Francisco esteja nas not\u00edcias h\u00e1 v\u00e1rios meses, for\u00e7ando-o a cancelar viagens e a cortar sua agenda, o jornal Clarin divulgou pormenores sobre a sa\u00fade de Francisco. Por enquanto, os seus m\u00e9dicos exclu\u00edram qualquer cirurgia, mas o Papa deve permanecer em repouso absoluto e submeter-se a uma \u201cforte infiltra\u00e7\u00e3o\u201d para reduzir o incha\u00e7o dos seus ligamentos, revela o meio de comunica\u00e7\u00e3o social. Segundo o ortopedista Francesco Bove, presidente da Funda\u00e7\u00e3o de Luta contra a Osteoartrite e a Osteoporose em It\u00e1lia, a osteoartrite do Papa resulta de uma opera\u00e7\u00e3o a que foi submetido em 1994 em Buenos Aires, quando lhe foi colocada uma pr\u00f3tese na anca direita. \u201cO h\u00e1bito de padres e freiras rezarem de joelhos pode ter agravado o seu caso\u201d, explica ele. O professor receia que \u201cse o tempo passar sem melhorar, ser\u00e1 necess\u00e1ria uma cirurgia\u201d. Especialmente quando se conhece o programa de viagens apost\u00f3licas em considera\u00e7\u00e3o a partir de Junho: L\u00edbano, Sul do Sud\u00e3o, Rep\u00fablica Democr\u00e1tica do Congo, Canad\u00e1 e Cazaquist\u00e3o.<\/p>\n<div class=\"nativo-inread\" style=\"text-align: justify;\"><\/div>\n<p style=\"text-align: justify;\"><a href=\"https:\/\/www.clarin.com\/mundo\/salud-papa-francisco-ordenan-dias-reposo-total-infiltran-rodilla-derecha_0_x8bybRTBJ4.html\" target=\"_blank\" rel=\"noreferrer noopener\"><em>Clarin<\/em><\/a>, espanhol<\/p>\n<hr class=\"wp-block-separator\" \/>\n<div class=\"wp-block-aleteia-heading3\" style=\"text-align: justify;\">\n<h3>4 \u2013 Freiras cat\u00f3licas afro-americanas: uma hist\u00f3ria fascinante h\u00e1 muito negligenciada<\/h3>\n<\/div>\n<p style=\"text-align: justify;\">Shannen Dee Williams, professora de hist\u00f3ria na Universidade de Dayton (EUA), passou catorze anos a pesquisar a hist\u00f3ria das freiras cat\u00f3licas negras na Am\u00e9rica. No seu livro \u201cH\u00e1bitos Subversivos\u201d, a ser publicado a 17 de Maio e descrito pela Associated Press como \u201cabrangente e convincente\u201d, ela tra\u00e7a a hist\u00f3ria e a experi\u00eancia desta comunidade. O principal argumento de Shannen Dee Williams, que faz no seu pref\u00e1cio, \u00e9 que a hist\u00f3ria de quase 200 anos destas freiras tem sido largamente ignorada ou apagada por aqueles que eram hostis ou ressentidos com a comunidade. Ao longo da sua investiga\u00e7\u00e3o, descobriu que muitas freiras negras estavam relutantes em partilhar detalhes das suas experi\u00eancias, tais como o racismo ou a discrimina\u00e7\u00e3o. Ela conta a hist\u00f3ria de ordens espec\u00edficas que ajudam jovens afro-americanos ou freiras pioneiras como a Irm\u00e3 Mary Antona Ebo, que lutaram pelo seu direito de voto. \u201cDurante demasiado tempo, estudiosos do passado americano, cat\u00f3lico e afro-americano declararam inconscientemente ou conscientemente \u2013 atrav\u00e9s de distor\u00e7\u00e3o, marginaliza\u00e7\u00e3o e apagamento total \u2013 que a hist\u00f3ria das freiras cat\u00f3licas afro-americanas n\u00e3o importa\u201d, escreve Shannen Dee Williams, que explica que o seu livro \u00e9 a prova de que a sua hist\u00f3ria \u201csempre foi importante\u201d.<\/p>\n<p style=\"text-align: justify;\"><a href=\"https:\/\/apnews.com\/article\/Black-Catholic-nuns-history-50a3322de1a7164ece5f47acb267e159\" target=\"_blank\" rel=\"noreferrer noopener\"><em>Assoc<\/em><\/a><em><a href=\"https:\/\/apnews.com\/article\/Black-Catholic-nuns-history-50a3322de1a7164ece5f47acb267e159\" target=\"_blank\" rel=\"noreferrer noopener\">i<\/a><\/em><a href=\"https:\/\/apnews.com\/article\/Black-Catholic-nuns-history-50a3322de1a7164ece5f47acb267e159\" target=\"_blank\" rel=\"noreferrer noopener\"><em>ated Press<\/em><\/a>, ingl\u00eas<\/p>\n<figure class=\"wp-block-embed is-type-rich is-provider-twitter wp-block-embed-twitter\" data-original=\"false\">\n<div class=\"wp-block-embed__wrapper\" style=\"text-align: justify;\">\n<div class=\"twitter-tweet twitter-tweet-rendered\"><iframe id=\"twitter-widget-0\" class=\"\" title=\"Twitter Tweet\" src=\"https:\/\/platform.twitter.com\/embed\/Tweet.html?creatorScreenName=aleteiapt&amp;dnt=true&amp;embedId=twitter-widget-0&amp;features=eyJ0ZndfZXhwZXJpbWVudHNfY29va2llX2V4cGlyYXRpb24iOnsiYnVja2V0IjoxMjA5NjAwLCJ2ZXJzaW9uIjpudWxsfSwidGZ3X3NwYWNlX2NhcmQiOnsiYnVja2V0Ijoib2ZmIiwidmVyc2lvbiI6bnVsbH19&amp;frame=false&amp;hideCard=false&amp;hideThread=false&amp;id=1520440616081108998&amp;lang=pt&amp;origin=https%3A%2F%2Fpt.aleteia.org%2F2022%2F05%2F03%2Fresenha-de-imprensa-o-papa-francisco-e-a-igreja-sinodal%2F&amp;sessionId=f2fa6039542e6f73268e31b236a5ac9e04eac25e&amp;siteScreenName=aleteiapt&amp;theme=light&amp;widgetsVersion=c8fe9736dd6fb%3A1649830956492&amp;width=550px\" frameborder=\"0\" scrolling=\"no\" allowfullscreen=\"allowfullscreen\" data-tweet-id=\"1520440616081108998\" data-mce-fragment=\"1\"><\/iframe><\/div>\n<p>&nbsp;<\/p>\n<\/div>\n<hr class=\"wp-block-separator\" \/>\n<div class=\"wp-block-aleteia-heading3\" style=\"text-align: justify;\">\n<h3>5 \u2013 Uma c\u00f3pia da \u201cWicked Bible\u201d que incita ao adult\u00e9rio encontrado na Nova Zel\u00e2ndia<\/h3>\n<\/div>\n<p style=\"text-align: justify;\">Uma c\u00f3pia de uma B\u00edblia extremamente rara, apelidada de \u201cWicked Bible\u201d, foi encontrada na Nova Zel\u00e2ndia, relata o di\u00e1rio brit\u00e2nico\u00a0<em>The Guardian<\/em>. Deve o seu apelido a um erro na sua impress\u00e3o em 1631, quando os impressores omitiram a palavra \u201cn\u00e3o\u201d para o s\u00e9timo mandamento, \u201cdizendo aos leitores \u2018cometer\u00e1s adult\u00e9rio&#8217;\u201d. Os dois impressores ingleses tiraram 1.000 c\u00f3pias das impressoras, mas depois de o erro ter sido descoberto foram convocados pelo Rei Carlos I e enviados a tribunal por este \u201cerro tipogr\u00e1fico escandaloso\u201d. Como resultado, perderam a sua licen\u00e7a de impress\u00e3o, foram multados pesadamente, e as c\u00f3pias existentes foram destru\u00eddas. No entanto, diz-se que ainda existem cerca de 20 exemplares em circula\u00e7\u00e3o que escaparam ao auto-da-f\u00e9. Hoje, a comunidade de historiadores ainda est\u00e1 a debater se o erro foi deliberado ou n\u00e3o\u2026 A hip\u00f3tese mais prov\u00e1vel \u00e9 que foi uma forma de reduzir os custos de impress\u00e3o muito elevados da \u00e9poca.<\/p>\n<p style=\"text-align: justify;\"><a href=\"https:\/\/www.theguardian.com\/world\/2022\/may\/02\/rare-wicked-bible-that-encourages-adultery-discovered-in-new-zealand\" target=\"_blank\" rel=\"noreferrer noopener\"><em>The Guardian<\/em><\/a><em>,<\/em>\u00a0ingl\u00eas<\/p>\n<\/figure>\n","protected":false},"excerpt":{"rendered":"<p>O essencial para voc\u00ea se manter informado. Todos os dias, Aleteia oferece uma sele\u00e7\u00e3o de artigos escritos pela imprensa internacional sobre a Igreja e as principais quest\u00f5es que preocupam os cat\u00f3licos em todo o mundo. As opini\u00f5es e pontos de vista expressos nestes artigos n\u00e3o s\u00e3o dos editores Ter\u00e7a-feira 3 de Maio de 2022 1 [&hellip;]<\/p>\n","protected":false},"author":1,"featured_media":73686,"comment_status":"open","ping_status":"closed","sticky":false,"template":"","format":"standard","meta":{"footnotes":""},"categories":[4],"tags":[],"class_list":["post-73685","post","type-post","status-publish","format-standard","has-post-thumbnail","hentry","category-cotidiano"],"_links":{"self":[{"href":"https:\/\/catolicanet.net\/wp-cnet\/wp-json\/wp\/v2\/posts\/73685","targetHints":{"allow":["GET"]}}],"collection":[{"href":"https:\/\/catolicanet.net\/wp-cnet\/wp-json\/wp\/v2\/posts"}],"about":[{"href":"https:\/\/catolicanet.net\/wp-cnet\/wp-json\/wp\/v2\/types\/post"}],"author":[{"embeddable":true,"href":"https:\/\/catolicanet.net\/wp-cnet\/wp-json\/wp\/v2\/users\/1"}],"replies":[{"embeddable":true,"href":"https:\/\/catolicanet.net\/wp-cnet\/wp-json\/wp\/v2\/comments?post=73685"}],"version-history":[{"count":1,"href":"https:\/\/catolicanet.net\/wp-cnet\/wp-json\/wp\/v2\/posts\/73685\/revisions"}],"predecessor-version":[{"id":73687,"href":"https:\/\/catolicanet.net\/wp-cnet\/wp-json\/wp\/v2\/posts\/73685\/revisions\/73687"}],"wp:featuredmedia":[{"embeddable":true,"href":"https:\/\/catolicanet.net\/wp-cnet\/wp-json\/wp\/v2\/media\/73686"}],"wp:attachment":[{"href":"https:\/\/catolicanet.net\/wp-cnet\/wp-json\/wp\/v2\/media?parent=73685"}],"wp:term":[{"taxonomy":"category","embeddable":true,"href":"https:\/\/catolicanet.net\/wp-cnet\/wp-json\/wp\/v2\/categories?post=73685"},{"taxonomy":"post_tag","embeddable":true,"href":"https:\/\/catolicanet.net\/wp-cnet\/wp-json\/wp\/v2\/tags?post=73685"}],"curies":[{"name":"wp","href":"https:\/\/api.w.org\/{rel}","templated":true}]}}