{"id":73661,"date":"2022-05-03T09:25:34","date_gmt":"2022-05-03T12:25:34","guid":{"rendered":"https:\/\/catolicanet.net\/wp-cnet\/?p=73661"},"modified":"2022-05-03T13:29:48","modified_gmt":"2022-05-03T16:29:48","slug":"papa-pede-aos-jovens-que-sigam-maria-na-escuta-coragem-e-servico","status":"publish","type":"post","link":"https:\/\/catolicanet.net\/wp-cnet\/papa-pede-aos-jovens-que-sigam-maria-na-escuta-coragem-e-servico\/","title":{"rendered":"Papa pede aos jovens que sigam Maria na escuta, coragem e servi\u00e7o"},"content":{"rendered":"<div class=\"article__subTitle\" style=\"text-align: justify;\">Na inten\u00e7\u00e3o de ora\u00e7\u00e3o para maio, m\u00eas especialmente dedicado \u00e0 devo\u00e7\u00e3o mariana, o Papa Francisco encoraja os jovens a ouvir como a Virgem Maria e a escutar as palavras dos av\u00f3s. Na mensagem, o Pont\u00edfice tamb\u00e9m faz um apelo \u00e0 coragem de se entregar ao servi\u00e7o dos outros.<\/div>\n<div class=\"title__separator\" style=\"text-align: justify;\"><\/div>\n<div class=\"article__text \">\n<div style=\"text-align: justify;\">\n<div class=\"article__embed article__embed--unwrap article__embed--dark\">\n<div class=\"article__innerTitle\">Ou\u00e7a a reportagem com a voz do Papa e compartilhe<\/div>\n<div>\n<!--[if lt IE 9]><script>document.createElement('audio');<\/script><![endif]-->\n<audio class=\"wp-audio-shortcode\" id=\"audio-73661-1\" preload=\"none\" style=\"width: 100%;\" controls=\"controls\"><source type=\"audio\/mpeg\" src=\"https:\/\/media.vaticannews.va\/media\/audio\/s1\/2022\/05\/03\/16\/136551994_F136551994.mp3?_=1\" \/><a href=\"https:\/\/media.vaticannews.va\/media\/audio\/s1\/2022\/05\/03\/16\/136551994_F136551994.mp3\">https:\/\/media.vaticannews.va\/media\/audio\/s1\/2022\/05\/03\/16\/136551994_F136551994.mp3<\/a><\/audio>\n<\/div>\n<\/div>\n<\/div>\n<p style=\"text-align: justify;\"><b>Andressa Collet \u2013 Vatican News<\/b><\/p>\n<p><iframe loading=\"lazy\" title=\"MAIO: PELA F\u00c9 DOS JOVENS\" width=\"696\" height=\"392\" src=\"https:\/\/www.youtube.com\/embed\/mSWedsLqBD8?feature=oembed\" frameborder=\"0\" allow=\"accelerometer; autoplay; clipboard-write; encrypted-media; gyroscope; picture-in-picture\" allowfullscreen><\/iframe><\/p>\n<p style=\"text-align: justify;\"><b>\u201cAo falar sobre a fam\u00edlia, quero come\u00e7ar por me dirigir primeiro aos jovens\u201d<\/b>, inicia Francisco na mensagem em v\u00eddeo do m\u00eas de maio com a inten\u00e7\u00e3o de ora\u00e7\u00e3o que o Pont\u00edfice confia \u00e0 Igreja Cat\u00f3lica atrav\u00e9s da Rede Mundial de Ora\u00e7\u00e3o do Papa. Ele pede para rezar pela f\u00e9 dos jovens e cita Maria como modelo para poder se identificar na \u201ccoragem, escuta e dedica\u00e7\u00e3o ao servi\u00e7o\u201d:<\/p>\n<div style=\"text-align: justify;\">\n<div class=\"article__embed article__embed--border embed_style\">\n<blockquote><p>\u201cEla foi corajosa e determinada em dizer \u2018sim\u2019 ao Senhor. Voc\u00eas, os jovens que querem construir algo novo, um mundo melhor, sigam o seu exemplo, arrisquem-se. N\u00e3o se esque\u00e7am que para seguir Maria precisam discernir e descobrir o que Jesus quer de voc\u00eas, e n\u00e3o o que voc\u00eas pensam que podem fazer.\u201d<\/p><\/blockquote>\n<\/div>\n<\/div>\n<h2 style=\"text-align: justify;\">A import\u00e2ncia de ouvir os av\u00f3s<\/h2>\n<p style=\"text-align: justify;\">E, nesse discernimento, alerta o Papa, al\u00e9m do exemplo de Maria, \u201c\u00e9 muito \u00fatil escutar as palavras dos av\u00f3s\u201d. Francisco novamente fala da import\u00e2ncia em encontrar na mensagem dos av\u00f3s \u201cuma sabedoria\u201d que ir\u00e1 levar os jovens para quest\u00f5es que v\u00e3o al\u00e9m do momento atual, dando \u201cuma vis\u00e3o geral das preocupa\u00e7\u00f5es\u201d.<\/p>\n<p style=\"text-align: justify;\">No entanto, os jovens tamb\u00e9m precisam ser mais escutados. &#8220;Precisamos criar mais espa\u00e7os onde a voz dos jovens possa ser ouvida&#8221;, Francisco escreve na exorta\u00e7\u00e3o\u00a0<i>Christus vivit<\/i>. Esse pedido do Pont\u00edfice j\u00e1 foi acolhido em 2019 pelo Dicast\u00e9rio para os Leigos, a Fam\u00edlia e a Vida, ao criar um organismo internacional para representar os jovens a fim de encorajar a participa\u00e7\u00e3o e a corresponsabilidade nas Igrejas particulares. E \u00e9 precisamente em colabora\u00e7\u00e3o com esse dicast\u00e9rio que o V\u00eddeo do Papa de maio foi produzido: o primeiro de uma s\u00e9rie de tr\u00eas, com inten\u00e7\u00f5es de ora\u00e7\u00e3o que ser\u00e3o dedicadas \u00e0 fam\u00edlia, em junho, e aos idosos, em julho.<\/p>\n<h2 style=\"text-align: justify;\">Maria e a JMJ Lisboa<\/h2>\n<p style=\"text-align: justify;\">O exemplo de Maria para os jovens, indicado pelo Papa Francisco no v\u00eddeo, \u00e9 sublinhado pelo Padre Jo\u00e3o Chagas, respons\u00e1vel pelo Setor Jovens do Dicast\u00e9rio para os Leigos, Fam\u00edlia e Vida, ao lembrar que &#8220;o tema da pr\u00f3xima Jornada Mundial da Juventude, a JMJ Lisboa 2023, ser\u00e1 mariano: &#8216;Maria levantou-se e partiu apressadamente&#8217; (Lc 1, 39). Toda a viagem de prepara\u00e7\u00e3o para este evento \u00e9 um convite aos jovens para se erguerem e ajudarem o mundo a faz\u00ea-lo. Na sua \u00faltima mensagem aos jovens, o Santo Padre fez o seguinte convite: \u2018ajudemo-nos mutuamente a erguer-nos juntos, e neste momento hist\u00f3rico dif\u00edcil seremos profetas de novos tempos, cheios de esperan\u00e7a. Que a Virgem Maria interceda por n\u00f3s\u2019 (Papa Francisco, Mensagem para a XXXVI JMJ)&#8221;.<\/p>\n<p style=\"text-align: justify;\">O Pe. Fr\u00e9d\u00e9ric Fornos, diretor internacional da\u00a0<a href=\"https:\/\/www.popesprayer.va\/pt-pt\/\" rel=\"external\"><b>Rede Mundial de Ora\u00e7\u00e3o do Papa<\/b><\/a>, obra pontif\u00edcia que conta com uma se\u00e7\u00e3o juvenil, o Movimento Eucar\u00edstico Jovem, recordou que desde o in\u00edcio do seu pontificado, o Papa Francisco tem sublinhado a import\u00e2ncia de um novo entendimento entre as gera\u00e7\u00f5es, em particular entre av\u00f3s e netos. Ele comentou: &#8220;N\u00e3o \u00e9 por acaso que Francisco gosta frequentemente de recordar o profeta Joel: &#8216;Depois disto, derramarei o meu esp\u00edrito sobre cada homem, e os vossos filhos e as vossas filhas tornar-se-\u00e3o profetas; os vossos anci\u00e3os ter\u00e3o sonhos, os vossos jovens ter\u00e3o vis\u00f5es&#8217; (Joel 3,1; cf. Atos 2,17). Com a inten\u00e7\u00e3o de ora\u00e7\u00e3o deste m\u00eas, no contexto do processo sinodal, o Papa Francisco lan\u00e7a luz sobre a forma\u00e7\u00e3o dos jovens no discernimento: como podemos ajudar os jovens, seguindo o estilo de Maria, a ouvir, a discernir, a reconhecer os apelos do Senhor e a servir no mundo de hoje? Este \u00e9 certamente o papel dos idosos, que podem ajudar os jovens nesta tarefa. Rezemos juntos por esta inten\u00e7\u00e3o de ora\u00e7\u00e3o\u201d, como exorta o Papa:<\/p>\n<div>\n<div class=\"article__embed article__embed--border embed_style\">\n<blockquote><p>\u201cRezemos, irm\u00e3s e irm\u00e3os, para que os jovens, chamados a uma vida plena, descubram em Maria o estilo de escuta, a profundidade do discernimento, a coragem da f\u00e9 e a dedica\u00e7\u00e3o ao servi\u00e7o.\u201d<\/p><\/blockquote>\n<\/div>\n<\/div>\n<\/div>\n","protected":false},"excerpt":{"rendered":"<p>Na inten\u00e7\u00e3o de ora\u00e7\u00e3o para maio, m\u00eas especialmente dedicado \u00e0 devo\u00e7\u00e3o mariana, o Papa Francisco encoraja os jovens a ouvir como a Virgem Maria e a escutar as palavras dos av\u00f3s. Na mensagem, o Pont\u00edfice tamb\u00e9m faz um apelo \u00e0 coragem de se entregar ao servi\u00e7o dos outros. Ou\u00e7a a reportagem com a voz do [&hellip;]<\/p>\n","protected":false},"author":1,"featured_media":73662,"comment_status":"open","ping_status":"closed","sticky":false,"template":"","format":"standard","meta":{"footnotes":""},"categories":[13,3],"tags":[],"class_list":["post-73661","post","type-post","status-publish","format-standard","has-post-thumbnail","hentry","category-featured","category-vaticano"],"_links":{"self":[{"href":"https:\/\/catolicanet.net\/wp-cnet\/wp-json\/wp\/v2\/posts\/73661","targetHints":{"allow":["GET"]}}],"collection":[{"href":"https:\/\/catolicanet.net\/wp-cnet\/wp-json\/wp\/v2\/posts"}],"about":[{"href":"https:\/\/catolicanet.net\/wp-cnet\/wp-json\/wp\/v2\/types\/post"}],"author":[{"embeddable":true,"href":"https:\/\/catolicanet.net\/wp-cnet\/wp-json\/wp\/v2\/users\/1"}],"replies":[{"embeddable":true,"href":"https:\/\/catolicanet.net\/wp-cnet\/wp-json\/wp\/v2\/comments?post=73661"}],"version-history":[{"count":1,"href":"https:\/\/catolicanet.net\/wp-cnet\/wp-json\/wp\/v2\/posts\/73661\/revisions"}],"predecessor-version":[{"id":73663,"href":"https:\/\/catolicanet.net\/wp-cnet\/wp-json\/wp\/v2\/posts\/73661\/revisions\/73663"}],"wp:featuredmedia":[{"embeddable":true,"href":"https:\/\/catolicanet.net\/wp-cnet\/wp-json\/wp\/v2\/media\/73662"}],"wp:attachment":[{"href":"https:\/\/catolicanet.net\/wp-cnet\/wp-json\/wp\/v2\/media?parent=73661"}],"wp:term":[{"taxonomy":"category","embeddable":true,"href":"https:\/\/catolicanet.net\/wp-cnet\/wp-json\/wp\/v2\/categories?post=73661"},{"taxonomy":"post_tag","embeddable":true,"href":"https:\/\/catolicanet.net\/wp-cnet\/wp-json\/wp\/v2\/tags?post=73661"}],"curies":[{"name":"wp","href":"https:\/\/api.w.org\/{rel}","templated":true}]}}