{"id":73613,"date":"2022-04-22T09:12:42","date_gmt":"2022-04-22T12:12:42","guid":{"rendered":"https:\/\/catolicanet.net\/wp-cnet\/?p=73613"},"modified":"2022-04-27T15:13:47","modified_gmt":"2022-04-27T18:13:47","slug":"o-caminho-de-emaus-2","status":"publish","type":"post","link":"https:\/\/catolicanet.net\/wp-cnet\/o-caminho-de-emaus-2\/","title":{"rendered":"O caminho de Ema\u00fas"},"content":{"rendered":"<p style=\"text-align: justify;\">Somos convidados, neste tempo de P\u00e1scoa, a reconhecer e seguir o Senhor ressuscitado, desejosos de um conv\u00edvio fraterno, com solid\u00e1ria partilha. Ele quer ser presen\u00e7a no nosso meio e quer caminhar com a humanidade, quer revelar o sentido misterioso de sua vida, morto e ressuscitado, de modo especial nas situa\u00e7\u00f5es exigentes e dif\u00edceis. Numa compara\u00e7\u00e3o com os disc\u00edpulos de Ema\u00fas, muitas vezes ficamos desiludidos e perplexos, tristes e desanimados, como se a vida n\u00e3o tivesse mais sentido. Cristo, um an\u00f4nimo e estranho companheiro, se torna amigo de caminhada. Sua presen\u00e7a causou no cora\u00e7\u00e3o deles algo diferente, t\u00e3o forte, a ponto de provocar neles uma mudan\u00e7a radical de vida!<\/p>\n<p style=\"text-align: justify;\">A ressurrei\u00e7\u00e3o \u00e9 a grande verdade que deve mexer com a nossa vida, assim como aconteceu com as comunidades no in\u00edcio do cristianismo. \u00c9 uma m\u00edstica que invade toda a nossa exist\u00eancia, ao mesmo tempo em que se renova a nossa esperan\u00e7a, trazendo para n\u00f3s um novo sentido. Estejamos certos de que, pela gra\u00e7a do Ressuscitado, experimentamos a certeza da plenitude em Deus, dom maior da vida humana. O Evangelho dos disc\u00edpulos de Ema\u00fas tem a sua parte central na explica\u00e7\u00e3o das Escrituras e no an\u00fancio da ressurrei\u00e7\u00e3o, pelo pr\u00f3prio Jesus, que se tornou nosso irm\u00e3o, ao revelar seu projeto para a criatura humana.<\/p>\n<p style=\"text-align: justify;\">Ao ficar conosco, Jesus \u00e9 aquele que comunica e partilha a vida. Constantemente, est\u00e1 do nosso lado, nas alegrias, nas tristezas e nos desafios da vida, amando cada pessoa, com amor eterno, na sua miss\u00e3o redentora. O Filho de Deus desceu do c\u00e9u e veio morar entre n\u00f3s, ao revelar a vontade do Pai, estabelecendo-se no meio da humanidade, e n\u00e3o quer s\u00f3 conversar conosco, mas demonstrar toda a for\u00e7a de seu amor infinito, oferecendo-nos sua amizade e dando-nos sua vida pela nossa realiza\u00e7\u00e3o plena: a salva\u00e7\u00e3o.<\/p>\n<p style=\"text-align: justify;\">Os dois disc\u00edpulos sentiram a necessidade de retornar para junto dos outros e contar a maravilhosa novidade: \u201cO Senhor est\u00e1 vivo! N\u00f3s o vimos! Ele nos falou das Escrituras e comeu o p\u00e3o conosco. Nosso cora\u00e7\u00e3o ardia pelo caminho\u201d (cf. Lc 24,13-35). O cora\u00e7\u00e3o deles ardia, consumia-se em chamas e inflamava-se de amor, porque ele \u00e9 eterno e nele est\u00e1 o sentido da vida, causando neles profundas motiva\u00e7\u00f5es. Jesus ressuscitou, e os disc\u00edpulos reconheceram quando ele partiu o p\u00e3o. Hoje, o Ressuscitado quer ficar conosco, abrir nossos olhos, ficar no nosso meio e caminhar com o seu povo.<\/p>\n<p style=\"text-align: justify;\">Ema\u00fas hoje \u00e9 a nossa comunidade, \u00e9 o nosso dia a dia. Embora, muitas vezes n\u00e3o reconhecemos Jesus nos caminhos da nossa vida e n\u00e3o acreditamos que est\u00e1 ao nosso lado; tamb\u00e9m n\u00e3o acreditamos que ressuscitou de verdade. \u00c9 indispens\u00e1vel um profundo desejo de encontr\u00e1-lo, num contexto de des\u00e2nimo, semelhante ao percurso dos mesmos disc\u00edpulos de Ema\u00fas: falar com o Senhor ressuscitado, ouvi-lo, \u00e9 maravilhoso!<\/p>\n<p style=\"text-align: justify;\">Que possamos pronunciar esta palavra sagrada: \u201cVerdadeiramente o Senhor ressuscitou!\u201d. Ele quer ser consolo para nossas vidas, for\u00e7a nas nossas dificuldades, luz a iluminar nossos caminhos e, sobretudo, abrir nossos olhos e fazer arder nossos cora\u00e7\u00f5es. Tamb\u00e9m \u00e9 nosso o ardente desejo do encontro com o Senhor ressuscitado, n\u00e3o nos cansando de dizer: \u201cFica conosco, Senhor!\u201d.<\/p>\n","protected":false},"excerpt":{"rendered":"<p>Somos convidados, neste tempo de P\u00e1scoa, a reconhecer e seguir o Senhor ressuscitado, desejosos de um conv\u00edvio fraterno, com solid\u00e1ria partilha. Ele quer ser presen\u00e7a no nosso meio e quer caminhar com a humanidade, quer revelar o sentido misterioso de sua vida, morto e ressuscitado, de modo especial nas situa\u00e7\u00f5es exigentes e dif\u00edceis. Numa compara\u00e7\u00e3o [&hellip;]<\/p>\n","protected":false},"author":6,"featured_media":55824,"comment_status":"open","ping_status":"closed","sticky":false,"template":"","format":"standard","meta":{"footnotes":""},"categories":[9],"tags":[],"class_list":["post-73613","post","type-post","status-publish","format-standard","has-post-thumbnail","hentry","category-artigos"],"_links":{"self":[{"href":"https:\/\/catolicanet.net\/wp-cnet\/wp-json\/wp\/v2\/posts\/73613","targetHints":{"allow":["GET"]}}],"collection":[{"href":"https:\/\/catolicanet.net\/wp-cnet\/wp-json\/wp\/v2\/posts"}],"about":[{"href":"https:\/\/catolicanet.net\/wp-cnet\/wp-json\/wp\/v2\/types\/post"}],"author":[{"embeddable":true,"href":"https:\/\/catolicanet.net\/wp-cnet\/wp-json\/wp\/v2\/users\/6"}],"replies":[{"embeddable":true,"href":"https:\/\/catolicanet.net\/wp-cnet\/wp-json\/wp\/v2\/comments?post=73613"}],"version-history":[{"count":1,"href":"https:\/\/catolicanet.net\/wp-cnet\/wp-json\/wp\/v2\/posts\/73613\/revisions"}],"predecessor-version":[{"id":73614,"href":"https:\/\/catolicanet.net\/wp-cnet\/wp-json\/wp\/v2\/posts\/73613\/revisions\/73614"}],"wp:featuredmedia":[{"embeddable":true,"href":"https:\/\/catolicanet.net\/wp-cnet\/wp-json\/wp\/v2\/media\/55824"}],"wp:attachment":[{"href":"https:\/\/catolicanet.net\/wp-cnet\/wp-json\/wp\/v2\/media?parent=73613"}],"wp:term":[{"taxonomy":"category","embeddable":true,"href":"https:\/\/catolicanet.net\/wp-cnet\/wp-json\/wp\/v2\/categories?post=73613"},{"taxonomy":"post_tag","embeddable":true,"href":"https:\/\/catolicanet.net\/wp-cnet\/wp-json\/wp\/v2\/tags?post=73613"}],"curies":[{"name":"wp","href":"https:\/\/api.w.org\/{rel}","templated":true}]}}