{"id":73601,"date":"2022-04-24T09:04:55","date_gmt":"2022-04-24T12:04:55","guid":{"rendered":"https:\/\/catolicanet.net\/wp-cnet\/?p=73601"},"modified":"2022-04-27T15:05:54","modified_gmt":"2022-04-27T18:05:54","slug":"ressurreicao-do-senhor","status":"publish","type":"post","link":"https:\/\/catolicanet.net\/wp-cnet\/ressurreicao-do-senhor\/","title":{"rendered":"Ressurrei\u00e7\u00e3o do Senhor"},"content":{"rendered":"<p style=\"text-align: justify;\">A Ressurrei\u00e7\u00e3o de Jesus est\u00e1 no centro da doutrina da f\u00e9 e da teologia crist\u00e3, inclusive fazendo parte da profiss\u00e3o de f\u00e9, do Credo, quando ali proclamamos: \u201cRessuscitou dos mortos ao terceiro dia, conforme as Escrituras\u201d. Compreendemos ent\u00e3o que ap\u00f3s a morte na cruz, na sexta-feira da semana santa, no domingo, Jesus voltou \u00e0 vida e se manifestou aos ap\u00f3stolos e aos disc\u00edpulos.<\/p>\n<p style=\"text-align: justify;\">Ap\u00f3s a morte na cruz, Jesus \u00e9 ungido e sepultado, colocado num t\u00famulo novo, oferecido por Jos\u00e9 de Arimateia. Durante quarenta dias ele apareceu aos seus primeiros seguidores, em in\u00fameras ocasi\u00f5es, antes de voltar para a casa do Pai. Esse fato \u00e9 celebrado pelos crist\u00e3os, em todos os tempos, no Domingo da P\u00e1scoa, que corresponde, mais ou menos, a P\u00e1scoa dos Judeus.<\/p>\n<p style=\"text-align: justify;\">A f\u00e9 dos crist\u00e3os \u00e9 consolidada, tendo como base o fato da ressurrei\u00e7\u00e3o do Senhor. Talvez at\u00e9 pud\u00e9ssemos pensar que isso significa realiza\u00e7\u00e3o da plenitude da Alian\u00e7a travada entre Jav\u00e9 e Abra\u00e3o, l\u00e1 no Antigo Testamento. Deus vem ao encontro das pessoas para lev\u00e1-las ao encontro com Ele. Na Ressurrei\u00e7\u00e3o acontece a realiza\u00e7\u00e3o do plano de Deus, salvar a humanidade.<\/p>\n<p style=\"text-align: justify;\">\u00a0A historicidade da ressurrei\u00e7\u00e3o \u00e9 contestada por estudiosos, mas sem fundamenta\u00e7\u00e3o concreta nos princ\u00edpios da f\u00e9. Ali est\u00e1 a motiva\u00e7\u00e3o da f\u00e9 dos crist\u00e3os, para o crer e trabalhar no processo de liberta\u00e7\u00e3o, que nada mais \u00e9 do que caminho de salva\u00e7\u00e3o em Deus. \u00a0Ressuscita todo aquele que persevera na esperan\u00e7a e transforma suas fraquezas e neglig\u00eancias em experi\u00eancia de vida.<\/p>\n<p style=\"text-align: justify;\">A nova cultura precisa ressuscitar de suas cinzas, de suas fraquezas, para superar as pr\u00e1ticas de mortes violentas e do pavor provocado pelo medo generalizado acontecido com tanta frequ\u00eancia na atualidade. Deixamos de ser humanos e fraternos com as a\u00e7\u00f5es constantes de desumanidade. Com isto, as consequ\u00eancias s\u00e3o de infelicidade, tornando a vida cada vez mais dif\u00edcil e irrealizada.<\/p>\n<p style=\"text-align: justify;\">Ainda \u00e9 tempo de desejar uma Feliz e Santa P\u00e1scoa. Como \u00e9 bom viver a harmonia, a conviv\u00eancia e o respeito m\u00fatuo. A inten\u00e7\u00e3o da ressurrei\u00e7\u00e3o de Jesus Cristo, feito de modo obediente e consciente diante da permiss\u00e3o do Pai era para valorizar o sentido da vida e do bom relacionamento na humanidade. Ainda h\u00e1 muito tempo para a recupera\u00e7\u00e3o da dignidade da pessoa humana, imagem do Criador.<\/p>\n","protected":false},"excerpt":{"rendered":"<p>A Ressurrei\u00e7\u00e3o de Jesus est\u00e1 no centro da doutrina da f\u00e9 e da teologia crist\u00e3, inclusive fazendo parte da profiss\u00e3o de f\u00e9, do Credo, quando ali proclamamos: \u201cRessuscitou dos mortos ao terceiro dia, conforme as Escrituras\u201d. Compreendemos ent\u00e3o que ap\u00f3s a morte na cruz, na sexta-feira da semana santa, no domingo, Jesus voltou \u00e0 vida [&hellip;]<\/p>\n","protected":false},"author":11,"featured_media":55820,"comment_status":"open","ping_status":"closed","sticky":false,"template":"","format":"standard","meta":{"footnotes":""},"categories":[9],"tags":[],"class_list":["post-73601","post","type-post","status-publish","format-standard","has-post-thumbnail","hentry","category-artigos"],"_links":{"self":[{"href":"https:\/\/catolicanet.net\/wp-cnet\/wp-json\/wp\/v2\/posts\/73601","targetHints":{"allow":["GET"]}}],"collection":[{"href":"https:\/\/catolicanet.net\/wp-cnet\/wp-json\/wp\/v2\/posts"}],"about":[{"href":"https:\/\/catolicanet.net\/wp-cnet\/wp-json\/wp\/v2\/types\/post"}],"author":[{"embeddable":true,"href":"https:\/\/catolicanet.net\/wp-cnet\/wp-json\/wp\/v2\/users\/11"}],"replies":[{"embeddable":true,"href":"https:\/\/catolicanet.net\/wp-cnet\/wp-json\/wp\/v2\/comments?post=73601"}],"version-history":[{"count":1,"href":"https:\/\/catolicanet.net\/wp-cnet\/wp-json\/wp\/v2\/posts\/73601\/revisions"}],"predecessor-version":[{"id":73602,"href":"https:\/\/catolicanet.net\/wp-cnet\/wp-json\/wp\/v2\/posts\/73601\/revisions\/73602"}],"wp:featuredmedia":[{"embeddable":true,"href":"https:\/\/catolicanet.net\/wp-cnet\/wp-json\/wp\/v2\/media\/55820"}],"wp:attachment":[{"href":"https:\/\/catolicanet.net\/wp-cnet\/wp-json\/wp\/v2\/media?parent=73601"}],"wp:term":[{"taxonomy":"category","embeddable":true,"href":"https:\/\/catolicanet.net\/wp-cnet\/wp-json\/wp\/v2\/categories?post=73601"},{"taxonomy":"post_tag","embeddable":true,"href":"https:\/\/catolicanet.net\/wp-cnet\/wp-json\/wp\/v2\/tags?post=73601"}],"curies":[{"name":"wp","href":"https:\/\/api.w.org\/{rel}","templated":true}]}}