{"id":73593,"date":"2022-04-30T09:56:15","date_gmt":"2022-04-30T12:56:15","guid":{"rendered":"https:\/\/catolicanet.net\/wp-cnet\/?p=73593"},"modified":"2022-04-27T14:58:50","modified_gmt":"2022-04-27T17:58:50","slug":"terceiro-domingo-da-pascoa-01-05-2022","status":"publish","type":"post","link":"https:\/\/catolicanet.net\/wp-cnet\/terceiro-domingo-da-pascoa-01-05-2022\/","title":{"rendered":"Terceiro Domingo da P\u00e1scoa: 01\/05\/2022"},"content":{"rendered":"<p style=\"text-align: center;\"><strong>Quem \u00e9s tu? \u201c\u00c9 o Senhor\u201d, afirmou Jo\u00e3o. (Jo 21,7)<\/strong><\/p>\n<p style=\"text-align: justify;\">1\u00b0 Quem, n\u00e3o descobriu o sentido da ressurei\u00e7\u00e3o de Cristo, n\u00e3o persevera, no Seu seguimento. Volta atr\u00e1s. Desiste. N\u00e3o aguenta. Foi isso, que os disc\u00edpulos demostraram. Seguiram Cristo encarnado: o Salvador. No entanto, escandalizaram-se com o Cristo, carregando a cruz. Isso era inaceit\u00e1vel para eles. Voltaram atr\u00e1s, ou seja, \u00e0 vida de pescadores. E hoje? Acontece, mais ou menos a mesma coisa. Quem n\u00e3o fizer a experi\u00eancia do Cristo ressuscitado, de Pentecostes e da Eucaristia n\u00e3o persevera. Volta atr\u00e1s. N\u00e3o \u00e9 o que constatamos?<\/p>\n<p style=\"text-align: justify;\">2\u00b0 Pedro era certamente um l\u00edder nato, mas fraco na f\u00e9 e no amor. Era bom pescador, contudo covarde, enquanto disc\u00edpulo. Desanimou. Devia tornar-se, pescador de homens, mas com a decep\u00e7\u00e3o da crucifica\u00e7\u00e3o de Cristo, preferiu voltar ao lago. Logo. Levando consigo, outros. Eram ent\u00e3o sete. Antes havia fugido, agora desanimado. Hoje, \u00e9 muito diferente?<\/p>\n<p style=\"text-align: justify;\">3\u00b0 Sem amor a Cristo, todo trabalho \u00e9 cansativo, decepcionante. Os disc\u00edpulos, que conheciam muito bem o lago de Tiber\u00edades e pensavam pegar muitos peixes, nada pescaram naquela noite. Fracasso total. Era Noite? Certamente, mais na alma dos ap\u00f3stolos, que por causa da escurid\u00e3o do lago. Contudo, obedecendo a Cristo, que mandou lan\u00e7ar as redes, do outro lado, tudo mudou. Foi tanto peixe pescado \u2013 153 \u2013(Jo 21,11) que acordaram, existencialmente: \u00e9 o Mestre.<\/p>\n<p style=\"text-align: justify;\">4\u00b0 \u00c9 o Senhor: disse Jo\u00e3o. Quem ama, reconhece: o amado (Jo 21,7). Quem n\u00e3o, se envergonha, como Pedro. Ele estava nu. Pergunto espiritual ou somente corporalmente. Jogou-se nas \u00e1guas. Queria desaparecer. De fato, nadar ele sabia muito bem. Na \u00e1gua, ele se superava. Temos, ainda hoje, bons nadadores, mas nos faltam indiscutivelmente, disc\u00edpulos para o Mestre.<\/p>\n<p style=\"text-align: justify;\">5\u00b0 Dia mundial do trabalho. 5.1 Parab\u00e9ns, trabalhadores: hoje \u00e9 vosso dia. O Brasil conta convosco. Sem vosso trabalho, a P\u00e1tria haveria de parar. Com vossa ingente atividade, alimentais o mundo e com vosso aporte, no setor industrial, ajudais a crescer nossa produ\u00e7\u00e3o de manufaturados. 5.2 Em tempo. Lembro, ainda, o m\u00eas de maio: Maria. Maria: m\u00e3e. Obrigado a todas as m\u00e3es. Parab\u00e9ns de todos os filhos. Possa Deus vos conceder vida longa, com sa\u00fade e alegria. V\u00f3s o mereceis.<\/p>\n<p>&nbsp;<\/p>\n<p>&nbsp;<\/p>\n<p style=\"text-align: center;\"><strong>+ Dom Carmo Jo\u00e3o Rhoden \u2013 SCJ<\/strong><\/p>\n<p style=\"text-align: center;\"><strong>Bispo Em\u00e9rito de Taubat\u00e9 \u2013SP<\/strong><\/p>\n<p style=\"text-align: center;\"><strong>Presidente da Pr\u00f3 Sa\u00fade.<\/strong><\/p>\n","protected":false},"excerpt":{"rendered":"<p>Quem \u00e9s tu? \u201c\u00c9 o Senhor\u201d, afirmou Jo\u00e3o. (Jo 21,7) 1\u00b0 Quem, n\u00e3o descobriu o sentido da ressurei\u00e7\u00e3o de Cristo, n\u00e3o persevera, no Seu seguimento. Volta atr\u00e1s. Desiste. N\u00e3o aguenta. Foi isso, que os disc\u00edpulos demostraram. Seguiram Cristo encarnado: o Salvador. No entanto, escandalizaram-se com o Cristo, carregando a cruz. Isso era inaceit\u00e1vel para eles. [&hellip;]<\/p>\n","protected":false},"author":1,"featured_media":55814,"comment_status":"open","ping_status":"closed","sticky":false,"template":"","format":"standard","meta":{"footnotes":""},"categories":[9],"tags":[],"class_list":["post-73593","post","type-post","status-publish","format-standard","has-post-thumbnail","hentry","category-artigos"],"_links":{"self":[{"href":"https:\/\/catolicanet.net\/wp-cnet\/wp-json\/wp\/v2\/posts\/73593","targetHints":{"allow":["GET"]}}],"collection":[{"href":"https:\/\/catolicanet.net\/wp-cnet\/wp-json\/wp\/v2\/posts"}],"about":[{"href":"https:\/\/catolicanet.net\/wp-cnet\/wp-json\/wp\/v2\/types\/post"}],"author":[{"embeddable":true,"href":"https:\/\/catolicanet.net\/wp-cnet\/wp-json\/wp\/v2\/users\/1"}],"replies":[{"embeddable":true,"href":"https:\/\/catolicanet.net\/wp-cnet\/wp-json\/wp\/v2\/comments?post=73593"}],"version-history":[{"count":1,"href":"https:\/\/catolicanet.net\/wp-cnet\/wp-json\/wp\/v2\/posts\/73593\/revisions"}],"predecessor-version":[{"id":73594,"href":"https:\/\/catolicanet.net\/wp-cnet\/wp-json\/wp\/v2\/posts\/73593\/revisions\/73594"}],"wp:featuredmedia":[{"embeddable":true,"href":"https:\/\/catolicanet.net\/wp-cnet\/wp-json\/wp\/v2\/media\/55814"}],"wp:attachment":[{"href":"https:\/\/catolicanet.net\/wp-cnet\/wp-json\/wp\/v2\/media?parent=73593"}],"wp:term":[{"taxonomy":"category","embeddable":true,"href":"https:\/\/catolicanet.net\/wp-cnet\/wp-json\/wp\/v2\/categories?post=73593"},{"taxonomy":"post_tag","embeddable":true,"href":"https:\/\/catolicanet.net\/wp-cnet\/wp-json\/wp\/v2\/tags?post=73593"}],"curies":[{"name":"wp","href":"https:\/\/api.w.org\/{rel}","templated":true}]}}