{"id":73581,"date":"2022-04-27T09:42:45","date_gmt":"2022-04-27T12:42:45","guid":{"rendered":"https:\/\/catolicanet.net\/wp-cnet\/?p=73581"},"modified":"2022-04-27T14:46:01","modified_gmt":"2022-04-27T17:46:01","slug":"dom-roque-paloschi-presidente-do-cimi-fala-dos-50-anos-do-organismo-e-presenca-da-igreja-em-meio-aos-povos-indigenas-do-brasil","status":"publish","type":"post","link":"https:\/\/catolicanet.net\/wp-cnet\/dom-roque-paloschi-presidente-do-cimi-fala-dos-50-anos-do-organismo-e-presenca-da-igreja-em-meio-aos-povos-indigenas-do-brasil\/","title":{"rendered":"DOM ROQUE PALOSCHI, PRESIDENTE DO CIMI, FALA DOS 50 ANOS DO ORGANISMO E PRESEN\u00c7A DA IGREJA EM MEIO AOS POVOS IND\u00cdGENAS DO BRASIL"},"content":{"rendered":"<p style=\"text-align: justify;\"><em>Por ocasi\u00e3o do 50\u00ba anivers\u00e1rio do Conselho Indigenista Mission\u00e1rio (CIMI), celebrado no \u00faltimo dia 23 de abril de 2022, o seu\u00a0 presidente, tamb\u00e9m membro da Diretoria da Rede Eclesial Pan-Amaz\u00f4nica e arcebispo de Porto Velho-RO, dom Roque Paloschi, falou sobre a import\u00e2ncia da data, os avan\u00e7os e os apelos para este organismo da Igreja que atua em favor da causa ind\u00edgena no Brasil.<\/em><\/p>\n<figure id=\"attachment_868308\" class=\"wp-caption alignright\" style=\"text-align: justify;\" aria-describedby=\"caption-attachment-868308\"><img loading=\"lazy\" decoding=\"async\" class=\"wp-image-868308 size-medium lazyloaded\" src=\"https:\/\/eadn-wc02-718006.nxedge.io\/cdn\/wp-content\/uploads\/2022\/04\/dom-roque-300x285.png\" sizes=\"auto, (max-width: 300px) 100vw, 300px\" srcset=\"https:\/\/eadn-wc02-718006.nxedge.io\/cdn\/wp-content\/uploads\/2022\/04\/dom-roque-300x285.png 300w, https:\/\/eadn-wc02-718006.nxedge.io\/cdn\/wp-content\/uploads\/2022\/04\/dom-roque-500x476.png 500w, https:\/\/eadn-wc02-718006.nxedge.io\/cdn\/wp-content\/uploads\/2022\/04\/dom-roque.png 639w\" alt=\"\" width=\"300\" height=\"285\" data-srcset=\"https:\/\/eadn-wc02-718006.nxedge.io\/cdn\/wp-content\/uploads\/2022\/04\/dom-roque-300x285.png 300w, https:\/\/eadn-wc02-718006.nxedge.io\/cdn\/wp-content\/uploads\/2022\/04\/dom-roque-500x476.png 500w, https:\/\/eadn-wc02-718006.nxedge.io\/cdn\/wp-content\/uploads\/2022\/04\/dom-roque.png 639w\" data-src=\"https:\/\/eadn-wc02-718006.nxedge.io\/cdn\/wp-content\/uploads\/2022\/04\/dom-roque-300x285.png\" data-sizes=\"(max-width: 300px) 100vw, 300px\" \/><figcaption id=\"caption-attachment-868308\" class=\"wp-caption-text\">Presidente do CIMI caminha com os ind\u00edgenas. Foto: arquivo pessoal de dom Roque Paloschi.<\/figcaption><\/figure>\n<p style=\"text-align: justify;\"><em>A imagem, ao lado,\u00a0 revela dom Roque caminhando com ind\u00edgenas, a passos largos, sand\u00e1lia franciscana, veste simples, como quem tem pressa pela vida, olhar atento, postura compassiva, \u2013 os verdadeiros conceitos de uma Igreja em sa\u00edda.\u00a0\u00a0<\/em><\/p>\n<p style=\"text-align: justify;\"><em>Diante da solicita\u00e7\u00e3o de que falasse sobre esta imagem, dom Roque preferiu silenciar, mas balbuciou, humildemente,\u00a0 algumas palavras carregadas de conte\u00fado e ensinamentos que comove e contagia qualquer pessoa sens\u00edvel e comprometida com as causas sociais assim como ele o \u00e9.<\/em><\/p>\n<p style=\"text-align: justify;\"><em>\u201c\u00c9 muito dif\u00edcil falar de mim mesmo, a \u00fanica coisa que eu suplico a Deus \u00e9 que eu n\u00e3o seja indiferente diante da dor das pessoas, diante das injusti\u00e7as. Que eu apreenda diariamente a ser manso e humilde de cora\u00e7\u00e3o. Que eu seja um eterno aprendiz na escola de Jesus.\u201d\u00a0A passos largos, vestes simples, em meio ao povo e com olhar confiante, dom Roque continua\u00a0 e aposta na corrida em busca do pr\u00eamio:\u00a0 a realiza\u00e7\u00e3o do Reino de Deus, onde a haver\u00e1 a paz, a justi\u00e7a e todos viver\u00e3o como irm\u00e3os\u201d. Confira, abaixo, a \u00edntegra da entrevista.\u00a0<\/em><\/p>\n<p style=\"text-align: justify;\"><strong>50 anos do Conselho Indigenista Mission\u00e1rio: O que celebrar?<\/strong><\/p>\n<p style=\"text-align: justify;\">Sem d\u00favida, h\u00e1 muitas coisas que celebrar: A doa\u00e7\u00e3o e entrega de tantas e tantos mission\u00e1rios\/as que deram suas vidas na defesa da causa dos povos ind\u00edgenas e abriram novos caminhos para a Igreja em sua forma de estar junto a eles.\u00a0Muitas conquistas dos povos ind\u00edgenas e suas organiza\u00e7\u00f5es. Demarca\u00e7\u00e3o de terras ind\u00edgenas; fortalecimento de sua organiza\u00e7\u00e3o social e o reconhecimento da diversidade cultural que representam;\u00a0O reconhecimento dos direitos dentro da Constitui\u00e7\u00e3o Federal de 1988, principalmente o direito \u00e0 terra como direito origin\u00e1rio;\u00a0Os avan\u00e7os na educa\u00e7\u00e3o e na sa\u00fade a partir das lutas das comunidades ind\u00edgenas e do engajamento de professores e agentes de sa\u00fade. Quando o CIMI nasceu, a perspectiva do Estado brasileiro era de que j\u00e1 n\u00e3o haveria mais ind\u00edgenas no ano 2000. E estamos aqui, em 2022, com 300 povos ind\u00edgenas, firmes na defesa de seus direitos e de suas terras.<\/p>\n<p style=\"text-align: justify;\"><strong>Na avalia\u00e7\u00e3o do senhor, o que ainda n\u00e3o avan\u00e7ou nestes 50 anos?<\/strong><\/p>\n<p style=\"text-align: justify;\">N\u00e3o avan\u00e7ou ainda a convic\u00e7\u00e3o por parte do Estado brasileiro e das elites econ\u00f4micas de que os territ\u00f3rios ind\u00edgenas devem ser respeitados e que a explora\u00e7\u00e3o e depreda\u00e7\u00e3o desses lugares \u00e9 uma viol\u00eancia para os povos e tamb\u00e9m uma agress\u00e3o \u00e0 Casa Comum e aos direitos de toda a sociedade. N\u00e3o avan\u00e7ou o reconhecimento e fortalecimento da diversidade lingu\u00edstica, da diversidade cultural e espiritual. O mais preocupante \u00e9 que estamos, hoje, em um momento de grave retrocesso. Ent\u00e3o, j\u00e1 n\u00e3o \u00e9 s\u00f3 o que n\u00e3o avan\u00e7ou, mas o que foi conquistado e hoje est\u00e1 sendo questionado, pelo pr\u00f3prio estado, como \u00e9 o caso dos direitos dos povos origin\u00e1rios reconhecidos na Constitui\u00e7\u00e3o Federal de 1988.<\/p>\n<p style=\"text-align: justify;\"><strong>O CIMI, na sua finalidade e voca\u00e7\u00e3o, mudou o curso de atua\u00e7\u00e3o? Se sim ou n\u00e3o, por qu\u00ea?<\/strong><\/p>\n<p style=\"text-align: justify;\">Depois de 50 anos, pensamos que o CIMI se manteve em sua finalidade e sua voca\u00e7\u00e3o particular. O CIMI nasceu em um momento muito especial para o Brasil (ditadura militar) e para a Igreja, que vinha do Conc\u00edlio Vaticano II, da Confer\u00eancia de Medellin, do Encontro dos Bispos da Amaz\u00f4nia em Santar\u00e9m. E o CIMI nasce para romper uma perspectiva colonial que estava colocada sobre os povos ind\u00edgenas, pela sociedade e tamb\u00e9m por setores da Igreja, e abrir novos caminhos, encarnados e prof\u00e9ticos, para uma nova forma de estar com os povos. E da\u00ed surgem as grades, intui\u00e7\u00f5es e linhas de atua\u00e7\u00e3o: a defesa da terra, o fortalecimento das comunidades e organiza\u00e7\u00f5es, a import\u00e2ncia das assembleias ind\u00edgenas, o respeito profundo \u00e0 identidade cultural dos povos. Essas linhas continuam vivas hoje, depois de 50 anos, com mudan\u00e7as normais na metodologia, nas articula\u00e7\u00f5es, como \u00e9 natural, mas sendo fiel \u00e0 miss\u00e3o para a qual foi chamado.<\/p>\n<p style=\"text-align: justify;\"><strong>Sobre a atua\u00e7\u00e3o do CIMI e recep\u00e7\u00e3o da pr\u00f3pria Igreja a esse importante Organismo da CNBB<\/strong><\/p>\n<p style=\"text-align: justify;\">J\u00e1 nas primeiras d\u00e9cadas do CIMI, houve Bispos muito corajosos e prof\u00e9ticos que n\u00e3o s\u00f3 acolheram, mas promoveram e apoiaram os novos caminhos que o CIMI ia abrindo junto \u00e0s comunidades. A CNBB sempre foi um lar para o CIMI, um lugar de v\u00ednculo, de apoio e de sustento, com uma rela\u00e7\u00e3o org\u00e2nica de perten\u00e7a e, ao mesmo tempo, com a autonomia necess\u00e1ria para que os mission\u00e1rios e mission\u00e1rias pudessem ir discernindo os novos caminhos e desafios junto \u00e0s comunidades, nos territ\u00f3rios. Todo processo de abertura, de ampliar horizontes, de avan\u00e7ar para \u00e1guas mais profundas, \u2026 principalmente todo processo de descoloniza\u00e7\u00e3o desperta algumas resist\u00eancias em alguns setores; mas em termos gerais, se olharmos para estes 50 anos at\u00e9 os dias de hoje, a CNBB e o CIMI caminharam juntos, destemidos. Houve momentos de dificuldades, de persegui\u00e7\u00e3o aos mission\u00e1rios, que sempre encontraram na CNBB todo o apoio. Mas sobretudo, a CNBB acolheu as novas linhas de a\u00e7\u00e3o e de missionariedade com os povos ind\u00edgenas que o CIMI abria como o caminho pr\u00f3prio da Igreja no Brasil.<\/p>\n<p style=\"text-align: justify;\"><strong>\u00c0 \u00e9poca da funda\u00e7\u00e3o do CIMI, qual era a seu ver, o grande apelo da Igreja? Em rela\u00e7\u00e3o a estes apelos, mudou algumacoisa, ou permanecem os mesmos apelos ou se somaram outros?<\/strong><\/p>\n<p style=\"text-align: justify;\">Como disse antes, a Igreja vivia um momento muito intenso nesses primeiros anos da d\u00e9cada de 1970. A Igreja universal estava vivendo os primeiros ecos do Conc\u00edlio Vaticano II, uma Igreja em convers\u00e3o e em sa\u00edda que queria acolher os desafios da sociedade e ser luz e sal no meio dos desafios de seu tempo. A Igreja na Am\u00e9rica Latina acabava de celebrar a Confer\u00eancia de Medellin, onde se reafirmava firmemente a op\u00e7\u00e3o preferencial pelos pobres. E na Igreja no Brasil, com uma CNBB ainda nova, um grupo de bispos como Dom H\u00e9lder C\u00e2mara, Dom Tom\u00e1s Balduino, Dom Pedro Casald\u00e1liga, \u2026 e outros animavam a toda a comunidade eclesial a assumir as grandes lutas e as grandes causas contra a pobreza e a exclus\u00e3o, em favor da democracia, da igualdade e da justi\u00e7a, da reforma agr\u00e1ria e da causa dos povos ind\u00edgenas.<\/p>\n<p style=\"text-align: justify;\">Hoje existem alguns paralelismos com aquele momento eclesial. O apelo a sermos uma Igreja em sa\u00edda e mission\u00e1ria, samaritana, \u00e0 escuta dos povos ind\u00edgenas para aprender com eles, que denuncia a viola\u00e7\u00e3o dos direitos humanos e defende os territ\u00f3rios e a urg\u00eancia de cuidarmos da Casa Comum, \u2026, tudo isso que se expressou de forma t\u00e3o evidente no S\u00ednodo da Amaz\u00f4nia, nos faz pensar que o momento eclesial de hoje \u00e9, de alguma forma, filho daquele contexto eclesial em que o CIMI nasceu.<\/p>\n<p style=\"text-align: justify;\"><strong>Como presidente do Conselho, como o senhor assume esta miss\u00e3o que lhe foi confiada? O que significa para o Dom Roque, ter essa responsabilidade em m\u00e3os? Quanto a causa ind\u00edgena te provoca, te inspira, te convoca ou lhe \u00e9 cara?<\/strong><\/p>\n<p style=\"text-align: justify;\">Com muita humildade e ciente que cada territ\u00f3rio ind\u00edgena \u00e9 terra sagrada. Que devo, a exemplo de Mois\u00e9s tirar as sand\u00e1lias. Ciente de uma responsabilidade em dar continuidade a um trabalho marcado pela paix\u00e3o de muitas irm\u00e3s, muitos irm\u00e3os que viveram apaixonadamente e de maneira material a miss\u00e3o de testemunhar a miseric\u00f3rdia de Deus por todas as criaturas e tamb\u00e9m o compromisso com o cuidado com a cria\u00e7\u00e3o.<\/p>\n<p style=\"text-align: justify;\"><strong>Em 1972 nasce o CIMI e documento de Santar\u00e9m. Como se relacionam estes dois elementos?<\/strong><\/p>\n<p style=\"text-align: justify;\">Fazem parte de um mesmo processo. Uma Igreja que se compromete, de forma corajosa e prof\u00e9tica, com as causas de povos ind\u00edgenas, dos pequenos agricultores, dos empobrecidos, em um contexto pol\u00edtico de ditadura e de opress\u00e3o. S\u00e3o anos de em que muitas sementes come\u00e7am frutificar. Um ano antes, Dom Pedro Casald\u00e1liga escreveu a Carta Pastoral contra o latif\u00fandio e\u00a0em favor da Reforma Agr\u00e1ria. Em 1972 nasce o CIMI, os bispos se encontram em Santar\u00e9m, pouco depois surgir\u00e1 a CPT. Tudo faz parte da mesma manifesta\u00e7\u00e3o do Esp\u00edrito por uma Igreja comprometida, encarnada, solid\u00e1ria e com op\u00e7\u00f5es preferenciais muito claras.<\/p>\n<pre>Por Rosa M. Martins, <a href=\"https:\/\/repam.org.br\/50-anos-do-cimi-entrevista-com-dom-roque-paloschi\/\" target=\"_blank\" rel=\"noopener\">Repam-Brasil<\/a><\/pre>\n<p>&nbsp;<\/p>\n","protected":false},"excerpt":{"rendered":"<p>Por ocasi\u00e3o do 50\u00ba anivers\u00e1rio do Conselho Indigenista Mission\u00e1rio (CIMI), celebrado no \u00faltimo dia 23 de abril de 2022, o seu\u00a0 presidente, tamb\u00e9m membro da Diretoria da Rede Eclesial Pan-Amaz\u00f4nica e arcebispo de Porto Velho-RO, dom Roque Paloschi, falou sobre a import\u00e2ncia da data, os avan\u00e7os e os apelos para este organismo da Igreja que [&hellip;]<\/p>\n","protected":false},"author":1,"featured_media":73582,"comment_status":"open","ping_status":"closed","sticky":false,"template":"","format":"standard","meta":{"footnotes":""},"categories":[7],"tags":[],"class_list":["post-73581","post","type-post","status-publish","format-standard","has-post-thumbnail","hentry","category-cnbb"],"_links":{"self":[{"href":"https:\/\/catolicanet.net\/wp-cnet\/wp-json\/wp\/v2\/posts\/73581","targetHints":{"allow":["GET"]}}],"collection":[{"href":"https:\/\/catolicanet.net\/wp-cnet\/wp-json\/wp\/v2\/posts"}],"about":[{"href":"https:\/\/catolicanet.net\/wp-cnet\/wp-json\/wp\/v2\/types\/post"}],"author":[{"embeddable":true,"href":"https:\/\/catolicanet.net\/wp-cnet\/wp-json\/wp\/v2\/users\/1"}],"replies":[{"embeddable":true,"href":"https:\/\/catolicanet.net\/wp-cnet\/wp-json\/wp\/v2\/comments?post=73581"}],"version-history":[{"count":1,"href":"https:\/\/catolicanet.net\/wp-cnet\/wp-json\/wp\/v2\/posts\/73581\/revisions"}],"predecessor-version":[{"id":73583,"href":"https:\/\/catolicanet.net\/wp-cnet\/wp-json\/wp\/v2\/posts\/73581\/revisions\/73583"}],"wp:featuredmedia":[{"embeddable":true,"href":"https:\/\/catolicanet.net\/wp-cnet\/wp-json\/wp\/v2\/media\/73582"}],"wp:attachment":[{"href":"https:\/\/catolicanet.net\/wp-cnet\/wp-json\/wp\/v2\/media?parent=73581"}],"wp:term":[{"taxonomy":"category","embeddable":true,"href":"https:\/\/catolicanet.net\/wp-cnet\/wp-json\/wp\/v2\/categories?post=73581"},{"taxonomy":"post_tag","embeddable":true,"href":"https:\/\/catolicanet.net\/wp-cnet\/wp-json\/wp\/v2\/tags?post=73581"}],"curies":[{"name":"wp","href":"https:\/\/api.w.org\/{rel}","templated":true}]}}