{"id":73578,"date":"2022-04-27T09:41:32","date_gmt":"2022-04-27T12:41:32","guid":{"rendered":"https:\/\/catolicanet.net\/wp-cnet\/?p=73578"},"modified":"2022-04-27T14:42:23","modified_gmt":"2022-04-27T17:42:23","slug":"apresentada-a-introducao-ao-tema-central-que-sera-trabalhado-nas-duas-etapas-da-59a-assembleia-geral","status":"publish","type":"post","link":"https:\/\/catolicanet.net\/wp-cnet\/apresentada-a-introducao-ao-tema-central-que-sera-trabalhado-nas-duas-etapas-da-59a-assembleia-geral\/","title":{"rendered":"APRESENTADA A INTRODU\u00c7\u00c3O AO TEMA CENTRAL, QUE SER\u00c1 TRABALHADO NAS DUAS ETAPAS DA 59\u00aa ASSEMBLEIA GERAL"},"content":{"rendered":"<p style=\"text-align: justify;\">Na manh\u00e3 desta quarta-feira, terceiro dia da 59\u00aa Assembleia Geral da Confer\u00eancia Nacional dos Bispos do Brasil (CNBB), o episcopado brasileiro come\u00e7ou a trabalhar sobre o Tema Central: \u201c<em>Igreja Sinodal \u2013 Comunh\u00e3o, Participa\u00e7\u00e3o e Miss\u00e3o<\/em>\u201d. A apresenta\u00e7\u00e3o foi feita pelo arcebispo de Santa Maria (RS) e presidente da Comiss\u00e3o para o Tema Central, dom Leomar Ant\u00f4nio Brustolin.<\/p>\n<p style=\"text-align: justify;\">Partindo do m\u00e9todo: \u201cESCUTAR, DISCERNIR e AGIR\u201d, o grupo analisou o contexto atual, discerniu sobre os sinais dos tempos, os processos sinodais em curso e a import\u00e2ncia da comunidade, e indicou pistas de a\u00e7\u00e3o, a partir dos desafios.<\/p>\n<p style=\"text-align: justify;\">No contexto atual, dom Leomar apresentou alguns pontos a serem considerados, em vista do discernimento: a p\u00f3s-pandemia, o pontificado do Papa Francisco, a recep\u00e7\u00e3o criativa do Conc\u00edlio Vaticano II, a Assembleia Eclesial da Am\u00e9rica Latina e do Caribe, o processo sinodal 2021-2023, os 15 anos do documento de Aparecida, a realidade das comunidades eclesiais mission\u00e1rias, o paradigma entre a estrutura jur\u00eddica versus a Igreja sinodal e o desafio do clericalismo e das lideran\u00e7as centralizadoras.<\/p>\n<p style=\"text-align: justify;\">A dimens\u00e3o do discernir foi apresentada pelo secret\u00e1rio da Comiss\u00e3o para o Tema Central, padre Tiago de Fraga Gomes, que iniciou destacando os \u201csinais dos tempos\u201d. Segundo o sacerdote, \u201co discernimento n\u00e3o parte do nada, \u00e9 preciso olhar para as comunidades e refor\u00e7ar os processos sinodais que vem acontecendo. Refor\u00e7ar o que est\u00e1 acontecendo e refletir no que precisa crescer\u201d.<\/p>\n<p style=\"text-align: justify;\">A oportunidade de investir na \u201cescuta atenta\u201d e na participa\u00e7\u00e3o, de cuidar de tudo o que \u00e9 humano, com especial aten\u00e7\u00e3o \u00e0s dimens\u00f5es de maior fragilidade, foram alguns dos quesitos levantados para um efetivo discernimento. Para isso, \u00e9 necess\u00e1rio considerar que a comunidade \u00e9 o ambiente sinodal, que precisa sempre ser refor\u00e7ado, e o lugar da escuta atenta.<\/p>\n<p style=\"text-align: justify;\">Na dimens\u00e3o do agir, dom Leomar falou dos desafios atuais, destacando que as atuais \u201cDiretrizes Gerais da A\u00e7\u00e3o Evangelizadora (DGAE) 2019-2023\u2033 permanecem atuais e s\u00e3o estruturantes e est\u00e1veis. Por\u00e9m, a sinodalidade remete a um processo de dinamismo, no qual o contexto da Igreja, no p\u00f3s-pandemia, precisa considerar a acolhida e a escuta. \u201c\u00c9 preciso repensar o valor da comunidade e renovar a m\u00edstica do processo, pois o caminho n\u00e3o est\u00e1 pronto. N\u00e3o se trata de um caminho novo, mas um jeito novo de caminhar frente aos sinais dos tempos que estamos enfrentando\u201d, disse o arcebispo.<\/p>\n<p style=\"text-align: justify;\"><img loading=\"lazy\" decoding=\"async\" class=\"size-medium wp-image-868262 aligncenter ls-is-cached lazyloaded\" src=\"https:\/\/eadn-wc02-718006.nxedge.io\/cdn\/wp-content\/uploads\/2022\/04\/59-AG-Dom-Leomar-300x170.png\" sizes=\"auto, (max-width: 300px) 100vw, 300px\" srcset=\"https:\/\/eadn-wc02-718006.nxedge.io\/cdn\/wp-content\/uploads\/2022\/04\/59-AG-Dom-Leomar-300x170.png 300w, https:\/\/eadn-wc02-718006.nxedge.io\/cdn\/wp-content\/uploads\/2022\/04\/59-AG-Dom-Leomar-500x284.png 500w, https:\/\/eadn-wc02-718006.nxedge.io\/cdn\/wp-content\/uploads\/2022\/04\/59-AG-Dom-Leomar.png 670w\" alt=\"\" width=\"300\" height=\"170\" data-srcset=\"https:\/\/eadn-wc02-718006.nxedge.io\/cdn\/wp-content\/uploads\/2022\/04\/59-AG-Dom-Leomar-300x170.png 300w, https:\/\/eadn-wc02-718006.nxedge.io\/cdn\/wp-content\/uploads\/2022\/04\/59-AG-Dom-Leomar-500x284.png 500w, https:\/\/eadn-wc02-718006.nxedge.io\/cdn\/wp-content\/uploads\/2022\/04\/59-AG-Dom-Leomar.png 670w\" data-src=\"https:\/\/eadn-wc02-718006.nxedge.io\/cdn\/wp-content\/uploads\/2022\/04\/59-AG-Dom-Leomar-300x170.png\" data-sizes=\"(max-width: 300px) 100vw, 300px\" \/><\/p>\n<p style=\"text-align: justify;\">Ao final da exposi\u00e7\u00e3o sobre o tema, dom Leomar, explicou como o tema central ser\u00e1 trabalhado nas duas etapas dessa 59\u00aa Assembleia Geral. Nesta que est\u00e1 acontecendo, ap\u00f3s essa introdu\u00e7\u00e3o sobre o Tema Central, ser\u00e3o apresentadas quest\u00f5es para serem trabalhadas em grupos, ser\u00e1 realizada a escuta nos Regionais e nos Organismos, e haver\u00e1 uma plen\u00e1ria e a entrega dos relat\u00f3rios dos grupos para a Comiss\u00e3o do Tema Central.<\/p>\n<p style=\"text-align: justify;\">Posteriormente, a Comiss\u00e3o prev\u00ea entregar, at\u00e9 o m\u00eas de julho, um texto com os destaques da escuta que ser\u00e1 realizada. Na segunda etapa da Assembleia Geral, a ser realizada de 29 de agosto a 2 de setembro, em Aparecida (SP), acontecer\u00e1 o aprofundamento do tema e as indica\u00e7\u00f5es para as pr\u00f3ximas Diretrizes Gerais da A\u00e7\u00e3o Evangelizadora, a serem publicadas em 2023.<\/p>\n<p style=\"text-align: justify;\">Dois desafios para a constru\u00e7\u00e3o de todo esse processo foram apresentados por dom Leomar. \u201cO primeiro \u00e9 o de fortalecer a comunidade crist\u00e3 numa sociedade em r\u00e1pida mudan\u00e7a, que gera comportamentos in\u00e9ditos e apresenta problemas \u00e9ticos totalmente novos. O segundo \u00e9 que n\u00e3o h\u00e1 receitas prontas e nem f\u00f3rmulas universais diante da complexidade e pluralidade dos contextos atuais\u201d, disse o arcebispo.<\/p>\n<p style=\"text-align: justify;\">\n<pre>Por Karina Carvalho \/ CNBB Sul 2<\/pre>\n","protected":false},"excerpt":{"rendered":"<p>Na manh\u00e3 desta quarta-feira, terceiro dia da 59\u00aa Assembleia Geral da Confer\u00eancia Nacional dos Bispos do Brasil (CNBB), o episcopado brasileiro come\u00e7ou a trabalhar sobre o Tema Central: \u201cIgreja Sinodal \u2013 Comunh\u00e3o, Participa\u00e7\u00e3o e Miss\u00e3o\u201d. A apresenta\u00e7\u00e3o foi feita pelo arcebispo de Santa Maria (RS) e presidente da Comiss\u00e3o para o Tema Central, dom Leomar [&hellip;]<\/p>\n","protected":false},"author":1,"featured_media":73579,"comment_status":"open","ping_status":"closed","sticky":false,"template":"","format":"standard","meta":{"footnotes":""},"categories":[7],"tags":[],"class_list":["post-73578","post","type-post","status-publish","format-standard","has-post-thumbnail","hentry","category-cnbb"],"_links":{"self":[{"href":"https:\/\/catolicanet.net\/wp-cnet\/wp-json\/wp\/v2\/posts\/73578","targetHints":{"allow":["GET"]}}],"collection":[{"href":"https:\/\/catolicanet.net\/wp-cnet\/wp-json\/wp\/v2\/posts"}],"about":[{"href":"https:\/\/catolicanet.net\/wp-cnet\/wp-json\/wp\/v2\/types\/post"}],"author":[{"embeddable":true,"href":"https:\/\/catolicanet.net\/wp-cnet\/wp-json\/wp\/v2\/users\/1"}],"replies":[{"embeddable":true,"href":"https:\/\/catolicanet.net\/wp-cnet\/wp-json\/wp\/v2\/comments?post=73578"}],"version-history":[{"count":1,"href":"https:\/\/catolicanet.net\/wp-cnet\/wp-json\/wp\/v2\/posts\/73578\/revisions"}],"predecessor-version":[{"id":73580,"href":"https:\/\/catolicanet.net\/wp-cnet\/wp-json\/wp\/v2\/posts\/73578\/revisions\/73580"}],"wp:featuredmedia":[{"embeddable":true,"href":"https:\/\/catolicanet.net\/wp-cnet\/wp-json\/wp\/v2\/media\/73579"}],"wp:attachment":[{"href":"https:\/\/catolicanet.net\/wp-cnet\/wp-json\/wp\/v2\/media?parent=73578"}],"wp:term":[{"taxonomy":"category","embeddable":true,"href":"https:\/\/catolicanet.net\/wp-cnet\/wp-json\/wp\/v2\/categories?post=73578"},{"taxonomy":"post_tag","embeddable":true,"href":"https:\/\/catolicanet.net\/wp-cnet\/wp-json\/wp\/v2\/tags?post=73578"}],"curies":[{"name":"wp","href":"https:\/\/api.w.org\/{rel}","templated":true}]}}