{"id":73575,"date":"2022-04-27T09:39:59","date_gmt":"2022-04-27T12:39:59","guid":{"rendered":"https:\/\/catolicanet.net\/wp-cnet\/?p=73575"},"modified":"2022-04-27T14:41:12","modified_gmt":"2022-04-27T17:41:12","slug":"dom-carlos-amigo-vallejo-faleceu-nesta-quarta-feira-27-no-hospital-universitario-de-guadalajara-em-decorrencia-de-uma-insuficiencia-cardiaca-o-cardeal-teve-um-dos-mais-longevos-episcopados-da-igrej","status":"publish","type":"post","link":"https:\/\/catolicanet.net\/wp-cnet\/dom-carlos-amigo-vallejo-faleceu-nesta-quarta-feira-27-no-hospital-universitario-de-guadalajara-em-decorrencia-de-uma-insuficiencia-cardiaca-o-cardeal-teve-um-dos-mais-longevos-episcopados-da-igrej\/","title":{"rendered":"Dom Carlos Amigo Vallejo faleceu nesta quarta-feira (27) no Hospital Universit\u00e1rio de Guadalajara em decorr\u00eancia de uma insufici\u00eancia card\u00edaca. O cardeal teve um dos mais longevos episcopados da Igreja em Sevilha e foi membro da Pontif\u00edcia Comiss\u00e3o para a Am\u00e9rica Latina e do Pontif\u00edcio Conselho para a Pastoral da Sa\u00fade. Ou\u00e7a a reportagem e compartilhe Andressa Collet &#8211; Vatican News  O arcebispo em\u00e9rito de Sevilha, dom Carlos Amigo Vallejo, faleceu aos 87 anos nesta quarta-feira (27) no Hospital Universit\u00e1rio de Guadalajara. Segundo um comunicado da arquidiocese local, a morte foi em decorr\u00eancia de uma insufici\u00eancia card\u00edaca. Ainda n\u00e3o foram divulgados os detalhes sobre o funeral.  Em fevereiro deste ano, ainda com informa\u00e7\u00f5es do site da Arquidiocese de Sevilha, dom Carlos havia feito uma cirurgia no quadril num hospital de Madri e respondia bem ao procedimento. Ele havia sofrido a fratura enquanto participava da celebra\u00e7\u00e3o de 25 anos de ordena\u00e7\u00e3o episcopal do arcebispo de Madri, o cardeal dom Carlos Osoro.   Minist\u00e9rio fecundo Nesta quarta-feira (27), dom Jos\u00e9 \u00c1ngel Saiz, arcebispo de Sevilha, estava com o cardeal desde cedo da manh\u00e3 e lamentou a triste not\u00edcia. Ao mesmo tempo, pediu aos fi\u00e9is ora\u00e7\u00f5es pelo descanso eterno de uma figura chave para a Igreja e a sociedade do seu tempo. Dom Carlos Amigo Vallejo foi arcebispo de Sevilha por 27 anos (2 de maio de 1982 a 5 de novembro de 2009), um dos mais longevos episcopados da Igreja em Sevilha. Criado cardeal presb\u00edtero em outubro de 2003, com o t\u00edtulo da Igreja de Santa Maria de Montserrat dos Espanh\u00f3is, participou do conclave que elegeu Bento XVI. Com sua morte, o Col\u00e9gio dos Cardeais agora \u00e9 composto por 209 cardeais, dos quais 117 s\u00e3o eleitores e 92 n\u00e3o-eleitores.  Biografia Nascido em Medina de Rioseco (Valladolid) em 23 de agosto de 1934, ingressou na Ordem dos Frades Menores (Franciscanos), da qual foi provincial da Prov\u00edncia Franciscana de Santiago quando foi nomeado Arcebispo de T\u00e2nger, em 1973. Iniciou os estudos de Medicina na Faculdade de Valladolid, deixando-os de lado quando entrou no noviciado da Ordem.  Ordenado sacerdote, estudou Filosofia em Roma e Psicologia na Universidade Central de Madri, tendo lecionado em centros de educa\u00e7\u00e3o especial e filosofia da ci\u00eancia e da antropologia. Como bispo, dom Carlos Amigo Vallejo participou em v\u00e1rias ocasi\u00f5es do S\u00ednodo dos Bispos e foi membro da Pontif\u00edcia Comiss\u00e3o para a Am\u00e9rica Latina e do Pontif\u00edcio Conselho para a Pastoral da Sa\u00fade. Em 2011, foi Legado Pontif\u00edcio para o V Centen\u00e1rio da ere\u00e7\u00e3o das primeiras dioceses americanas."},"content":{"rendered":"<p style=\"text-align: justify;\">A avalia\u00e7\u00e3o da Campanha da Fraternidade 2022 \u00e9 positiva, a partir das partilhas realizadas na manh\u00e3 desta quarta-feira, terceiro dia da etapa virtual da 59\u00aa Assembleia Geral da Confer\u00eancia Nacional dos Bispos do Brasil (AGCNBB). Ap\u00f3s breve relato do secret\u00e1rio executivo de Campanhas da CNBB, padre Patriky Samuel Batista, os bispos reagiram com partilhas e elogios \u00e0 resson\u00e2ncia do tema trabalhado neste ano.<\/p>\n<p style=\"text-align: justify;\"><img loading=\"lazy\" decoding=\"async\" class=\"size-medium wp-image-868263 alignleft lazyloaded\" src=\"https:\/\/eadn-wc02-718006.nxedge.io\/cdn\/wp-content\/uploads\/2022\/04\/59-AG-Pe-Patriky-300x154.png\" sizes=\"auto, (max-width: 300px) 100vw, 300px\" srcset=\"https:\/\/eadn-wc02-718006.nxedge.io\/cdn\/wp-content\/uploads\/2022\/04\/59-AG-Pe-Patriky-300x154.png 300w, https:\/\/eadn-wc02-718006.nxedge.io\/cdn\/wp-content\/uploads\/2022\/04\/59-AG-Pe-Patriky-1024x527.png 1024w, https:\/\/eadn-wc02-718006.nxedge.io\/cdn\/wp-content\/uploads\/2022\/04\/59-AG-Pe-Patriky-768x395.png 768w, https:\/\/eadn-wc02-718006.nxedge.io\/cdn\/wp-content\/uploads\/2022\/04\/59-AG-Pe-Patriky-500x257.png 500w, https:\/\/eadn-wc02-718006.nxedge.io\/cdn\/wp-content\/uploads\/2022\/04\/59-AG-Pe-Patriky.png 1080w\" alt=\"\" width=\"300\" height=\"154\" data-srcset=\"https:\/\/eadn-wc02-718006.nxedge.io\/cdn\/wp-content\/uploads\/2022\/04\/59-AG-Pe-Patriky-300x154.png 300w, https:\/\/eadn-wc02-718006.nxedge.io\/cdn\/wp-content\/uploads\/2022\/04\/59-AG-Pe-Patriky-1024x527.png 1024w, https:\/\/eadn-wc02-718006.nxedge.io\/cdn\/wp-content\/uploads\/2022\/04\/59-AG-Pe-Patriky-768x395.png 768w, https:\/\/eadn-wc02-718006.nxedge.io\/cdn\/wp-content\/uploads\/2022\/04\/59-AG-Pe-Patriky-500x257.png 500w, https:\/\/eadn-wc02-718006.nxedge.io\/cdn\/wp-content\/uploads\/2022\/04\/59-AG-Pe-Patriky.png 1080w\" data-src=\"https:\/\/eadn-wc02-718006.nxedge.io\/cdn\/wp-content\/uploads\/2022\/04\/59-AG-Pe-Patriky-300x154.png\" data-sizes=\"(max-width: 300px) 100vw, 300px\" \/><\/p>\n<p style=\"text-align: justify;\">Segundo o padre Patriky, a CF 2022, cujo tema \u00e9 \u201cFraternidade e Educa\u00e7\u00e3o\u201d, teve uma acolhida \u201cpositiva e significativa\u201d e \u201cajudou a potencializar o Pacto Educativo Global\u201d, proposto h\u00e1 tr\u00eas anos pelo Papa Francisco. Em todo o pa\u00eds, h\u00e1 v\u00e1rias iniciativas programadas para realiza\u00e7\u00e3o nos pr\u00f3ximos meses. O lema, \u201cFala com sabedoria, ensina com amor\u201d, foi \u201cde singular beleza\u201d.<\/p>\n<p style=\"text-align: justify;\">Nas rea\u00e7\u00f5es, unanimidade na avalia\u00e7\u00e3o positiva da proposta. O bispo de Campos (RJ), dom Roberto Francisco Ferrer\u00eda Paz, elogiou a resson\u00e2ncia da CF 2022 e disse que esta edi\u00e7\u00e3o \u201capontou caminhos de esperan\u00e7a\u201d.<\/p>\n<p style=\"text-align: justify;\"><img loading=\"lazy\" decoding=\"async\" class=\"size-medium wp-image-868262 alignleft lazyloaded\" src=\"https:\/\/eadn-wc02-718006.nxedge.io\/cdn\/wp-content\/uploads\/2022\/04\/59-AG-Dom-Leomar-300x170.png\" sizes=\"auto, (max-width: 300px) 100vw, 300px\" srcset=\"https:\/\/eadn-wc02-718006.nxedge.io\/cdn\/wp-content\/uploads\/2022\/04\/59-AG-Dom-Leomar-300x170.png 300w, https:\/\/eadn-wc02-718006.nxedge.io\/cdn\/wp-content\/uploads\/2022\/04\/59-AG-Dom-Leomar-500x284.png 500w, https:\/\/eadn-wc02-718006.nxedge.io\/cdn\/wp-content\/uploads\/2022\/04\/59-AG-Dom-Leomar.png 670w\" alt=\"\" width=\"300\" height=\"170\" data-srcset=\"https:\/\/eadn-wc02-718006.nxedge.io\/cdn\/wp-content\/uploads\/2022\/04\/59-AG-Dom-Leomar-300x170.png 300w, https:\/\/eadn-wc02-718006.nxedge.io\/cdn\/wp-content\/uploads\/2022\/04\/59-AG-Dom-Leomar-500x284.png 500w, https:\/\/eadn-wc02-718006.nxedge.io\/cdn\/wp-content\/uploads\/2022\/04\/59-AG-Dom-Leomar.png 670w\" data-src=\"https:\/\/eadn-wc02-718006.nxedge.io\/cdn\/wp-content\/uploads\/2022\/04\/59-AG-Dom-Leomar-300x170.png\" data-sizes=\"(max-width: 300px) 100vw, 300px\" \/><\/p>\n<p style=\"text-align: justify;\">O arcebispo de Santa Maria (RS), dom Leomar Ant\u00f4nio Brustolin, partilhou sobre a abertura da CF numa escola localizada na periferia da regi\u00e3o com o envolvimento de diversas autoridades. Ele destacou que a CF 2022 \u201cresgata um dos valores mais importantes que s\u00e3o as quest\u00f5es sociais mais profundas que temos que enfrentar\u201d.<\/p>\n<p style=\"text-align: justify;\">O bispo de Guarapuava (PR), dom Amilton Manoel, destacou \u201ca profundidade, a grandeza e o impacto\u201d que o tema da CF causou em todos os setores de sua diocese, chegando \u00e0s escolas, universidades e na casa legislativa municipal.<\/p>\n<h3 style=\"text-align: justify;\">Pacto Educativo Global<\/h3>\n<p style=\"text-align: justify;\">O arcebispo tamb\u00e9m sublinhou a rela\u00e7\u00e3o com o Pacto Educativo Global, que tem sido bandeira para iniciar processos em vista de uma educa\u00e7\u00e3o transformadora.<\/p>\n<p style=\"text-align: justify;\">Outros bispos tamb\u00e9m destacaram a rela\u00e7\u00e3o com o Pacto. Dom Vital Corbellini, bispo de Marab\u00e1 (PA), lembrou da aldeia educativa que precisa estar empenhada para realizar a educa\u00e7\u00e3o integral motivada pelo Papa.<\/p>\n<p style=\"text-align: justify;\"><img loading=\"lazy\" decoding=\"async\" class=\"size-medium wp-image-868261 alignleft lazyloaded\" src=\"https:\/\/eadn-wc02-718006.nxedge.io\/cdn\/wp-content\/uploads\/2022\/04\/59-AG-Dom-Claudio-Sturm-300x169.png\" sizes=\"auto, (max-width: 300px) 100vw, 300px\" srcset=\"https:\/\/eadn-wc02-718006.nxedge.io\/cdn\/wp-content\/uploads\/2022\/04\/59-AG-Dom-Claudio-Sturm-300x169.png 300w, https:\/\/eadn-wc02-718006.nxedge.io\/cdn\/wp-content\/uploads\/2022\/04\/59-AG-Dom-Claudio-Sturm-500x281.png 500w, https:\/\/eadn-wc02-718006.nxedge.io\/cdn\/wp-content\/uploads\/2022\/04\/59-AG-Dom-Claudio-Sturm.png 672w\" alt=\"\" width=\"300\" height=\"169\" data-srcset=\"https:\/\/eadn-wc02-718006.nxedge.io\/cdn\/wp-content\/uploads\/2022\/04\/59-AG-Dom-Claudio-Sturm-300x169.png 300w, https:\/\/eadn-wc02-718006.nxedge.io\/cdn\/wp-content\/uploads\/2022\/04\/59-AG-Dom-Claudio-Sturm-500x281.png 500w, https:\/\/eadn-wc02-718006.nxedge.io\/cdn\/wp-content\/uploads\/2022\/04\/59-AG-Dom-Claudio-Sturm.png 672w\" data-src=\"https:\/\/eadn-wc02-718006.nxedge.io\/cdn\/wp-content\/uploads\/2022\/04\/59-AG-Dom-Claudio-Sturm-300x169.png\" data-sizes=\"(max-width: 300px) 100vw, 300px\" \/>O bispo da diocese de Patos de Minas (MG), dom Claudio Sturm, partilhou que a CF contribuiu para que a equipe diocesana do Pacto Educativo Global se reanimasse, ap\u00f3s o arrefecimento por conta da pandemia. Em sua diocese, foi realizado um encontro com o prefeito da cidade para acolher sugest\u00f5es e propostas da CF 2022.<\/p>\n<h3 style=\"text-align: justify;\">Gestos concretos<\/h3>\n<p style=\"text-align: justify;\">Tamb\u00e9m com avalia\u00e7\u00f5es positivas, os bispos ressaltaram a import\u00e2ncia de que cada diocese esteja empenhada na realiza\u00e7\u00e3o de gestos concretos, poss\u00edveis tamb\u00e9m com a porcentagem dos recursos da Coleta Nacional da Solidariedade que fica na Igreja Particular.<\/p>\n<p style=\"text-align: justify;\">\u201cDiante das duras cr\u00edticas, a melhor resposta em cada diocese s\u00e3o os gestos concretos\u201d, disse o bispo de Imperatriz (MA), dom Vilsom Basso, que partilhou a cria\u00e7\u00e3o uma classe de refor\u00e7o para os estudantes.<\/p>\n<p style=\"text-align: justify;\">Dom Roque Paloschi, arcebispo de Porto Velho (RO) e presidente do Cimi, destacou a atua\u00e7\u00e3o da Pastoral da Educa\u00e7\u00e3o, inclusive na educa\u00e7\u00e3o ind\u00edgena. Ele tamb\u00e9m refor\u00e7ou a import\u00e2ncia de ter gestos concretos diante como sinais que ficam nas dioceses para valorizar a Campanha da Fraternidade.<\/p>\n<p style=\"text-align: justify;\">A Pastoral da Educa\u00e7\u00e3o tamb\u00e9m teve destaque por sua miss\u00e3o de tornar a Igreja presente no mundo da educa\u00e7\u00e3o. A CF 2022, segundo a avalia\u00e7\u00e3o, foi oportunidade de valorizar a Pastoral para que esteja bem estruturada em todas as dioceses do pa\u00eds.<\/p>\n<p style=\"text-align: justify;\">Durante a sess\u00e3o desta manh\u00e3 tamb\u00e9m foi apresentada a presta\u00e7\u00e3o de contas do Fundo Nacional de Solidariedade e o processo de prepara\u00e7\u00e3o da Campanha da Fraternidade 2023, que abordar\u00e1 o tema \u201cFraternidade e fome\u201d e o lema \u201cDai-lhes v\u00f3s mesmos de comer\u201d (Mt 14, 16).<\/p>\n","protected":false},"excerpt":{"rendered":"<p>A avalia\u00e7\u00e3o da Campanha da Fraternidade 2022 \u00e9 positiva, a partir das partilhas realizadas na manh\u00e3 desta quarta-feira, terceiro dia da etapa virtual da 59\u00aa Assembleia Geral da Confer\u00eancia Nacional dos Bispos do Brasil (AGCNBB). Ap\u00f3s breve relato do secret\u00e1rio executivo de Campanhas da CNBB, padre Patriky Samuel Batista, os bispos reagiram com partilhas e [&hellip;]<\/p>\n","protected":false},"author":1,"featured_media":73576,"comment_status":"open","ping_status":"closed","sticky":false,"template":"","format":"standard","meta":{"footnotes":""},"categories":[7,13],"tags":[],"class_list":["post-73575","post","type-post","status-publish","format-standard","has-post-thumbnail","hentry","category-cnbb","category-featured"],"_links":{"self":[{"href":"https:\/\/catolicanet.net\/wp-cnet\/wp-json\/wp\/v2\/posts\/73575","targetHints":{"allow":["GET"]}}],"collection":[{"href":"https:\/\/catolicanet.net\/wp-cnet\/wp-json\/wp\/v2\/posts"}],"about":[{"href":"https:\/\/catolicanet.net\/wp-cnet\/wp-json\/wp\/v2\/types\/post"}],"author":[{"embeddable":true,"href":"https:\/\/catolicanet.net\/wp-cnet\/wp-json\/wp\/v2\/users\/1"}],"replies":[{"embeddable":true,"href":"https:\/\/catolicanet.net\/wp-cnet\/wp-json\/wp\/v2\/comments?post=73575"}],"version-history":[{"count":1,"href":"https:\/\/catolicanet.net\/wp-cnet\/wp-json\/wp\/v2\/posts\/73575\/revisions"}],"predecessor-version":[{"id":73577,"href":"https:\/\/catolicanet.net\/wp-cnet\/wp-json\/wp\/v2\/posts\/73575\/revisions\/73577"}],"wp:featuredmedia":[{"embeddable":true,"href":"https:\/\/catolicanet.net\/wp-cnet\/wp-json\/wp\/v2\/media\/73576"}],"wp:attachment":[{"href":"https:\/\/catolicanet.net\/wp-cnet\/wp-json\/wp\/v2\/media?parent=73575"}],"wp:term":[{"taxonomy":"category","embeddable":true,"href":"https:\/\/catolicanet.net\/wp-cnet\/wp-json\/wp\/v2\/categories?post=73575"},{"taxonomy":"post_tag","embeddable":true,"href":"https:\/\/catolicanet.net\/wp-cnet\/wp-json\/wp\/v2\/tags?post=73575"}],"curies":[{"name":"wp","href":"https:\/\/api.w.org\/{rel}","templated":true}]}}