{"id":73531,"date":"2022-04-26T08:54:22","date_gmt":"2022-04-26T11:54:22","guid":{"rendered":"https:\/\/catolicanet.net\/wp-cnet\/?p=73531"},"modified":"2022-04-26T15:58:19","modified_gmt":"2022-04-26T18:58:19","slug":"plenaria-da-uniao-das-superioras-gerais-no-centro-a-experiencia-sinodal-na-vida-religiosa","status":"publish","type":"post","link":"https:\/\/catolicanet.net\/wp-cnet\/plenaria-da-uniao-das-superioras-gerais-no-centro-a-experiencia-sinodal-na-vida-religiosa\/","title":{"rendered":"Plen\u00e1ria da Uni\u00e3o das Superioras Gerais: no centro, a experi\u00eancia sinodal na vida religiosa"},"content":{"rendered":"<figure class=\"article__image\"><span class=\"didascalia_img\">Superioras gerais da UISG em Assembleia\u00a0<\/span><\/figure>\n<div class=\"article__meta \" data-mediatype=\"\">\n<div class=\"article__subTitle\" style=\"text-align: justify;\">&#8220;Rumo ao caminho sinodal: partindo da nossa vulnerabilidade&#8221;: este \u00e9 o slogan da XXII Assembleia da Uni\u00e3o Internacional das Superiores Gerais (UISG) programada em Roma de 2 a 6 de maio. Os temas que envolver\u00e3o as mulheres consagradas ser\u00e3o ilustrados na sexta-feira em uma coletiva de imprensa no Vaticano<\/div>\n<div class=\"title__separator\" style=\"text-align: justify;\"><\/div>\n<div class=\"article__text \">\n<p style=\"text-align: justify;\"><b>Tiziana Campisi \u2013 Vatican News<\/b><\/p>\n<p style=\"text-align: justify;\">Cerca de 700 religiosas, de 71 nacionalidades diferentes, se reunir\u00e3o para a XXII Assembleia Plen\u00e1ria da Uni\u00e3o Internacional das Superioras Gerais (UISG), que ser\u00e1 realizada em Roma de 2 a 6 de maio. O encontro ter\u00e1 o seguinte tema: &#8220;Abra\u00e7ar a Vulnerabilidade no caminho sinodal&#8221;, com a presen\u00e7a de 520 superioras gerais. O tema da sinodalidade estar\u00e1 no centro dos trabalhos, animados por mais de 10 palestrantes, atrav\u00e9s de 5 palavras-chave tem\u00e1ticas: vulnerabilidade, processo sinodal, vida religiosa e sinodalidade, periferias, chamados \u00e0 transforma\u00e7\u00e3o.\u00a0O evento ser\u00e1 apresentado na sexta-feira ao meio-dia na Sala de Imprensa da Santa S\u00e9 pela Irm\u00e3 Jolanta Kafka, Presidente da UISG, Irm\u00e3 Patricia Murray, Secret\u00e1ria Executiva, Irm\u00e3 Franca Zonta, Superiora Geral das Irm\u00e3s Marianistas e Irm\u00e3 Roxanne Schares, Superiora Geral das Irm\u00e3s das Escolas de Notre Dame.<\/p>\n<h2 style=\"text-align: justify;\"><b>A Assembleia um espa\u00e7o privilegiado de escuta e busca<\/b><\/h2>\n<p style=\"text-align: justify;\">&#8220;H\u00e1 muitas maneiras de tornar vis\u00edvel a sinodalidade: nossa assembleia, com seus conte\u00fados e m\u00e9todos, \u00e9 uma experi\u00eancia de sinodalidade da vida religiosa feminina&#8221;, explica a presidente da UISG sobre os temas da assembleia plen\u00e1ria. &#8220;Esperamos viver um espa\u00e7o privilegiado de escuta, de busca comum com o Esp\u00edrito Santo&#8221;. Discutiremos como estamos contribuindo para o processo sinodal da Igreja&#8221;, acrescenta, &#8220;como podemos encorajar uma escuta profunda em estilo sinodal e como entrar em uma din\u00e2mica de discernimento comum como Igreja, reconhecendo a vulnerabilidade como uma caracter\u00edstica tipicamente humana&#8221;.<\/p>\n<h2 style=\"text-align: justify;\"><b>Os n\u00fameros da Uni\u00e3o Internacional das Superioras Gerais<\/b><\/h2>\n<p style=\"text-align: justify;\">Desde 1965, a UISG tem sido um ponto de encontro para as Superioras Gerais se reunirem e criarem pontes e redes, a fim de criar novas estrat\u00e9gias e sinergias que permitam \u00e0s religiosas se comunicarem atrav\u00e9s das dist\u00e2ncias geogr\u00e1ficas e diferen\u00e7as lingu\u00edsticas e culturais, de modo a estarem em comunh\u00e3o. O organismo inclui mais de 1900 Superioras, cujas casas gerais est\u00e3o distribu\u00eddas em 97 pa\u00edses do mundo: 25 pa\u00edses na Europa, com 1046 Superioras; 16 pa\u00edses na \u00c1sia, com 184 Superioras; 30 pa\u00edses na Am\u00e9rica, com 479 Superioras; 22 pa\u00edses na \u00c1frica, com 166 Superioras; 4 pa\u00edses na Oceania, com 28 Superioras. Na Plen\u00e1ria o continente mais representado ser\u00e1 a Europa; da \u00c1frica o pa\u00eds mais representado ser\u00e1 a Rep\u00fablica Democr\u00e1tica do Congo; na \u00c1sia, \u00cdndia; na Am\u00e9rica do Norte, Estados Unidos; na Am\u00e9rica Central e do Sul, M\u00e9xico e Brasil.<\/p>\n<\/div>\n<\/div>\n","protected":false},"excerpt":{"rendered":"<p>Superioras gerais da UISG em Assembleia\u00a0 &#8220;Rumo ao caminho sinodal: partindo da nossa vulnerabilidade&#8221;: este \u00e9 o slogan da XXII Assembleia da Uni\u00e3o Internacional das Superiores Gerais (UISG) programada em Roma de 2 a 6 de maio. Os temas que envolver\u00e3o as mulheres consagradas ser\u00e3o ilustrados na sexta-feira em uma coletiva de imprensa no Vaticano [&hellip;]<\/p>\n","protected":false},"author":1,"featured_media":73532,"comment_status":"open","ping_status":"closed","sticky":false,"template":"","format":"standard","meta":{"footnotes":""},"categories":[3],"tags":[],"class_list":["post-73531","post","type-post","status-publish","format-standard","has-post-thumbnail","hentry","category-vaticano"],"_links":{"self":[{"href":"https:\/\/catolicanet.net\/wp-cnet\/wp-json\/wp\/v2\/posts\/73531","targetHints":{"allow":["GET"]}}],"collection":[{"href":"https:\/\/catolicanet.net\/wp-cnet\/wp-json\/wp\/v2\/posts"}],"about":[{"href":"https:\/\/catolicanet.net\/wp-cnet\/wp-json\/wp\/v2\/types\/post"}],"author":[{"embeddable":true,"href":"https:\/\/catolicanet.net\/wp-cnet\/wp-json\/wp\/v2\/users\/1"}],"replies":[{"embeddable":true,"href":"https:\/\/catolicanet.net\/wp-cnet\/wp-json\/wp\/v2\/comments?post=73531"}],"version-history":[{"count":1,"href":"https:\/\/catolicanet.net\/wp-cnet\/wp-json\/wp\/v2\/posts\/73531\/revisions"}],"predecessor-version":[{"id":73533,"href":"https:\/\/catolicanet.net\/wp-cnet\/wp-json\/wp\/v2\/posts\/73531\/revisions\/73533"}],"wp:featuredmedia":[{"embeddable":true,"href":"https:\/\/catolicanet.net\/wp-cnet\/wp-json\/wp\/v2\/media\/73532"}],"wp:attachment":[{"href":"https:\/\/catolicanet.net\/wp-cnet\/wp-json\/wp\/v2\/media?parent=73531"}],"wp:term":[{"taxonomy":"category","embeddable":true,"href":"https:\/\/catolicanet.net\/wp-cnet\/wp-json\/wp\/v2\/categories?post=73531"},{"taxonomy":"post_tag","embeddable":true,"href":"https:\/\/catolicanet.net\/wp-cnet\/wp-json\/wp\/v2\/tags?post=73531"}],"curies":[{"name":"wp","href":"https:\/\/api.w.org\/{rel}","templated":true}]}}