{"id":73525,"date":"2022-04-26T09:18:02","date_gmt":"2022-04-26T12:18:02","guid":{"rendered":"https:\/\/catolicanet.net\/wp-cnet\/?p=73525"},"modified":"2022-04-26T12:21:23","modified_gmt":"2022-04-26T15:21:23","slug":"sudao-do-sul-presenca-do-papa-decisiva-para-novo-acordo-de-paz","status":"publish","type":"post","link":"https:\/\/catolicanet.net\/wp-cnet\/sudao-do-sul-presenca-do-papa-decisiva-para-novo-acordo-de-paz\/","title":{"rendered":"Sud\u00e3o do Sul: presen\u00e7a do Papa, decisiva para novo acordo de paz"},"content":{"rendered":"<figure class=\"article__image\"><span class=\"didascalia_img\">Papa Francisco com os membros do Conselho das Igrejas do Sud\u00e3o do Sul em mar\u00e7o de 2019 no Vaticano\u00a0 (Vatican Media)<\/span><\/figure>\n<div class=\"article__meta audioInside\" data-mediatype=\"\">\n<div class=\"article__subTitle\" style=\"text-align: justify;\">A presen\u00e7a do Papa no Sud\u00e3o do Sul \u201caumentar\u00e1 a f\u00e9 em Deus e na encarna\u00e7\u00e3o de Cristo que entra na realidade do povo como ele \u00e9, com seus problemas&#8221;. Palavras do padre Morris Ibiko diretor da Universidade Cat\u00f3lica local que comenta o recente acordo de 3 de abril entre as fac\u00e7\u00f5es de governo na expectativa da visita de Francisco em julho deste ano<\/div>\n<div class=\"title__separator\" style=\"text-align: justify;\"><\/div>\n<div class=\"article__text \">\n<p style=\"text-align: justify;\"><b>Vatican News<\/b><\/p>\n<p style=\"text-align: justify;\">Padre Morris Ibiko, diretor do campus da Universidade Cat\u00f3lica do Sud\u00e3o do Sul em Yambio, na diocese de Tombura-Yambio, comenta o acordo alcan\u00e7ado em 3 de abril entre o Presidente do Sud\u00e3o do Sul Salva Kiir e seu vice Riek Machar com as seguintes palavras: &#8220;Nos \u00faltimos meses, estivemos muito preocupados com a volta da guerra no Sud\u00e3o do Sul, especialmente quando o Vice-Presidente Machar suspendeu sua participa\u00e7\u00e3o nas negocia\u00e7\u00f5es para a gest\u00e3o da seguran\u00e7a. Com a assinatura do acordo, a esperan\u00e7a foi restaurada e os temores diminu\u00eddos. \u00c9 claro que muitos t\u00eam d\u00favidas sobre a resili\u00eancia do novo acordo e a capacidade dos l\u00edderes pol\u00edticos de cumprir seus compromissos, mas queremos dar confian\u00e7a \u00e0s palavras proferidas e \u00e0s promessas feitas e continuar a ter esperan\u00e7a de que a guerra seja apenas uma m\u00e1 recorda\u00e7\u00e3o&#8221;.<\/p>\n<div style=\"text-align: justify;\">\n<div class=\"article__embed article__embed--unwrap article__embed--dark\">\n<div class=\"article__innerTitle\">Ou\u00e7a e compartilhe!<\/div>\n<div>\n<!--[if lt IE 9]><script>document.createElement('audio');<\/script><![endif]-->\n<audio class=\"wp-audio-shortcode\" id=\"audio-73525-1\" preload=\"none\" style=\"width: 100%;\" controls=\"controls\"><source type=\"audio\/mpeg\" src=\"https:\/\/media.vaticannews.va\/media\/audio\/s1\/2022\/04\/26\/11\/136542524_F136542524.mp3?_=1\" \/><a href=\"https:\/\/media.vaticannews.va\/media\/audio\/s1\/2022\/04\/26\/11\/136542524_F136542524.mp3\">https:\/\/media.vaticannews.va\/media\/audio\/s1\/2022\/04\/26\/11\/136542524_F136542524.mp3<\/a><\/audio>\n<\/div>\n<\/div>\n<\/div>\n<h2 style=\"text-align: justify;\"><b>O pacto<\/b><\/h2>\n<p style=\"text-align: justify;\">O pacto prev\u00ea a unifica\u00e7\u00e3o do comando das for\u00e7as de seguran\u00e7a no que muitos veem como um passo decisivo, embora n\u00e3o definitivo, para assegurar o fr\u00e1gil processo de paz. Segundo o acordo, os cargos de lideran\u00e7a no ex\u00e9rcito, na pol\u00edcia e nas for\u00e7as de seguran\u00e7a nacional ser\u00e3o ocupados pela fac\u00e7\u00e3o do presidente em 60% e os do vice em 40%.<\/p>\n<h2 style=\"text-align: justify;\"><b>Fator Francisco nos acordos\u00a0<\/b><\/h2>\n<p style=\"text-align: justify;\">&#8220;Acredito que o an\u00fancio feito h\u00e1 algumas semanas da visita do Papa ao Sud\u00e3o do Sul&#8221;, continua o sacerdote, &#8220;tenha desempenhado um papel importante na aproxima\u00e7\u00e3o das partes e na volta \u00e0s negocia\u00e7\u00f5es para encontrar um acordo&#8221;. O gesto altamente simb\u00f3lico do Papa beijando os p\u00e9s desses dois l\u00edderes na P\u00e1scoa, exatamente tr\u00eas anos atr\u00e1s no Vaticano, e o apelo que se seguiu, tamb\u00e9m deixaram uma marca indel\u00e9vel na lideran\u00e7a pol\u00edtica de nosso pa\u00eds.\u00a0Estou certo de que os l\u00edderes das fac\u00e7\u00f5es disseram uns aos outros que n\u00e3o poderiam receber o Papa em julho em um pa\u00eds em guerra: o que lhe dir\u00edamos, como responder\u00edamos \u00e0s suas perguntas? Estas, na minha opini\u00e3o, foram as preocupa\u00e7\u00f5es que, de alguma forma, os ajudaram a chegar a um entendimento. Em Roma eles reiteraram que reconheciam no Papa um pai, e o Presidente que professa ser cat\u00f3lico, sentiram que n\u00e3o podiam desapont\u00e1-lo. Aqui pensamos que o fator Francisco tenha sido algo que contribuiu de forma decisiva. Da mesma forma, o apelo dos l\u00edderes das Igrejas \u00e0s consci\u00eancias para que sejam coerentes e pensem no sofrimento do povo tamb\u00e9m desempenhou um papel importante: a voz e as ora\u00e7\u00f5es das Igrejas est\u00e3o dando frutos, e isto nos d\u00e1 esperan\u00e7a&#8221;.<\/p>\n<h2 style=\"text-align: justify;\"><b>A visita do Papa<\/b><\/h2>\n<p style=\"text-align: justify;\">No in\u00edcio de julho, o Papa estar\u00e1 na capital Juba. A popula\u00e7\u00e3o se prepara para receb\u00ea-lo com grandes expectativas: &#8220;H\u00e1 uma grande expectativa &#8211; observa o Padre Ibiko &#8211; o povo espera que o Papa traga paz definitiva ao Sud\u00e3o do Sul e abra uma nova era. Francisco ama muito nosso pa\u00eds, dizem os sudaneses: temos pouco poder, o que podemos fazer? Apenas clamar a Deus. Mas a visita do Papa \u00e9 um desejo dos crentes que se torna realidade. H\u00e1 muito tempo ele queria vir, mas sua viagem foi sempre adiada por raz\u00f5es de seguran\u00e7a. \u00c9 muito significativo, na minha opini\u00e3o, que ele finalmente tenha decidido vir e parar de adiar, apesar de a seguran\u00e7a ainda n\u00e3o estar 100% garantida e a situa\u00e7\u00e3o ainda n\u00e3o estar est\u00e1vel. Isto enche as mentes e os l\u00e1bios de admira\u00e7\u00e3o, \u00e9 como uma encarna\u00e7\u00e3o nos problemas reais das pessoas. Ele aumentar\u00e1 a f\u00e9 em Deus e na encarna\u00e7\u00e3o de Cristo que entra na realidade do povo como ele \u00e9, com seus problemas&#8221;.<\/p>\n<p style=\"text-align: justify;\">(<i>com Fides<\/i>)<\/p>\n<\/div>\n<\/div>\n","protected":false},"excerpt":{"rendered":"<p>Papa Francisco com os membros do Conselho das Igrejas do Sud\u00e3o do Sul em mar\u00e7o de 2019 no Vaticano\u00a0 (Vatican Media) A presen\u00e7a do Papa no Sud\u00e3o do Sul \u201caumentar\u00e1 a f\u00e9 em Deus e na encarna\u00e7\u00e3o de Cristo que entra na realidade do povo como ele \u00e9, com seus problemas&#8221;. Palavras do padre Morris [&hellip;]<\/p>\n","protected":false},"author":1,"featured_media":73526,"comment_status":"open","ping_status":"closed","sticky":false,"template":"","format":"standard","meta":{"footnotes":""},"categories":[13,3],"tags":[],"class_list":["post-73525","post","type-post","status-publish","format-standard","has-post-thumbnail","hentry","category-featured","category-vaticano"],"_links":{"self":[{"href":"https:\/\/catolicanet.net\/wp-cnet\/wp-json\/wp\/v2\/posts\/73525","targetHints":{"allow":["GET"]}}],"collection":[{"href":"https:\/\/catolicanet.net\/wp-cnet\/wp-json\/wp\/v2\/posts"}],"about":[{"href":"https:\/\/catolicanet.net\/wp-cnet\/wp-json\/wp\/v2\/types\/post"}],"author":[{"embeddable":true,"href":"https:\/\/catolicanet.net\/wp-cnet\/wp-json\/wp\/v2\/users\/1"}],"replies":[{"embeddable":true,"href":"https:\/\/catolicanet.net\/wp-cnet\/wp-json\/wp\/v2\/comments?post=73525"}],"version-history":[{"count":1,"href":"https:\/\/catolicanet.net\/wp-cnet\/wp-json\/wp\/v2\/posts\/73525\/revisions"}],"predecessor-version":[{"id":73527,"href":"https:\/\/catolicanet.net\/wp-cnet\/wp-json\/wp\/v2\/posts\/73525\/revisions\/73527"}],"wp:featuredmedia":[{"embeddable":true,"href":"https:\/\/catolicanet.net\/wp-cnet\/wp-json\/wp\/v2\/media\/73526"}],"wp:attachment":[{"href":"https:\/\/catolicanet.net\/wp-cnet\/wp-json\/wp\/v2\/media?parent=73525"}],"wp:term":[{"taxonomy":"category","embeddable":true,"href":"https:\/\/catolicanet.net\/wp-cnet\/wp-json\/wp\/v2\/categories?post=73525"},{"taxonomy":"post_tag","embeddable":true,"href":"https:\/\/catolicanet.net\/wp-cnet\/wp-json\/wp\/v2\/tags?post=73525"}],"curies":[{"name":"wp","href":"https:\/\/api.w.org\/{rel}","templated":true}]}}