{"id":73465,"date":"2022-04-13T09:12:40","date_gmt":"2022-04-13T12:12:40","guid":{"rendered":"https:\/\/catolicanet.net\/wp-cnet\/?p=73465"},"modified":"2022-04-13T18:00:14","modified_gmt":"2022-04-13T21:00:14","slug":"o-papel-da-igreja-no-mundo-da-educacao-e-tema-do-terceiro-webinar-da-serie-especial-sobre-a-cf-2022-nesta-quarta-feira-as-15h","status":"publish","type":"post","link":"https:\/\/catolicanet.net\/wp-cnet\/o-papel-da-igreja-no-mundo-da-educacao-e-tema-do-terceiro-webinar-da-serie-especial-sobre-a-cf-2022-nesta-quarta-feira-as-15h\/","title":{"rendered":"\u201cO PAPEL DA IGREJA NO MUNDO DA EDUCA\u00c7\u00c3O\u201d \u00c9 TEMA DO TERCEIRO WEBINAR DA S\u00c9RIE ESPECIAL SOBRE A CF 2022, NESTA QUARTA-FEIRA, \u00c0S 15H"},"content":{"rendered":"<p style=\"text-align: justify;\">A Comiss\u00e3o para Cultura e Educa\u00e7\u00e3o da Confer\u00eancia Nacional dos Bispos do Brasil (CNBB) realiza nesta quarta-feira, 13 de mar\u00e7o, \u00e0s 15h, o terceiro webinar da s\u00e9rie especial sobre a Campanha da Fraternidade 2022, que este ano tem como tema\u00a0<strong><em>\u2018Fraternidade e Educa\u00e7\u00e3o\u2019<\/em><\/strong>\u00a0e o Lema:\u00a0<strong><em>\u2018Fala com sabedoria, ensina com amor\u2019,\u00a0<\/em><\/strong>(Cf Pr. 31,26).<\/p>\n<p style=\"text-align: justify;\"><img loading=\"lazy\" decoding=\"async\" class=\"wp-image-867479 alignleft lazyloaded\" src=\"https:\/\/eadn-wc02-718006.nxedge.io\/cdn\/wp-content\/uploads\/2022\/04\/WhatsApp-Image-2022-04-12-at-16.15.45.jpeg\" sizes=\"auto, (max-width: 401px) 100vw, 401px\" srcset=\"https:\/\/eadn-wc02-718006.nxedge.io\/cdn\/wp-content\/uploads\/2022\/04\/WhatsApp-Image-2022-04-12-at-16.15.45.jpeg 1081w, https:\/\/eadn-wc02-718006.nxedge.io\/cdn\/wp-content\/uploads\/2022\/04\/WhatsApp-Image-2022-04-12-at-16.15.45-300x300.jpeg 300w, https:\/\/eadn-wc02-718006.nxedge.io\/cdn\/wp-content\/uploads\/2022\/04\/WhatsApp-Image-2022-04-12-at-16.15.45-1024x1024.jpeg 1024w, https:\/\/eadn-wc02-718006.nxedge.io\/cdn\/wp-content\/uploads\/2022\/04\/WhatsApp-Image-2022-04-12-at-16.15.45-150x150.jpeg 150w, https:\/\/eadn-wc02-718006.nxedge.io\/cdn\/wp-content\/uploads\/2022\/04\/WhatsApp-Image-2022-04-12-at-16.15.45-768x767.jpeg 768w, https:\/\/eadn-wc02-718006.nxedge.io\/cdn\/wp-content\/uploads\/2022\/04\/WhatsApp-Image-2022-04-12-at-16.15.45-800x800.jpeg 800w, https:\/\/eadn-wc02-718006.nxedge.io\/cdn\/wp-content\/uploads\/2022\/04\/WhatsApp-Image-2022-04-12-at-16.15.45-500x500.jpeg 500w\" alt=\"\" width=\"401\" height=\"400\" data-srcset=\"https:\/\/eadn-wc02-718006.nxedge.io\/cdn\/wp-content\/uploads\/2022\/04\/WhatsApp-Image-2022-04-12-at-16.15.45.jpeg 1081w, https:\/\/eadn-wc02-718006.nxedge.io\/cdn\/wp-content\/uploads\/2022\/04\/WhatsApp-Image-2022-04-12-at-16.15.45-300x300.jpeg 300w, https:\/\/eadn-wc02-718006.nxedge.io\/cdn\/wp-content\/uploads\/2022\/04\/WhatsApp-Image-2022-04-12-at-16.15.45-1024x1024.jpeg 1024w, https:\/\/eadn-wc02-718006.nxedge.io\/cdn\/wp-content\/uploads\/2022\/04\/WhatsApp-Image-2022-04-12-at-16.15.45-150x150.jpeg 150w, https:\/\/eadn-wc02-718006.nxedge.io\/cdn\/wp-content\/uploads\/2022\/04\/WhatsApp-Image-2022-04-12-at-16.15.45-768x767.jpeg 768w, https:\/\/eadn-wc02-718006.nxedge.io\/cdn\/wp-content\/uploads\/2022\/04\/WhatsApp-Image-2022-04-12-at-16.15.45-800x800.jpeg 800w, https:\/\/eadn-wc02-718006.nxedge.io\/cdn\/wp-content\/uploads\/2022\/04\/WhatsApp-Image-2022-04-12-at-16.15.45-500x500.jpeg 500w\" data-src=\"https:\/\/eadn-wc02-718006.nxedge.io\/cdn\/wp-content\/uploads\/2022\/04\/WhatsApp-Image-2022-04-12-at-16.15.45.jpeg\" data-sizes=\"(max-width: 401px) 100vw, 401px\" \/>A conversa desta quarta-feira girar\u00e1 em torno do tema:\u00a0<strong>\u2018O papel da Igreja no mundo da educa\u00e7\u00e3o\u2019.\u00a0<\/strong>O gerente da c\u00e2mara de ensino superior da Associa\u00e7\u00e3o Nacional de Educa\u00e7\u00e3o Cat\u00f3lica (Anec), Gregory Rial, e a reitora da Universidade Cat\u00f3lica de Salvador, professora Silvana S\u00e1 de Carvalho s\u00e3o os convidados desta edi\u00e7\u00e3o.<\/p>\n<p style=\"text-align: justify;\">A media\u00e7\u00e3o ser\u00e1 do assessor do Setor Ensino Religioso da Comiss\u00e3o para Cultura e Educa\u00e7\u00e3o da CNBB, padre Eduardo Rocha. A transmiss\u00e3o ao vivo, \u00e0s 15h, pelo canal da CNBB no Youtube. Esse \u00e9 o pen\u00faltimo webinar sobre educa\u00e7\u00e3o da s\u00e9rie sobre a CF 202. O objetivo da s\u00e9rie \u00e9 dar visibilidade \u00e0s tem\u00e1ticas propostas e aprofundadas no texto-base da campanha deste ano.<\/p>\n<p style=\"text-align: justify;\"><strong>Acompanhe aqui:<\/strong><\/p>\n<div class=\"ast-oembed-container\" style=\"text-align: justify;\">\n<p><iframe loading=\"lazy\" title=\"#CF2022 | Webinar 3 - Pastoral da Educa\u00e7\u00e3o\" width=\"696\" height=\"392\" src=\"https:\/\/www.youtube.com\/embed\/dns8n0gNZrs?feature=oembed\" frameborder=\"0\" allow=\"accelerometer; autoplay; clipboard-write; encrypted-media; gyroscope; picture-in-picture\" allowfullscreen><\/iframe><\/p>\n<\/div>\n<h3 style=\"text-align: justify;\">\u00daltimo webinar da s\u00e9rie<\/h3>\n<p style=\"text-align: justify;\">Na pr\u00f3xima quarta-feira, 25 de abril, \u00e0s 15h, a tem\u00e1tica ser\u00e1:\u00a0<em>\u2018Desafios da Educa\u00e7\u00e3o no Brasil: O papel da sociedade e do Estado no processo educativo\u2019<\/em>\u00a0e contar\u00e1 com a participa\u00e7\u00e3o do presidente da Sociedade Brasileira de Cientistas Cat\u00f3licos (SBCC), professor Everthon Oliveira, e da Coordenadora da Pastoral da Educa\u00e7\u00e3o do Regional Norte 2 da CNBB, professora Ladyanne Souza. A media\u00e7\u00e3o ser\u00e1 do assessor da Comiss\u00e3o para Cultura e Educa\u00e7\u00e3o da CNBB e secret\u00e1rio-executivo do Instituto Nacional de Pastoral Padre Alberto Antoniazzi (Inapaz), padre Danilo Pinto. A transmiss\u00e3o ser\u00e1 pelo canal da CNBB no Youtube.<\/p>\n<h3 style=\"text-align: justify;\">A CF 2022<\/h3>\n<p style=\"text-align: justify;\">Essa \u00e9 a terceira vez que a tem\u00e1tica da educa\u00e7\u00e3o ser\u00e1 abordada na Campanha da Fraternidade. O tema j\u00e1 foi objeto de reflex\u00e3o e a\u00e7\u00e3o eclesial em 1982 e 1998. De acordo com a introdu\u00e7\u00e3o do texto-base, foi\u00a0<em>\u201ca realidade de nossos dias que fez com que o tema educa\u00e7\u00e3o recebesse destaque, um tempo marcado pela pandemia da Covid-19 e por diversos conflitos, distanciamentos e polariza\u00e7\u00f5es\u201d<\/em>.<\/p>\n<p style=\"text-align: justify;\">A CF 2022 \u00e9 impulsionada pelo Pacto Educativo Global, convocado pelo Papa Francisco. Na carta convoca\u00e7\u00e3o ao Pacto, o Santo Padre apresenta elementos constitutivos de uma educa\u00e7\u00e3o humanizada que contribua na forma\u00e7\u00e3o de pessoas abertas, integradas e interligadas, que tamb\u00e9m sejam capazes de cuidar da casa comum j\u00e1 que a \u201ceduca\u00e7\u00e3o ser\u00e1 ineficaz e os seus esfor\u00e7os est\u00e9reis se n\u00e3o se preocupar tamb\u00e9m em difundir um novo modelo relativo ao ser humano, \u00e0 vida, \u00e0 sociedade e \u00e0 rela\u00e7\u00e3o com a natureza\u201d, conforme explicitado na Enc\u00edclica Laudato Si\u2019, 2016, n\u00ba 215.<\/p>\n","protected":false},"excerpt":{"rendered":"<p>A Comiss\u00e3o para Cultura e Educa\u00e7\u00e3o da Confer\u00eancia Nacional dos Bispos do Brasil (CNBB) realiza nesta quarta-feira, 13 de mar\u00e7o, \u00e0s 15h, o terceiro webinar da s\u00e9rie especial sobre a Campanha da Fraternidade 2022, que este ano tem como tema\u00a0\u2018Fraternidade e Educa\u00e7\u00e3o\u2019\u00a0e o Lema:\u00a0\u2018Fala com sabedoria, ensina com amor\u2019,\u00a0(Cf Pr. 31,26). A conversa desta quarta-feira [&hellip;]<\/p>\n","protected":false},"author":1,"featured_media":73466,"comment_status":"open","ping_status":"closed","sticky":false,"template":"","format":"standard","meta":{"footnotes":""},"categories":[7],"tags":[],"class_list":["post-73465","post","type-post","status-publish","format-standard","has-post-thumbnail","hentry","category-cnbb"],"_links":{"self":[{"href":"https:\/\/catolicanet.net\/wp-cnet\/wp-json\/wp\/v2\/posts\/73465","targetHints":{"allow":["GET"]}}],"collection":[{"href":"https:\/\/catolicanet.net\/wp-cnet\/wp-json\/wp\/v2\/posts"}],"about":[{"href":"https:\/\/catolicanet.net\/wp-cnet\/wp-json\/wp\/v2\/types\/post"}],"author":[{"embeddable":true,"href":"https:\/\/catolicanet.net\/wp-cnet\/wp-json\/wp\/v2\/users\/1"}],"replies":[{"embeddable":true,"href":"https:\/\/catolicanet.net\/wp-cnet\/wp-json\/wp\/v2\/comments?post=73465"}],"version-history":[{"count":1,"href":"https:\/\/catolicanet.net\/wp-cnet\/wp-json\/wp\/v2\/posts\/73465\/revisions"}],"predecessor-version":[{"id":73467,"href":"https:\/\/catolicanet.net\/wp-cnet\/wp-json\/wp\/v2\/posts\/73465\/revisions\/73467"}],"wp:featuredmedia":[{"embeddable":true,"href":"https:\/\/catolicanet.net\/wp-cnet\/wp-json\/wp\/v2\/media\/73466"}],"wp:attachment":[{"href":"https:\/\/catolicanet.net\/wp-cnet\/wp-json\/wp\/v2\/media?parent=73465"}],"wp:term":[{"taxonomy":"category","embeddable":true,"href":"https:\/\/catolicanet.net\/wp-cnet\/wp-json\/wp\/v2\/categories?post=73465"},{"taxonomy":"post_tag","embeddable":true,"href":"https:\/\/catolicanet.net\/wp-cnet\/wp-json\/wp\/v2\/tags?post=73465"}],"curies":[{"name":"wp","href":"https:\/\/api.w.org\/{rel}","templated":true}]}}