{"id":73397,"date":"2022-04-11T09:42:55","date_gmt":"2022-04-11T12:42:55","guid":{"rendered":"https:\/\/catolicanet.net\/wp-cnet\/?p=73397"},"modified":"2022-04-11T12:48:57","modified_gmt":"2022-04-11T15:48:57","slug":"via-sacra-no-coliseu-familias-rezam-pela-paz-na-russia-e-ucrania","status":"publish","type":"post","link":"https:\/\/catolicanet.net\/wp-cnet\/via-sacra-no-coliseu-familias-rezam-pela-paz-na-russia-e-ucrania\/","title":{"rendered":"Via-Sacra no Coliseu, fam\u00edlias rezam pela paz na R\u00fassia e Ucr\u00e2nia"},"content":{"rendered":"<div class=\"article__subTitle\" style=\"text-align: justify;\">Hist\u00f3rias, alegrias e dificuldades de muitas fam\u00edlias nas 14 esta\u00e7\u00f5es do rito da Sexta-feira Santa com o Papa Francisco. No Ano da Fam\u00edlia &#8220;Amoris Laetitia&#8221;, as medita\u00e7\u00f5es contam partes de vida cotidiana, mas tamb\u00e9m a guerra no Leste Europeu e a dureza da vida dos imigrantes nos pa\u00edses de acolhimento.<\/div>\n<div class=\"title__separator\" style=\"text-align: justify;\"><\/div>\n<div class=\"article__text \">\n<p style=\"text-align: justify;\"><b>Tiziana Campisi \u2013 Vatican News<\/b><\/p>\n<p style=\"text-align: justify;\">H\u00e1 fam\u00edlias em seu cotidiano, as alegrias do amor compartilhado, os problemas do casal, as preocupa\u00e7\u00f5es com os filhos, o sofrimento das doen\u00e7as, a dor pela perda do c\u00f4njuge nas medita\u00e7\u00f5es da Via-Sacra. H\u00e1 quem vive a guerra, como os povos ucraniano e russo h\u00e1 mais de um m\u00eas, protagonistas de um conflito que continua causando mortes atrozes, ou quem teve que enfrentar o distanciamento de seu pa\u00eds para buscar um futuro em outro lugar e sofre por ser chamado apenas de migrante. Hist\u00f3rias reais e concretas. A Paix\u00e3o que ser\u00e1 contada no Coliseu, na Sexta-feira Santa, \u00e9 a de Cristo, mas encarnada na vida quotidiana de muitos lares. Vibram de vida os textos escritos por um casal de jovens esposos (I esta\u00e7\u00e3o), por uma fam\u00edlia em miss\u00e3o (II), por esposos idosos sem filhos (III), por uma fam\u00edlia numerosa (IV), por uma fam\u00edlia com um filho com defici\u00eancia (V), por uma fam\u00edlia que administra uma casa-fam\u00edlia (VI), por uma fam\u00edlia com pai doente (VII), por um casal de av\u00f3s (VIII), por uma fam\u00edlia adotiva (IX), por uma vi\u00fava com filhos (X), por uma fam\u00edlia com um filho consagrado (XI), por uma fam\u00edlia que perdeu uma filha (XII), por uma fam\u00edlia ucraniana e uma fam\u00edlia russa (XIII) e por uma fam\u00edlia migrante (XIV).<\/p>\n<div style=\"text-align: justify;\">\n<div class=\"article__embed article__embed--unwrap article__embed--dark\">\n<div class=\"article__innerTitle\">Ou\u00e7a e compartilhe<\/div>\n<div>\n<!--[if lt IE 9]><script>document.createElement('audio');<\/script><![endif]-->\n<audio class=\"wp-audio-shortcode\" id=\"audio-73397-1\" preload=\"none\" style=\"width: 100%;\" controls=\"controls\"><source type=\"audio\/mpeg\" src=\"https:\/\/media.vaticannews.va\/media\/audio\/s1\/2022\/04\/11\/15\/136509858_F136509858.mp3?_=1\" \/><a href=\"https:\/\/media.vaticannews.va\/media\/audio\/s1\/2022\/04\/11\/15\/136509858_F136509858.mp3\">https:\/\/media.vaticannews.va\/media\/audio\/s1\/2022\/04\/11\/15\/136509858_F136509858.mp3<\/a><\/audio>\n<\/div>\n<\/div>\n<\/div>\n<h2 style=\"text-align: justify;\">As fam\u00edlias protagonistas no Ano da Fam\u00edlia &#8216;Amoris Laetitia&#8217;<\/h2>\n<p style=\"text-align: justify;\">O Papa Francisco quis que as fam\u00edlias fossem protagonistas das 14 esta\u00e7\u00f5es no ano dedicado \u00e0 fam\u00edlia, com o qual a Igreja celebra os cinco anos da exorta\u00e7\u00e3o apost\u00f3lica Amoris Laetitia; um ano que terminar\u00e1 com o d\u00e9cimo Encontro Mundial das Fam\u00edlias, que se realizar\u00e1 em Roma, de 22 a 26 de junho. Os testemunhos, colocados ao lado do percurso de Jesus rumo ao Calv\u00e1rio, que descrevem momentos de vida em que se encontram muitas fam\u00edlias, foram recolhidos por Gigi De Palo, presidente nacional do F\u00f3rum das Associa\u00e7\u00f5es Familiares e da Funda\u00e7\u00e3o para a Natalidade, e por sua esposa Anna Chiara Gambini, autores de uma medita\u00e7\u00e3o. Ser\u00e3o as mesmas fam\u00edlias que contar\u00e3o suas hist\u00f3rias nas medita\u00e7\u00f5es que tamb\u00e9m carregar\u00e3o a Cruz no Anfiteatro Fl\u00e1vio, onde a cristandade se reunir\u00e1 na noite do sil\u00eancio, em mem\u00f3ria da crucifica\u00e7\u00e3o e morte de Jesus que pareceu extinguir nos disc\u00edpulos a esperan\u00e7a acendida pela Boa Nova.<\/p>\n<h2 style=\"text-align: justify;\">Um matrim\u00f4nio no in\u00edcio e um casal em miss\u00e3o<\/h2>\n<p style=\"text-align: justify;\">Com Jesus, o percurso das fam\u00edlias \u00e9 um verdadeiro percurso nas esta\u00e7\u00f5es da vida, ainda que as 14 esta\u00e7\u00f5es n\u00e3o reflitam plenamente o elenco usado pela Tradi\u00e7\u00e3o. Mas sabe-se que, na hist\u00f3ria da devo\u00e7\u00e3o, os nomes, e \u00e0s vezes os n\u00fameros, das esta\u00e7\u00f5es tiveram esquemas diferentes. A Via Dolorosa ser\u00e1 aberta por um casal com apenas dois anos de matrim\u00f4nio. Em suas reflex\u00f5es h\u00e1 felicidade pelo caminho percorrido, mas tamb\u00e9m h\u00e1 medo e incerteza em rela\u00e7\u00e3o ao futuro: o medo de uma separa\u00e7\u00e3o, porque aconteceu com muitos esposos, as incompreens\u00f5es no di\u00e1logo, a dificuldade de chegar ao fim do m\u00eas. Nas medita\u00e7\u00f5es h\u00e1 tamb\u00e9m os dias de uma fam\u00edlia em miss\u00e3o que quis levar o amor de Cristo a lugares onde ainda n\u00e3o \u00e9 conhecido, mas que vive com a ang\u00fastia de viver uma vida prec\u00e1ria, longe de suas origens. \u201cN\u00e3o \u00e9 f\u00e1cil viver apenas da f\u00e9 e da caridade, porque muitas vezes n\u00e3o conseguimos nos entregar totalmente \u00e0 Provid\u00eancia. E \u00e0s vezes, diante da dor e do sofrimento de uma m\u00e3e que morre no parto e ainda mais sob as bombas, ou de uma fam\u00edlia destru\u00edda pela guerra ou pela fome e pelo abuso, vem a tenta\u00e7\u00e3o de responder com a espada, fugir\u2026 Mas seria trair os nossos irm\u00e3os mais pobres, que s\u00e3o a vossa carne no mundo e que nos lembram que Tu \u00e9s o Vivente\u201d, l\u00ea-se segunda esta\u00e7\u00e3o.<\/p>\n<h2 style=\"text-align: justify;\">Filhos<\/h2>\n<p style=\"text-align: justify;\">E h\u00e1 casais que n\u00e3o conseguem ter filhos, que continuam andando todos os dias de m\u00e3os dadas, cuidando dos outros, que com o tempo se tornaram casa e fam\u00edlia. Assim como aqueles c\u00f4njuges que mudaram seus sonhos profissionais por causa dos filhos, com medo de negar tudo, como Pietro; com &#8220;a ang\u00fastia e a tenta\u00e7\u00e3o do arrependimento diante de mais uma despesa inesperada&#8221;. Mas se n\u00e3o foi f\u00e1cil sacrificar os velhos desejos para a fam\u00edlia, &#8220;\u00e9 infinitamente mais bonito assim&#8221;. Para quem tem um filho deficiente, no entanto, a cruz \u00e9 o julgamento das pessoas que definem essa prole diferente como um peso. Mas o que se aprende \u00e9 que \u201ca defici\u00eancia n\u00e3o \u00e9 uma ostenta\u00e7\u00e3o nem um r\u00f3tulo, mas a veste de uma alma que muitas vezes prefere ficar calada diante de julgamentos injustos, n\u00e3o por vergonha, mas por miseric\u00f3rdia para com quem julga\u201d. \u201cJesus \u00e9 flagelado e coroado de espinhos\u201d, lembra a VI esta\u00e7\u00e3o meditada por dois c\u00f4njuges com 42 anos de matrim\u00f4nio, 3 filhos naturais, 9 netos e 5 filhos adotivos n\u00e3o autossuficientes com problemas ps\u00edquicos. &#8220;N\u00e3o merecemos tal b\u00ean\u00e7\u00e3o da vida&#8221;, escrevem. &#8220;Para quem cr\u00ea que n\u00e3o \u00e9 humano deixar quem sofre sozinho, o Esp\u00edrito Santo se move no \u00edntimo da vontade de agir e n\u00e3o ficar indiferente, estranhos&#8221;, explicam, acrescentando que &#8220;a dor traz de volta ao essencial, ordena as prioridades da vida e restaura a simplicidade da dignidade humana&#8221;. E quem \u00e9 o protagonista de uma ado\u00e7\u00e3o revela, ao contr\u00e1rio, que o assumir, &#8220;pais e filhos&#8221;, daquela cruz que \u00e9 a hist\u00f3ria de uma vida marcada pelo abandono, curada pelo acolhimento, esconde um segredo de felicidade. Na d\u00e9cima primeira esta\u00e7\u00e3o, \u201cJesus promete o Reino ao bom ladr\u00e3o\u201d. Definem-se malfeitores, dois pais que inicialmente n\u00e3o aceitaram a escolha do sacerd\u00f3cio de seu filho. Depois, a consci\u00eancia de ter cometido um erro, combatendo essa voca\u00e7\u00e3o de v\u00e1rias maneiras, e a confiss\u00e3o a Deus: \u201cN\u00f3s somos um barco e Tu \u00e9s o mar. N\u00f3s somos uma fa\u00edsca e Tu \u00e9s o fogo. E depois, como o bom ladr\u00e3o, tamb\u00e9m n\u00f3s te pedimos que te lembres de n\u00f3s quando entrares no teu Reino\u201d.<\/p>\n<h2 style=\"text-align: justify;\">Os fardos dos av\u00f3s e fam\u00edlias desfeitas<\/h2>\n<p style=\"text-align: justify;\">No caminho para o G\u00f3lgota, h\u00e1 tamb\u00e9m a hist\u00f3ria de um marido que enfrenta a doen\u00e7a da esposa, uma cruz inesperada, como aquela carregada por Jesus, que perturbou o equil\u00edbrio familiar, mas que fez florescer muitas ajudas. Tamb\u00e9m se descrevem dois av\u00f3s aposentados, que sonhavam com uma terceira idade tranquila, mas que t\u00eam que ajudar as fam\u00edlias de suas filhas em dificuldade e cuidar de seus netos. &#8220;Carregados com uma cruz&#8221;, eles tamb\u00e9m reconhecem um dom, por\u00e9m, o de &#8220;ser &#8216;oxig\u00eanio&#8217; para as fam\u00edlias&#8221; de seus filhos, porque &#8220;nunca se deixa de ser papai e mam\u00e3e&#8221;. Uma m\u00e3e solteira com 2 filhos, afirma que &#8220;debaixo da cruz cada fam\u00edlia, mesmo a mais desigual, a mais dolorosa, a mais estranha, a mais incompleta, encontra o seu significado profundo&#8221;, descobrindo o amor do Criador, o dos irm\u00e3os e &#8220;de uma Igreja que, com todos os seus defeitos, estende a m\u00e3o&#8221;. Assim como uma mulher que perdeu o marido e a filha, apesar dos questionamentos decorrentes da dor, v\u00ea sua cruz \u201chabitada pelo Senhor\u201d e ainda se v\u00ea como fam\u00edlia, identificando-se com Maria aos p\u00e9s de Jesus.<\/p>\n<h2 style=\"text-align: justify;\">Guerra na Ucr\u00e2nia<\/h2>\n<p style=\"text-align: justify;\">As duas \u00faltimas esta\u00e7\u00f5es da Via-Sacra s\u00e3o narra\u00e7\u00f5es desses dias. Uma fam\u00edlia ucraniana e uma fam\u00edlia russa tra\u00e7am tudo o que a guerra muda, &#8220;a exist\u00eancia, os dias, a neve despreocupada do inverno, pegar os filhos na escola, o trabalho, os abra\u00e7os, as amizades&#8221;. Rezam a Deus em l\u00e1grimas e dizem que raiva &#8220;deu lugar \u00e0 resigna\u00e7\u00e3o&#8221;, e se desesperam porque n\u00e3o podem mais sentir o amor do Todo-Poderoso. S\u00e3o conscientes da dificuldade da reconcilia\u00e7\u00e3o, invocam o Senhor para que fale &#8220;no sil\u00eancio da morte e da divis\u00e3o&#8221;, ensinando &#8220;a fazer as pazes, a ser irm\u00e3os e irm\u00e3s, a reconstruir o que as bombas queriam aniquilar&#8221;.<\/p>\n<h2 style=\"text-align: justify;\">As esperan\u00e7as dos migrantes<\/h2>\n<p style=\"text-align: justify;\">Por fim, uma fam\u00edlia imigrante confessa, ap\u00f3s viagens dif\u00edceis, ser vista como um peso no pa\u00eds que a hospeda. &#8220;Aqui somos n\u00fameros, categorias, simplifica\u00e7\u00f5es. No entanto, somos muito mais do que imigrantes. Somos pessoas&#8221;, l\u00ea-se entre as linhas da 14\u00aa esta\u00e7\u00e3o, &#8220;O corpo de Jesus \u00e9 colocado no sepulcro&#8221;, junto com seus sacrif\u00edcios e seu passado. N\u00e3o h\u00e1 resigna\u00e7\u00e3o em suas palavras, mas esperan\u00e7a. &#8220;Sabemos que a grande pedra na porta do sepulcro um dia ser\u00e1 rolada&#8221;, concluem, olhando para a P\u00e1scoa e para a nova vida de Cristo.<\/p>\n<\/div>\n","protected":false},"excerpt":{"rendered":"<p>Hist\u00f3rias, alegrias e dificuldades de muitas fam\u00edlias nas 14 esta\u00e7\u00f5es do rito da Sexta-feira Santa com o Papa Francisco. No Ano da Fam\u00edlia &#8220;Amoris Laetitia&#8221;, as medita\u00e7\u00f5es contam partes de vida cotidiana, mas tamb\u00e9m a guerra no Leste Europeu e a dureza da vida dos imigrantes nos pa\u00edses de acolhimento. Tiziana Campisi \u2013 Vatican News [&hellip;]<\/p>\n","protected":false},"author":1,"featured_media":73398,"comment_status":"open","ping_status":"closed","sticky":false,"template":"","format":"standard","meta":{"footnotes":""},"categories":[3],"tags":[],"class_list":["post-73397","post","type-post","status-publish","format-standard","has-post-thumbnail","hentry","category-vaticano"],"_links":{"self":[{"href":"https:\/\/catolicanet.net\/wp-cnet\/wp-json\/wp\/v2\/posts\/73397","targetHints":{"allow":["GET"]}}],"collection":[{"href":"https:\/\/catolicanet.net\/wp-cnet\/wp-json\/wp\/v2\/posts"}],"about":[{"href":"https:\/\/catolicanet.net\/wp-cnet\/wp-json\/wp\/v2\/types\/post"}],"author":[{"embeddable":true,"href":"https:\/\/catolicanet.net\/wp-cnet\/wp-json\/wp\/v2\/users\/1"}],"replies":[{"embeddable":true,"href":"https:\/\/catolicanet.net\/wp-cnet\/wp-json\/wp\/v2\/comments?post=73397"}],"version-history":[{"count":1,"href":"https:\/\/catolicanet.net\/wp-cnet\/wp-json\/wp\/v2\/posts\/73397\/revisions"}],"predecessor-version":[{"id":73399,"href":"https:\/\/catolicanet.net\/wp-cnet\/wp-json\/wp\/v2\/posts\/73397\/revisions\/73399"}],"wp:featuredmedia":[{"embeddable":true,"href":"https:\/\/catolicanet.net\/wp-cnet\/wp-json\/wp\/v2\/media\/73398"}],"wp:attachment":[{"href":"https:\/\/catolicanet.net\/wp-cnet\/wp-json\/wp\/v2\/media?parent=73397"}],"wp:term":[{"taxonomy":"category","embeddable":true,"href":"https:\/\/catolicanet.net\/wp-cnet\/wp-json\/wp\/v2\/categories?post=73397"},{"taxonomy":"post_tag","embeddable":true,"href":"https:\/\/catolicanet.net\/wp-cnet\/wp-json\/wp\/v2\/tags?post=73397"}],"curies":[{"name":"wp","href":"https:\/\/api.w.org\/{rel}","templated":true}]}}