{"id":73394,"date":"2022-04-11T09:27:12","date_gmt":"2022-04-11T12:27:12","guid":{"rendered":"https:\/\/catolicanet.net\/wp-cnet\/?p=73394"},"modified":"2022-04-11T12:36:33","modified_gmt":"2022-04-11T15:36:33","slug":"familias-russa-e-ucraniana-carregam-juntas-a-cruz-no-coliseu","status":"publish","type":"post","link":"https:\/\/catolicanet.net\/wp-cnet\/familias-russa-e-ucraniana-carregam-juntas-a-cruz-no-coliseu\/","title":{"rendered":"Fam\u00edlias russa e ucraniana carregam juntas a cruz no Coliseu"},"content":{"rendered":"<div class=\"article__subTitle\" style=\"text-align: justify;\">Entre os textos das medita\u00e7\u00f5es preparadas pelas fam\u00edlias para o rito da Sexta-feira Santa, destacam-se os depoimentos de uma enfermeira e de uma estudante pertencentes aos dois pa\u00edses em guerra, unidos por um v\u00ednculo que vai al\u00e9m do profissional.<\/div>\n<div class=\"title__separator\" style=\"text-align: justify;\"><\/div>\n<div class=\"article__text \">\n<p style=\"text-align: justify;\"><b>Amedeo Lomonaco &#8211; Cidade do Vaticano<\/b><\/p>\n<p style=\"text-align: justify;\">Entre as linhas e arcos inconfund\u00edveis do Coliseu, em um lugar onde milhares de pessoas sofreram mart\u00edrio no passado por terem permanecido fi\u00e9is a Cristo, a Cruz abra\u00e7a as dores do mundo, abalado pela pandemia e pelos conflitos.<\/p>\n<p style=\"text-align: justify;\">A guerra na Ucr\u00e2nia \u00e9 hoje uma &#8220;via dolorosa&#8221; onde a voz dolorosa das v\u00edtimas e refugiados, incluindo mulheres e crian\u00e7as, desafia o cora\u00e7\u00e3o de cada homem, especialmente daqueles que podem e devem promover a paz.<\/p>\n<h2 style=\"text-align: justify;\">A Via Sacra retorna ao Coliseu<\/h2>\n<p style=\"text-align: justify;\">Este ano a Via Sacra volta a se realizar no Coliseu. Durante dois anos, devido \u00e0 emerg\u00eancia ligada ao coronav\u00edrus, foi realizada na Pra\u00e7a de S\u00e3o Pedro.<\/p>\n<p style=\"text-align: justify;\">As medita\u00e7\u00f5es da Via Sacra 2020 foram realizadas pela par\u00f3quia da pris\u00e3o de P\u00e1dua &#8220;Due Palazzi&#8221;. Em 2021 os textos das 14 esta\u00e7\u00f5es foram preparados pelos alunos do catecismo da par\u00f3quia romana dos Santos M\u00e1rtires de Uganda e pelos escoteiros de &#8220;Foligno I&#8221;. Para a Via Sacra de 2022, na sexta-feira 15 de abril, as medita\u00e7\u00f5es foram confiadas a fam\u00edlias ligadas a comunidades cat\u00f3licas e associa\u00e7\u00f5es de voluntariado e assist\u00eancia.<\/p>\n<h2 style=\"text-align: justify;\">Juntos pela paz<\/h2>\n<p style=\"text-align: justify;\">Em nosso tempo, o caminho da Cruz de Jesus est\u00e1, portanto, entrela\u00e7ado com os caminhos dolorosos da Ucr\u00e2nia, onde as imagens arrepiantes de corpos sem vida e o drama de pessoas em fuga testemunham os horrores da guerra.<\/p>\n<p style=\"text-align: justify;\">A XIII Esta\u00e7\u00e3o ter\u00e1 a presen\u00e7a de uma fam\u00edlia russa e de uma ucraniana, ou seja, a fam\u00edlia de uma enfermeira ucraniana, Irina, do Centro de Cuidados Paliativos \u201cJuntos no cuidado\u201d da Funda\u00e7\u00e3o Hospital Universit\u00e1rio Campus Bio-Medico, em Roma. E a fam\u00edlia uma estudante russa, Albina, do Curso de Licenciatura em Enfermagem da Campus Bio-Medico University.<\/p>\n<p style=\"text-align: justify;\">As suas vozes, quotidianamente pr\u00f3ximas de quem sofre, exprimem a mesma esperan\u00e7a de paz. O mundo precisa de paz e amor.<\/p>\n<h2 style=\"text-align: justify;\">&#8220;Sou russa e amo a Ucr\u00e2nia&#8221;<\/h2>\n<p style=\"text-align: justify;\"><b>Albina, a guerra na Ucr\u00e2nia \u00e9 uma trag\u00e9dia que hoje tamb\u00e9m leva profundo sofrimento \u00e0 R\u00fassia. \u00c0 imensa dor do povo ucraniano atingido pelas bombas soma-se a de muitos soldados russos, muitas vezes muito jovens, que morreram em consequ\u00eancia do conflito. A dor das m\u00e3es, de fam\u00edlias inteiras. O povo ucraniano est\u00e1 sofrendo, o povo russo est\u00e1 sofrendo. Toda a humanidade est\u00e1 sofrendo com esta guerra&#8230;<\/b><\/p>\n<p style=\"text-align: justify;\">N\u00e3o se pode nem mesmo imaginar quantos la\u00e7os familiares existem entre os povos da Ucr\u00e2nia e da R\u00fassia: h\u00e1 muitos russos vivendo na Ucr\u00e2nia e h\u00e1 muitos ucranianos vivendo na R\u00fassia. \u00c9 uma trag\u00e9dia que afeta os dois povos. Estou certo de que nem o povo russo nem o povo russo querem esta guerra. Todo povo gostaria de uma vida normal.<\/p>\n<p style=\"text-align: justify;\"><b>Voc\u00ea chegou \u00e0 It\u00e1lia em 1998 e hoje \u00e9 aluna do terceiro ano do Curso de Licenciatura em Enfermagem do Campus Bio-Medico de Roma. Sua amizade com Irina, uma enfermeira ucraniana, \u00e9 mais forte do que qualquer l\u00f3gica divis\u00f3ria que a guerra poderia impor. Tamb\u00e9m os povos ucraniano e russo, apesar da guerra, continuam sendo povos irm\u00e3os&#8230;<\/b><\/p>\n<p style=\"text-align: justify;\">Nos conhecemos durante nosso est\u00e1gio, no ano passado, no Centro de Cuidados Paliativos &#8220;Juntos no cuidado&#8221; da Funda\u00e7\u00e3o Hospital Universit\u00e1rio Campus Bio-Medico, em Roma. Senti um grande apoio da parte dela. Neste momento, o povo de Irina precisa desse apoio. Com uma de minhas amigas, tamb\u00e9m ela ucraniana, envi\u00e1vamos ajuda a fam\u00edlias carentes antes mesmo da guerra. Agora estamos organizando um jardim de inf\u00e2ncia para ajudar fam\u00edlias refugiadas na Ucr\u00e2nia. Neste momento, muitos enfermeiros de cuidados paliativos e colegas de curso est\u00e3o ajudando a promover a coleta de material escolar, bens de primeira necessidade. Isso tamb\u00e9m destaca o qu\u00e3o \u00e9 preciosa a vida de cada pessoa para nossos profissionais de sa\u00fade. A humanidade deste departamento n\u00e3o conhece limites. E as manifesta\u00e7\u00f5es da humanidade s\u00e3o muito mais fortes do que qualquer guerra.<\/p>\n<p style=\"text-align: justify;\"><b>No seu curso de forma\u00e7\u00e3o no Campus Biom\u00e9dico voc\u00ea cuida dos mais fr\u00e1geis, dos doentes. O Papa Francisco muitas vezes denunciou a cultura do descarte que coloca os mais vulner\u00e1veis \u200b\u200b\u00e0 margem. Em vez disso, como mostra o empenho de voc\u00eas, trabalhadores da sa\u00fade, por exemplo, voc\u00eas sempre podem cuidar do outro, mesmo quando les\u00f5es e doen\u00e7as parecem tirar toda a esperan\u00e7a&#8230;<\/b><\/p>\n<p style=\"text-align: justify;\">\u00c9 preciso ajudar a todos, independentemente do pa\u00eds e da cor da pele. Sobretudo na enfermaria de cuidados paliativos se d\u00e1 muito sentido \u00e0 vida. Nossos pacientes nos ensinam muito. Este centro de cuidados paliativos visa garantir uma melhor qualidade de cuidados aos doentes em fase avan\u00e7ada da doen\u00e7a. Pode-se pensar que na fase terminal n\u00e3o h\u00e1 mais nada a ser feito. Em vez disso, h\u00e1 muito a fazer: a dor pode ser aliviada restaurando a dignidade da pessoa, colocando-a no centro. Este departamento nos ensina muito sobre o valor da vida humana.<\/p>\n<p style=\"text-align: justify;\"><b>Neste momento dram\u00e1tico que a Europa vive, voc\u00ea disse uma frase: &#8220;Sou russa e amo a Ucr\u00e2nia&#8221;. Esta frase pode idealmente ser dirigida pelo povo russo a todo o povo ucraniano &#8230;<\/b><\/p>\n<p style=\"text-align: justify;\">S\u00e3o dois pa\u00edses irm\u00e3os e acredito que em um futuro muito curto a amizade e o amor entre esses dois povos ser\u00e3o demonstrados mais de uma vez.<\/p>\n<p style=\"text-align: justify;\"><b>Pe\u00e7o-lhe que pronuncie uma palavra na sua l\u00edngua: juntos.<\/b><\/p>\n<p style=\"text-align: justify;\"><i>\u0432\u043c\u0435\u0441\u0442\u0435<\/i><\/p>\n<p style=\"text-align: justify;\"><b>O que esta palavra significa para voc\u00ea hoje em um momento em que outra l\u00f3gica parece prevalecer, aquela que gostaria de separar. Qu\u00e3o importante \u00e9 estar juntos, compartilhar especificamente suas esperan\u00e7as com Irina?<\/b><\/p>\n<p style=\"text-align: justify;\">Conversando com Irina e um amigo, falava de quanto medo ela tem em se expressar e ser entrevistada: me sinto muito mais segura e forte quando a tenho ao meu lado. Essa for\u00e7a que demos um ao outro foi um apoio moral. Este estar juntas \u00e9 muito importante para superar qualquer dificuldade. Acredito que em um futuro pr\u00f3ximo, como Irina e eu, a R\u00fassia e a Ucr\u00e2nia tamb\u00e9m aprender\u00e3o a viver em paz, a apoiar-se mutuamente. Para viver como uma fam\u00edlia. O mundo n\u00e3o precisa de guerras, mas de paz.<\/p>\n<p style=\"text-align: justify;\"><b>Esperando que este dia chegue o mais r\u00e1pido poss\u00edvel, passemos para a Sexta-feira Santa, ao rito da Via Sacra presidida pelo Papa. Nesse momento, o que voc\u00ea pedir\u00e1 ao Senhor em seu cora\u00e7\u00e3o?<\/b><\/p>\n<p style=\"text-align: justify;\">Rezo pela paz, rezo pela Ucr\u00e2nia. Rezo pelos meus parentes e que todo esse horror acabe logo. O mundo precisa de paz e amor. Esses dois povos irm\u00e3os provar\u00e3o isso.<\/p>\n<p style=\"text-align: justify;\">Rezar juntos pela paz<\/p>\n<p style=\"text-align: justify;\">\u00c0 voz de Albina soma-se a de Irina, uma enfermeira ucraniana. &#8220;Esta guerra &#8211; sublinha &#8211; est\u00e1 destruindo o que os nossos povos constru\u00edram entre tantos sacrif\u00edcios&#8221;. Ressaltando seu v\u00ednculo de amizade com sua colega russa, ela acrescenta: &#8220;Ela se sentia culpada e pedia desculpas. Eu lhe assegurei que ela n\u00e3o tinha nada a ver com tudo isso&#8221;.<\/p>\n<p style=\"text-align: justify;\"><b>Irina, a guerra em seu pa\u00eds \u00e9 uma via doloroso que nos lembra o quanto as armas trazem apenas destrui\u00e7\u00e3o, mesmo entre povos irm\u00e3os como o ucraniano e o russo. O drama da guerra semeia morte e destrui\u00e7\u00e3o mas um dia, esperamos em breve, como tamb\u00e9m disse a sua colega russa Albina, os povos da Ucr\u00e2nia e da R\u00fassia voltar\u00e3o a ser povos irm\u00e3os como eram antes do conflito&#8230;<\/b><\/p>\n<p style=\"text-align: justify;\">Esperamos isso de todo o cora\u00e7\u00e3o. Esperamos que a paz possa voltar e, sobretudo, a paz entre nossos povos. Este conflito n\u00e3o era desejado pelas pessoas. N\u00f3s somos irm\u00e3os. Somos dois povos pr\u00f3ximos com muitas coisas em comum. O que estamos vendo \u00e9 uma viol\u00eancia imensa. Temos muitas coisas em comum: fam\u00edlias, amizades. Tantas rela\u00e7\u00f5es que unem nossos povos. Esta guerra est\u00e1 destruindo o que nossos povos constru\u00edram entre tantos sacrif\u00edcios. Eu n\u00e3o acho que esta guerra possa interromper todos os relacionamentos. H\u00e1 la\u00e7os muito fortes entre n\u00f3s.<\/p>\n<p style=\"text-align: justify;\"><b>Os povos ucraniano e russo devem voltar a trilhar caminhos de fraternidade e amizade, sentimentos como aqueles que unem voc\u00ea e Albina. Suas vozes hoje se unem, elas falam juntas para cuidar dos mais fr\u00e1geis e se elevam juntas para pedir paz&#8230;<\/b><\/p>\n<p style=\"text-align: justify;\">Nossa amizade nasceu dentro do departamento de cuidados paliativos &#8220;Juntos no cuidado&#8221;. Nosso encontro aconteceu neste lugar muito delicado. Desde o primeiro momento, nosso v\u00ednculo foi muito natural. Essa amizade nasceu espontaneamente. E, portanto, toda vez que nos encontr\u00e1vamos, era uma emo\u00e7\u00e3o. Quando nos encontramos logo ap\u00f3s o in\u00edcio da guerra, Albina veio \u00e0 ala. Eu estava de plant\u00e3o. Bastava nosso olhar: nossos olhos se encheram de l\u00e1grimas. Sempre me emociono quando lembro que Albina come\u00e7ou a se desculpar. Naquele momento ele estava verdadeiramente inconsol\u00e1vel. Eu n\u00e3o podia consol\u00e1-la. Ela se sentia culpada e pedia desculpas. Assegurei-lhe que ela n\u00e3o tinha nada a ver com tudo isso.<\/p>\n<p style=\"text-align: justify;\"><b>Voc\u00ea chegou \u00e0 It\u00e1lia em 2004. Voc\u00ea \u00e9 enfermeira no Centro de Cuidados Paliativos &#8220;Juntos no cuidado&#8221; do Campus Bio-Medico de Roma. Em seu trabalho voc\u00ea enfrentou e continua enfrentando a emerg\u00eancia da Covid. E, em particular, ajuda os afetados em fase avan\u00e7ada da doen\u00e7a. O que significa estar perto dos sofrimentos de quem se encontra no momento da Cruz&#8230;<\/b><\/p>\n<p style=\"text-align: justify;\">Este momento de guerra aumenta este sofrimento. Estar ao lado de pessoas que sofrem em uma fase fr\u00e1gil de sua vida, devido a uma doen\u00e7a avan\u00e7ada, \u00e9 uma assist\u00eancia muito delicada. A pessoa que est\u00e1 nesta fase \u00e9 assistida de todos os pontos de vista. Tentamos aliviar o sofrimento, tratar a dor, dar qualidade de vida \u00e0 pessoa e sua fam\u00edlia.<\/p>\n<p style=\"text-align: justify;\"><b>O que significa a palavra &#8220;juntos&#8221; para voc\u00ea em um momento em que parece prevalecer outra l\u00f3gica, a da divis\u00e3o?<\/b><\/p>\n<p style=\"text-align: justify;\">Esta palavra \u201cjuntos\u201d tamb\u00e9m me acompanha no meu trabalho e certamente, neste momento, juntos se poderia fazer muito. A humanidade deve se unir para tentar encontrar a paz e uma solu\u00e7\u00e3o para tudo o que est\u00e1 acontecendo.<\/p>\n<p style=\"text-align: justify;\"><b>Vamos ao dia da Sexta-feira Santa, \u00e0 Via Sacra. O que voc\u00ea vai pedir a Deus naquele dia?<\/b><\/p>\n<p style=\"text-align: justify;\">Certamente rezarei de todo o cora\u00e7\u00e3o pela paz, por todos os seres humanos, por todos os que sofrem e pelas pessoas que perderam a vida sem poder ter seus entes queridos ao lado.<\/p>\n<\/div>\n","protected":false},"excerpt":{"rendered":"<p>Entre os textos das medita\u00e7\u00f5es preparadas pelas fam\u00edlias para o rito da Sexta-feira Santa, destacam-se os depoimentos de uma enfermeira e de uma estudante pertencentes aos dois pa\u00edses em guerra, unidos por um v\u00ednculo que vai al\u00e9m do profissional. Amedeo Lomonaco &#8211; Cidade do Vaticano Entre as linhas e arcos inconfund\u00edveis do Coliseu, em um [&hellip;]<\/p>\n","protected":false},"author":1,"featured_media":73395,"comment_status":"open","ping_status":"closed","sticky":false,"template":"","format":"standard","meta":{"footnotes":""},"categories":[13,3],"tags":[],"class_list":["post-73394","post","type-post","status-publish","format-standard","has-post-thumbnail","hentry","category-featured","category-vaticano"],"_links":{"self":[{"href":"https:\/\/catolicanet.net\/wp-cnet\/wp-json\/wp\/v2\/posts\/73394","targetHints":{"allow":["GET"]}}],"collection":[{"href":"https:\/\/catolicanet.net\/wp-cnet\/wp-json\/wp\/v2\/posts"}],"about":[{"href":"https:\/\/catolicanet.net\/wp-cnet\/wp-json\/wp\/v2\/types\/post"}],"author":[{"embeddable":true,"href":"https:\/\/catolicanet.net\/wp-cnet\/wp-json\/wp\/v2\/users\/1"}],"replies":[{"embeddable":true,"href":"https:\/\/catolicanet.net\/wp-cnet\/wp-json\/wp\/v2\/comments?post=73394"}],"version-history":[{"count":1,"href":"https:\/\/catolicanet.net\/wp-cnet\/wp-json\/wp\/v2\/posts\/73394\/revisions"}],"predecessor-version":[{"id":73396,"href":"https:\/\/catolicanet.net\/wp-cnet\/wp-json\/wp\/v2\/posts\/73394\/revisions\/73396"}],"wp:featuredmedia":[{"embeddable":true,"href":"https:\/\/catolicanet.net\/wp-cnet\/wp-json\/wp\/v2\/media\/73395"}],"wp:attachment":[{"href":"https:\/\/catolicanet.net\/wp-cnet\/wp-json\/wp\/v2\/media?parent=73394"}],"wp:term":[{"taxonomy":"category","embeddable":true,"href":"https:\/\/catolicanet.net\/wp-cnet\/wp-json\/wp\/v2\/categories?post=73394"},{"taxonomy":"post_tag","embeddable":true,"href":"https:\/\/catolicanet.net\/wp-cnet\/wp-json\/wp\/v2\/tags?post=73394"}],"curies":[{"name":"wp","href":"https:\/\/api.w.org\/{rel}","templated":true}]}}